{"id":309522,"date":"2025-08-10T13:58:11","date_gmt":"2025-08-10T13:58:11","guid":{"rendered":"https:\/\/www.europesays.com\/fr\/309522\/"},"modified":"2025-08-10T13:58:11","modified_gmt":"2025-08-10T13:58:11","slug":"lukraine-transforme-un-avion-agricole-en-chasseur-de-drones-russes","status":"publish","type":"post","link":"https:\/\/www.europesays.com\/fr\/309522\/","title":{"rendered":"L&rsquo;Ukraine transforme un avion agricole en chasseur de drones russes"},"content":{"rendered":"<ul class=\"jsx-862013697 ArticleChapo__List\">\n<li class=\"jsx-862013697 ArticleChapo__List_Item flex\">L&rsquo;Ukraine a mis au point une nouvelle solution pour venir \u00e0 bout des drones russes.<\/li>\n<li class=\"jsx-862013697 ArticleChapo__List_Item flex\">Des ing\u00e9nieurs ont adapt\u00e9 un avion agricole pour y ajouter des missiles.<\/li>\n<\/ul>\n<p data-module=\"article-paragraph\" class=\"jsx-3046738180 Paragraph\">La guerre en <a href=\"https:\/\/www.tf1info.fr\/international\/video-lci-on-voit-que-la-perte-territoriale-est-enorme-l-avancee-russe-en-ukraine-en-cartes-2387845.html\" target=\"_blank\" rel=\"noopener\">Ukraine <\/a>men\u00e9e par <a href=\"https:\/\/www.tf1info.fr\/international\/filtrables-triables-selectionnables-des-enfants-enleves-en-ukraine-offerts-a-l-adoption-sur-un-catalogue-en-ligne-russe-2387853.html\" target=\"_blank\" rel=\"noopener\">la Russie<\/a> est surtout une guerre technologique : les deux bellig\u00e9rants m\u00e8nent une course au drone le plus performant &#8211; ou \u00e0 l&rsquo;engin intercepteur le plus efficace. Et selon le m\u00e9dia <a href=\"https:\/\/www.opex360.com\/2025\/08\/09\/lukraine-transforme-lavion-leger-de-travail-agricole-zlin-z-137-en-chasseur-de-drones\/\" target=\"_blank\" rel=\"nofollow noopener\">Opex360 (nouvelle fen\u00eatre)<\/a>, un avion agricole a \u00e9t\u00e9 transform\u00e9 pour r\u00e9pondre aux besoins de guerre et intercepter les drones russes.<\/p>\n<p data-module=\"article-paragraph\" class=\"jsx-3046738180 Paragraph Paragraph__End\">Le Zlin Z-137 Agro Turbo est un mod\u00e8le r\u00e9cent du Zlin Z-37 Cmelak, con\u00e7u dans les ann\u00e9es 1960 en Tch\u00e9coslovaquie, explique le m\u00e9dia. Pour pouvoir abattre les engins ennemis, les ing\u00e9nieurs ukrainiens auraient int\u00e9gr\u00e9 deux missiles air-air \u00e0 guidage infrarouge Vympel R-73, d&rsquo;une port\u00e9e d&rsquo;au moins 30 kilom\u00e8tres, selon une vid\u00e9o partag\u00e9e sur le compte Telegram Tysk. L&rsquo;avion en lui-m\u00eame ne vole pas tr\u00e8s vite, environ 80 km\/h, et restent \u00e0 basse altitude. L&rsquo;objectif serait de permettre aux avions de combat de s&rsquo;adonner \u00e0 d&rsquo;autres t\u00e2ches.<\/p>\n<blockquote data-testid=\"EmbedTwitter\" id=\"tweet-1953785773087474064-:R4qcmj9n79m:\" class=\"jsx-aeff1a1c40f54d7a twitter-tweet flex justify-center items-center\"><p>Moravan Z-137 Agro Turbo turboprop aircraft, modified for R-73 air to air missile launches, was spotted in Ukraine. Most likely used to intercept Shahed kamikaze drones or reconnaissance drones.  pic.twitter.com\/mLjhkiZvIw \u2014 Special Kherson Cat \ud83d\udc08\ud83c\uddfa\ud83c\udde6 (@bayraktar_1love)  August 8, 2025<\/p><\/blockquote>\n<p><a href=\"https:\/\/www.tf1info.fr\/international\/guerre-ukraine-russie-zelensky-possible-invite-surprise-europeens-non-convies-qui-seront-les-participants-au-sommet-trump-poutine-en-alaska-le-15-aout-2387921.html\" rel=\"noopener\" class=\"jsx-3308031228 Link flex\" target=\"_blank\"><img decoding=\"async\" src=\"https:\/\/www.europesays.com\/fr\/wp-content\/uploads\/2025\/08\/trump-poutine-juillet-20218-helsinki-5af14d-0@1x.jpeg\" alt=\"Brendan Smialowski \/ AFP\" loading=\"lazy\" importance=\"low\" fetchpriority=\"low\" class=\"\" aria-hidden=\"true\"\/><\/p>\n<p class=\"jsx-3657663356 ReadMoreArticle__Title\">Lire aussi<\/p>\n<p class=\"jsx-3657663356\">Zelensky possible invit\u00e9 surprise, Europ\u00e9ens non convi\u00e9s&#8230; Qui seront les participants au sommet Trump-Poutine ?<\/p>\n<p><\/a><\/p>\n<p data-module=\"article-paragraph\" class=\"jsx-3046738180 Paragraph Paragraph__End\">Pour Gil Mihaely, directeur de la publication de la revue Conflits, \u00ab\u00a0c&rsquo;est \u00e7a le secret de l&rsquo;Ukraine\u00a0\u00bb. \u00ab\u00a0C&rsquo;est une culture beaucoup moins cloisonn\u00e9e, o\u00f9 on prend les risques\u00a0\u00bb, assure-t-il sur LCI &#8211; vid\u00e9o disponible en t\u00eate de cet article. L&rsquo;Ukraine \u00e9tant un pays agricole, \u00ab\u00a0quelqu&rsquo;un, probablement dans le priv\u00e9 ou un r\u00e9serviste\u00a0\u00bb, a s\u00fbrement remarqu\u00e9 l&rsquo;utilit\u00e9 de ces avions dont les pilotes \u00ab\u00a0savent voler entre 50 et 300 m\u00e8tres [d&rsquo;altitude], contrairement \u00e0 des pilotes de chasse qui n&rsquo;aiment pas \u00eatre \u00e0 ces niveaux-l\u00e0\u00a0\u00bb. D&rsquo;autant qu&rsquo;un avion de chasse peut aller trop vite par rapport au drone et risque d&rsquo;\u00eatre \u00ab\u00a0touch\u00e9 par les d\u00e9bris\u00a0\u00bb.<\/p>\n<p>Ga\u00eblle SHEEHAN<\/p>\n<p><script async src=\"https:\/\/platform.twitter.com\/widgets.js\" charset=\"utf-8\"><\/script><\/p>\n","protected":false},"excerpt":{"rendered":"L&rsquo;Ukraine a mis au point une nouvelle solution pour venir \u00e0 bout des drones russes. Des ing\u00e9nieurs ont&hellip;\n","protected":false},"author":2,"featured_media":309523,"comment_status":"","ping_status":"","sticky":false,"template":"","format":"standard","meta":{"footnotes":""},"categories":[1590],"tags":[1111,11,1921,5925,73,1777,674,28083,1922,12,132,220,1917,133,1920],"class_list":{"0":"post-309522","1":"post","2":"type-post","3":"status-publish","4":"format-standard","5":"has-post-thumbnail","7":"category-ukraine","8":"tag-actu","9":"tag-actualites","10":"tag-article-video","11":"tag-conflits-et-guerre","12":"tag-etats-unis","13":"tag-eu","14":"tag-europe","15":"tag-guerre-en-ukraine-une-treve-sera-t-elle-possible","16":"tag-info","17":"tag-news","18":"tag-russie","19":"tag-ukraine","20":"tag-ukraine-4-annee-de-guerre","21":"tag-video","22":"tag-video-international"},"share_on_mastodon":{"url":"https:\/\/pubeurope.com\/@fr\/115004827511913862","error":""},"_links":{"self":[{"href":"https:\/\/www.europesays.com\/fr\/wp-json\/wp\/v2\/posts\/309522","targetHints":{"allow":["GET"]}}],"collection":[{"href":"https:\/\/www.europesays.com\/fr\/wp-json\/wp\/v2\/posts"}],"about":[{"href":"https:\/\/www.europesays.com\/fr\/wp-json\/wp\/v2\/types\/post"}],"author":[{"embeddable":true,"href":"https:\/\/www.europesays.com\/fr\/wp-json\/wp\/v2\/users\/2"}],"replies":[{"embeddable":true,"href":"https:\/\/www.europesays.com\/fr\/wp-json\/wp\/v2\/comments?post=309522"}],"version-history":[{"count":0,"href":"https:\/\/www.europesays.com\/fr\/wp-json\/wp\/v2\/posts\/309522\/revisions"}],"wp:featuredmedia":[{"embeddable":true,"href":"https:\/\/www.europesays.com\/fr\/wp-json\/wp\/v2\/media\/309523"}],"wp:attachment":[{"href":"https:\/\/www.europesays.com\/fr\/wp-json\/wp\/v2\/media?parent=309522"}],"wp:term":[{"taxonomy":"category","embeddable":true,"href":"https:\/\/www.europesays.com\/fr\/wp-json\/wp\/v2\/categories?post=309522"},{"taxonomy":"post_tag","embeddable":true,"href":"https:\/\/www.europesays.com\/fr\/wp-json\/wp\/v2\/tags?post=309522"}],"curies":[{"name":"wp","href":"https:\/\/api.w.org\/{rel}","templated":true}]}}