{"id":309536,"date":"2025-08-10T14:05:13","date_gmt":"2025-08-10T14:05:13","guid":{"rendered":"https:\/\/www.europesays.com\/fr\/309536\/"},"modified":"2025-08-10T14:05:13","modified_gmt":"2025-08-10T14:05:13","slug":"lagresseur-du-maire-en-isere-un-voisin-de-60-ans-dit-avoir-pete-un-plomb","status":"publish","type":"post","link":"https:\/\/www.europesays.com\/fr\/309536\/","title":{"rendered":"L\u2019agresseur du maire en Is\u00e8re, un voisin de 60\u00a0ans, dit avoir \u00ab\u00a0p\u00e9t\u00e9 un plomb\u00a0\u00bb"},"content":{"rendered":"<p>        <img decoding=\"async\" loading=\"lazy\" src=\"https:\/\/www.europesays.com\/fr\/wp-content\/uploads\/2025\/08\/da8916b_upload-1-wld0m3f8ot1y-capture-da-a-cran-2025-08-07-130159.png\"  width=\"728\" height=\"409\" alt=\"L\u2019homme accus\u00e9 d\u2019avoir agress\u00e9 un maire en Is\u00e8re est pass\u00e9 aux aveux. (photo d\u2019illustration)\"\/>  <\/p>\n<p>Capture \u00e9cran Google maps.<\/p>\n<p>L\u2019homme accus\u00e9 d\u2019avoir agress\u00e9 un maire en Is\u00e8re est pass\u00e9 aux aveux. (photo d\u2019illustration)<\/p>\n<p class=\"asset asset-text\">FAITS-DIVERS &#8211; L\u2019affaire a suscit\u00e9 l\u2019effroi de la classe politique. L\u2019<a href=\"https:\/\/www.huffingtonpost.fr\/faits-divers\/article\/l-homme-suspecte-d-avoir-agresse-un-maire-en-isere-arrete-ce-que-l-on-sait-de-son-profil-et-ses-motivations_253407.html\" target=\"_blank\" rel=\"noopener\">homme arr\u00eat\u00e9<\/a> apr\u00e8s la violente agression du <a href=\"https:\/\/www.huffingtonpost.fr\/faits-divers\/article\/gilles-dussault-maire-de-l-isere-agresse-dans-sa-commune-et-hospitalise-en-urgence-absolue_253340.html\" target=\"_blank\" rel=\"noopener\">maire de Villeneuve-de-Marc<\/a>, en Is\u00e8re, a reconnu lui avoir port\u00e9 des coups avec de la \u00ab\u00a0ferraille\u00a0\u00bb tout en niant avoir voulu le tuer, a indiqu\u00e9 ce dimanche 10\u00a0ao\u00fbt le procureur de Grenoble.<\/p>\n<p class=\"asset asset-text\">Cet homme de 60\u00a0ans a d\u00e9clar\u00e9 aux enqu\u00eateurs avoir \u00ab\u00a0p\u00e9t\u00e9 un plomb\u00a0\u00bb \u00e0 cause d\u2019un litige l\u2019opposant au maire depuis l\u2019effondrement du toit d\u2019un b\u00e2timent municipal sur un abri de jardin lui appartenant, a rapport\u00e9 \u00c9tienne Manteaux lors d\u2019une conf\u00e9rence de presse.<\/p>\n<p class=\"asset asset-text\">Mercredi 6\u00a0ao\u00fbt dans l\u2019apr\u00e8s-midi, le maire du village Gilles Dussaut a \u00e9t\u00e9 frapp\u00e9 au thorax et au bras avec une arme blanche. Son agresseur \u00e9tait ensuite revenu avec un v\u00e9hicule qui lui avait fonc\u00e9 dessus, ainsi que sur son fils venu l\u2019assister. Les deux hommes avaient r\u00e9ussi \u00e0 l\u2019\u00e9viter et la voiture avait fini dans un mur, tandis que son conducteur prenait la fuite \u00e0 pieds, a rappel\u00e9 le magistrat.<\/p>\n<p class=\"asset asset-text\">Hospitalis\u00e9 dans un \u00e9tat critique avec des blessures au niveau de \u00ab\u00a0l\u2019aire cardiaque\u00a0\u00bb, l\u2019\u00e9dile de 63\u00a0ans est hors de danger et devrait sortir de l\u2019h\u00f4pital dans les prochains jours, a-t-il pr\u00e9cis\u00e9.<\/p>\n<p>                     \u00ab\u00a0Aucune intention d\u2019homicide\u00a0\u00bb    <\/p>\n<p class=\"asset asset-text\">Un de ses voisins a \u00e9t\u00e9 interpell\u00e9 deux jours plus tard dans des bois de la commune de Charantonnay, \u00e0 14 kilom\u00e8tres des lieux de l\u2019agression qui a \u00e9t\u00e9 vivement condamn\u00e9e, y compris par le pr\u00e9sident Emmanuel Macron.<\/p>\n<p class=\"asset asset-text\">Lors de sa garde \u00e0 vue, cet homme a reconnu avoir frapp\u00e9 le maire qui l\u2019aurait \u00ab\u00a0regard\u00e9 avec un sourire sadique\u00a0\u00bb. \u00ab\u00a0Il y a eu une rupture dans mon esprit\u00a0\u00bb, a-t-il d\u00e9clar\u00e9, tout en assurant avoir vis\u00e9 \u00ab\u00a0l\u2019omoplate\u00a0\u00bb et n\u2019avoir eu \u00ab\u00a0aucune intention d\u2019homicide\u00a0\u00bb. Il a aussi assur\u00e9 \u00eatre revenu en voiture sur les lieux pour voir ce qu\u2019il avait fait et que le maire et son fils s\u2019\u00e9taient \u00ab\u00a0jet\u00e9s\u00a0\u00bb sous son v\u00e9hicule, a rapport\u00e9 le magistrat.<\/p>\n<p class=\"asset asset-text\">Devant les enqu\u00eateurs, il a d\u00e9clar\u00e9 que \u00ab\u00a0c\u2019\u00e9tait all\u00e9 trop loin et vouloir indemniser le maire, mais il dit \u00e7a tr\u00e8s vite et se victimise\u00a0\u00bb, a expliqu\u00e9 \u00c9tienne Manteaux. Il a r\u00e9p\u00e9t\u00e9 \u00ab\u00a0\u00eatre victime d\u2019une injustice\u00a0\u00bb, citant le conflit mat\u00e9riel de 2021 qui s\u2019est \u00ab\u00a0enkyst\u00e9\u00a0\u00bb faute de solutions. \u00ab\u00a0Ce qui est saillant au travers des auditions du gard\u00e9 \u00e0 vue, c\u2019est vraiment un v\u00e9cu pers\u00e9cutif, une tendance \u00e0 la r\u00e9interpr\u00e9tation de ce qu\u2019il vit\u00a0\u00bb, a insist\u00e9 le magistrat.<\/p>\n<p class=\"asset asset-text\">Le parquet a demand\u00e9 sa mise en examen, notamment pour tentative de meurtre sur personne d\u00e9positaire de l\u2019autorit\u00e9 publique et a requis \u00ab\u00a0compte tenu de la gravit\u00e9 des faits\u00a0\u00bb son placement en d\u00e9tention provisoire. Il \u00e9tait entendu \u00e0 la mi-journ\u00e9e par un magistrat instructeur qui d\u00e9cidera des poursuites.<\/p>\n","protected":false},"excerpt":{"rendered":"Capture \u00e9cran Google maps. L\u2019homme accus\u00e9 d\u2019avoir agress\u00e9 un maire en Is\u00e8re est pass\u00e9 aux aveux. (photo d\u2019illustration)&hellip;\n","protected":false},"author":2,"featured_media":309537,"comment_status":"","ping_status":"","sticky":false,"template":"","format":"standard","meta":{"footnotes":""},"categories":[2],"tags":[11,1120,118,1011,27,108,5107,12,25],"class_list":{"0":"post-309536","1":"post","2":"type-post","3":"status-publish","4":"format-standard","5":"has-post-thumbnail","7":"category-actualites","8":"tag-actualites","9":"tag-agression","10":"tag-faits-divers","11":"tag-fr","12":"tag-france","13":"tag-isere","14":"tag-maire","15":"tag-news","16":"tag-republique-francaise"},"share_on_mastodon":{"url":"https:\/\/pubeurope.com\/@fr\/115004855014069212","error":""},"_links":{"self":[{"href":"https:\/\/www.europesays.com\/fr\/wp-json\/wp\/v2\/posts\/309536","targetHints":{"allow":["GET"]}}],"collection":[{"href":"https:\/\/www.europesays.com\/fr\/wp-json\/wp\/v2\/posts"}],"about":[{"href":"https:\/\/www.europesays.com\/fr\/wp-json\/wp\/v2\/types\/post"}],"author":[{"embeddable":true,"href":"https:\/\/www.europesays.com\/fr\/wp-json\/wp\/v2\/users\/2"}],"replies":[{"embeddable":true,"href":"https:\/\/www.europesays.com\/fr\/wp-json\/wp\/v2\/comments?post=309536"}],"version-history":[{"count":0,"href":"https:\/\/www.europesays.com\/fr\/wp-json\/wp\/v2\/posts\/309536\/revisions"}],"wp:featuredmedia":[{"embeddable":true,"href":"https:\/\/www.europesays.com\/fr\/wp-json\/wp\/v2\/media\/309537"}],"wp:attachment":[{"href":"https:\/\/www.europesays.com\/fr\/wp-json\/wp\/v2\/media?parent=309536"}],"wp:term":[{"taxonomy":"category","embeddable":true,"href":"https:\/\/www.europesays.com\/fr\/wp-json\/wp\/v2\/categories?post=309536"},{"taxonomy":"post_tag","embeddable":true,"href":"https:\/\/www.europesays.com\/fr\/wp-json\/wp\/v2\/tags?post=309536"}],"curies":[{"name":"wp","href":"https:\/\/api.w.org\/{rel}","templated":true}]}}