{"id":309556,"date":"2025-08-10T14:16:13","date_gmt":"2025-08-10T14:16:13","guid":{"rendered":"https:\/\/www.europesays.com\/fr\/309556\/"},"modified":"2025-08-10T14:16:13","modified_gmt":"2025-08-10T14:16:13","slug":"la-fille-a-genoux-devant-lui-malgre-son-acte-sexuel-mime-patrick-sebastien-a-toujours-de-bons-soutiens","status":"publish","type":"post","link":"https:\/\/www.europesays.com\/fr\/309556\/","title":{"rendered":"\u201cLa fille \u00e0 genoux devant lui\u2026\u201d : malgr\u00e9 son acte sexuel mim\u00e9, Patrick S\u00e9bastien a toujours de bons soutiens"},"content":{"rendered":"<p data-start=\"65\" data-end=\"504\">Une pol\u00e9mique qui lui colle \u00e0 la<br \/>\npeau. Alors que le vent semblait tourner, <a href=\"https:\/\/www.closermag.fr\/people\/on-fera-les-comptes-apres-la-fellation-mimee-sur-scene-patrick-sebastien-brandit-les-menaces-3570069\" rel=\"nofollow noopener\" target=\"_blank\"><br \/>\nPatrick S\u00e9bastien<\/a> est remont\u00e9 sur sc\u00e8ne ce dimanche \u00e0 la Foire<br \/>\naux vins de Colmar, cette fois sans convier de spectatrices \u00e0<br \/>\nmonter. Lors de son dernier spectacle, donn\u00e9 le 22 juillet dans un<br \/>\ncamping naturiste du Cap d\u2019Agde, une admiratrice s\u2019\u00e9tait<br \/>\n<strong>agenouill\u00e9e<\/strong> devant lui pour simuler une <a href=\"https:\/\/www.closermag.fr\/people\/patrick-sebastien-son-acte-sexuel-mime-sur-scene-il-nen-a-pas-grande-chose-a-faire-et-voici-la-preuve-3568976\" rel=\"nofollow noopener\" target=\"_blank\"><br \/>\nfellation<\/a>.<\/p>\n<p data-start=\"506\" data-end=\"822\">Cette s\u00e9quence, largement<br \/>\npartag\u00e9e, avait choqu\u00e9 le public, notamment des mineurs pr\u00e9sents.<br \/>\nQuelques jours plus tard, mauvaise nouvelle pour l\u2019ancien animateur<br \/>\ndes Ann\u00e9es Bonheur : son spectacle programm\u00e9 au Festival<br \/>\nde th\u00e9\u00e2tre, humour et danse de Roquebrune-Cap Martin, dans les<br \/>\nAlpes-Maritimes, a \u00e9t\u00e9 <strong>annul\u00e9<\/strong>.<\/p>\n<p>Le coup de gueule du chanteur<br \/>\napr\u00e8s la pol\u00e9mique<\/p>\n<p data-start=\"187\" data-end=\"573\">Pour son retour sur sc\u00e8ne apr\u00e8s<br \/>\nl\u2019incident tr\u00e8s m\u00e9diatis\u00e9 d\u2019une fellation r\u00e9elle ou simul\u00e9e lors<br \/>\nd\u2019un spectacle dans un camping naturiste du Cap d\u2019Agde, le <a href=\"https:\/\/www.closermag.fr\/people\/patrick-sebastien-mimant-une-fellation-cette-precision-utile-sur-les-mineurs-presents-au-camping-naturiste-3568459\" rel=\"nofollow noopener\" target=\"_blank\"><br \/>\nchanteur<\/a> a opt\u00e9 pour l\u2019ironie. \u00ab\u00a0Je ne dirai pas un seul<br \/>\ngros mot ce soir. Je n\u2019ai pas envie de <strong>me faire<br \/>\nengueuler<\/strong>\u00ab\u00a0, a-t-il lanc\u00e9, rapporte L\u2019Est R\u00e9publicain,<br \/>\navant d\u2019entamer son premier morceau, La Qu\u00e9quette \u00e0 Raoul. Tout au long de la soir\u00e9e,<br \/>\nl\u2019animateur et chanteur a encha\u00een\u00e9 ses tubes sans revenir<br \/>\ndirectement sur l\u2019affaire qui continue de faire parler.<\/p>\n<p data-start=\"187\" data-end=\"573\">Cependant, il a tenu \u00e0 souligner<br \/>\nque \u00ab\u00a0la France qu\u2019il aime est l\u00e0 pour faire la f\u00eate\u00a0\u00bb,<br \/>\navant de lancer, comme un coup de gueule : \u00ab\u00a0y en a<br \/>\n<strong>marre des interdits<\/strong>\u00ab\u00a0. Selon le journal local,<br \/>\ndes <a href=\"https:\/\/www.closermag.fr\/people\/patrick-sebastien-laffaire-embarrasse-cette-interdiction-claire-qui-a-circule-en-douce-3569381https:\/\/www.closermag.fr\/people\/patrick-sebastien-laffaire-embarrasse-cette-interdiction-claire-qui-a-circule-en-douce-3569381\" rel=\"nofollow noopener\" target=\"_blank\"><br \/>\nconsignes strictes<\/a> avaient \u00e9t\u00e9 donn\u00e9es en amont pour que la<br \/>\npol\u00e9mique ne soit pas abord\u00e9e : \u00ab\u00a0Plus t\u00f4t, les journalistes<br \/>\navaient appris qu\u2019il ne prendrait pas la parole et qu\u2019il \u00e9tait<br \/>\ninterdit d\u2019\u00e9voquer le sujet avec les autres artistes de la soir\u00e9e<br \/>\nlors de leur d\u00e9fil\u00e9 en conf\u00e9rence de presse\u00a0\u00bb, pr\u00e9cisent nos<br \/>\nconfr\u00e8res.<\/p>\n<p>Patrick S\u00e9bastien peut compter sur ce<br \/>\npr\u00e9cieux soutien<\/p>\n<p data-start=\"112\" data-end=\"694\">D\u2019apr\u00e8s La Provence, J\u00e9r\u00f4me Francou, maire d\u2019une petite<br \/>\ncommune d\u2019environ 550 habitants situ\u00e9e \u00e0 une vingtaine de<br \/>\nkilom\u00e8tres au nord de Sisteron, vit lui aussi un certain malaise.<br \/>\nM\u00eame s\u2019il ne finance pas directement l\u2019\u00e9v\u00e9nement, dont le budget<br \/>\ntotal s\u2019\u00e9l\u00e8ve \u00e0 <strong>48 000 euros<\/strong>, il attribue une<br \/>\nsubvention annuelle \u00e0 l\u2019association, comme le font toutes les<br \/>\ncommunes fran\u00e7aises. \u00ab\u00a0On est l\u00e0 pour aider le comit\u00e9 des<br \/>\nf\u00eates\u00a0\u00bb, explique-t-il.<\/p>\n<p data-start=\"696\" data-end=\"1384\">Toujours selon La Provence, Gilbert Jourdan, proche de<br \/>\nPatrick S\u00e9bastien depuis les ann\u00e9es 1990 et partageant avec lui la<br \/>\ndouleur de la perte tragique d\u2019un enfant, traverse une p\u00e9riode<br \/>\ndifficile. Il se demande s\u2019il pourra maintenir l\u2019\u00e9v\u00e9nement qu\u2019il<br \/>\nesp\u00e9rait organiser dans ce village des Alpes du Sud. \u00ab\u00a0Je le<br \/>\nsouhaite\u00a0\u00bb, assure-t-il, avant de revenir sur la vid\u00e9o<br \/>\ncontrovers\u00e9e : \u00ab\u00a0Je ne sais pas quelle tournure \u00e7a va prendre.<br \/>\nMais ce qui est s\u00fbr, c\u2019est que Patrick S\u00e9bastien <strong>m\u2019a<br \/>\ntoujours tendu la main<\/strong> et m\u2019a toujours soutenu. On parle<br \/>\nbeaucoup de Patrick, mais de la <a href=\"https:\/\/www.closermag.fr\/people\/patrick-sebastien-apres-sa-fausse-fellation-sur-scene-cette-nouvelle-video-avec-ses-fans-qui-surprend-3569140\" rel=\"nofollow noopener\" target=\"_blank\"><br \/>\nfille \u00e0 genoux<\/a> devant lui, on n\u2019en parle pas\u2026 <strong>La plus<br \/>\ngrosse faute, je ne sais pas de qui elle est<\/strong>\u00ab\u00a0,<br \/>\nconclut-il.<\/p>\n","protected":false},"excerpt":{"rendered":"Une pol\u00e9mique qui lui colle \u00e0 la peau. Alors que le vent semblait tourner, Patrick S\u00e9bastien est remont\u00e9&hellip;\n","protected":false},"author":2,"featured_media":309557,"comment_status":"","ping_status":"","sticky":false,"template":"","format":"standard","meta":{"footnotes":""},"categories":[1359],"tags":[548,58,59,1011,27,6097,973],"class_list":{"0":"post-309556","1":"post","2":"type-post","3":"status-publish","4":"format-standard","5":"has-post-thumbnail","7":"category-people","8":"tag-article-simple","9":"tag-divertissement","10":"tag-entertainment","11":"tag-fr","12":"tag-france","13":"tag-patrick-sebastien","14":"tag-people"},"share_on_mastodon":{"url":"https:\/\/pubeurope.com\/@fr\/115004898266194444","error":""},"_links":{"self":[{"href":"https:\/\/www.europesays.com\/fr\/wp-json\/wp\/v2\/posts\/309556","targetHints":{"allow":["GET"]}}],"collection":[{"href":"https:\/\/www.europesays.com\/fr\/wp-json\/wp\/v2\/posts"}],"about":[{"href":"https:\/\/www.europesays.com\/fr\/wp-json\/wp\/v2\/types\/post"}],"author":[{"embeddable":true,"href":"https:\/\/www.europesays.com\/fr\/wp-json\/wp\/v2\/users\/2"}],"replies":[{"embeddable":true,"href":"https:\/\/www.europesays.com\/fr\/wp-json\/wp\/v2\/comments?post=309556"}],"version-history":[{"count":0,"href":"https:\/\/www.europesays.com\/fr\/wp-json\/wp\/v2\/posts\/309556\/revisions"}],"wp:featuredmedia":[{"embeddable":true,"href":"https:\/\/www.europesays.com\/fr\/wp-json\/wp\/v2\/media\/309557"}],"wp:attachment":[{"href":"https:\/\/www.europesays.com\/fr\/wp-json\/wp\/v2\/media?parent=309556"}],"wp:term":[{"taxonomy":"category","embeddable":true,"href":"https:\/\/www.europesays.com\/fr\/wp-json\/wp\/v2\/categories?post=309556"},{"taxonomy":"post_tag","embeddable":true,"href":"https:\/\/www.europesays.com\/fr\/wp-json\/wp\/v2\/tags?post=309556"}],"curies":[{"name":"wp","href":"https:\/\/api.w.org\/{rel}","templated":true}]}}