{"id":309568,"date":"2025-08-10T14:22:10","date_gmt":"2025-08-10T14:22:10","guid":{"rendered":"https:\/\/www.europesays.com\/fr\/309568\/"},"modified":"2025-08-10T14:22:10","modified_gmt":"2025-08-10T14:22:10","slug":"il-est-possible-de-ralentir-le-vieillissement-de-3-ans-grace-a-une-nouvelle-decouverte-scientifique","status":"publish","type":"post","link":"https:\/\/www.europesays.com\/fr\/309568\/","title":{"rendered":"Il est possible de ralentir le vieillissement de 3\u00a0ans gr\u00e2ce \u00e0 une nouvelle d\u00e9couverte scientifique"},"content":{"rendered":"<p>\n                Comment rester jeune le plus longtemps possible\u00a0? Voil\u00e0 la grande question que beaucoup de monde se pose un jour. Cette nouvelle \u00e9tude pourrait bien \u00eatre un d\u00e9but de r\u00e9ponse.            <\/p>\n<p>Deux fois par mois, les abonn\u00e9s de la boutique en ligne Nutristore re\u00e7oivent une lettre sant\u00e9-nutrition\u00a0dans leur bo\u00eete mail. Elle est enti\u00e8rement r\u00e9dig\u00e9e par le journaliste scientifique\u00a0Thierry Souccar, dont la mission est de d\u00e9coder une information essentielle pour notre sant\u00e9. Nous devons vous faire part de cette d\u00e9couverte.<\/p>\n<p>Une \u00e9tude publi\u00e9e le 21 mai dernier dans l&rsquo;American Journal of Clinical Nutrition, sugg\u00e8re qu&rsquo;une action pourrait ralentir le vieillissement. Rassurez-vous, il ne s&rsquo;agit pas de s&rsquo;injecter le plasma sanguin de votre ado dans vos veines, \u00e0 l&rsquo;image du multimillionnaire am\u00e9ricain Byran Johnson. Le geste en question est bien plus simple. Pendant quatre ans, des chercheurs ont suivi 1 071 participants \u00e2g\u00e9s de 65 ans en moyenne. Ils ont mesur\u00e9 leurs t\u00e9lom\u00e8res au fur et \u00e0 mesure. Que\u00a0sont les t\u00e9lom\u00e8res ? Thierry Souccar l&rsquo;explique tr\u00e8s bien : \u00ab\u00a0Imaginez vos chromosomes comme des lacets de chaussures. Ce sont les petits embouts plastiques qui emp\u00eachent le lacet de s&rsquo;effilocher. Sauf que contrairement aux vrais embouts, nos t\u00e9lom\u00e8res raccourcissent \u00e0 chaque division cellulaire\u00a0\u00bb. Plus ils sont courts, plus vos cellules vieillissent mal et risquent de d\u00e9velopper des maladies li\u00e9es \u00e0 l&rsquo;\u00e2ge. En bref, il vaut mieux qu&rsquo;ils soient longs.<\/p>\n<p>R\u00e9sultats de l&rsquo;\u00e9tude ? Dans\u00a0le groupe placebo, un raccourcissement substantiel des t\u00e9lom\u00e8res a \u00e9t\u00e9 observ\u00e9. Sur le groupe ayant pris de la <a href=\"https:\/\/sante.journaldesfemmes.fr\/fiches-nutrition\/2512791-vitamine-d-soleil-ampoule-aliment-bienfaits-carence-dosage\/\" title=\"Vitamine D\" rel=\"nofollow noopener\" target=\"_blank\">vitamine D<\/a>, ils se sont \u00e9galement raccourcis, mais de fa\u00e7on minime. La diff\u00e9rence est significative. Les chercheurs ont conclu que la vitamine D permettait\u00a0de ralentir le vieillissement cellulaire de 3 ans.\u00a0<\/p>\n<p>Rappelons tout de m\u00eame qu&rsquo;avant d&rsquo;opter pour des <a href=\"https:\/\/sante.journaldesfemmes.fr\/fiches-nutrition\/2704581-complements-alimentaires-quand-carence-dangers-fer-zinc-definition\/\" title=\"Compl\u00e9ment alimentaire\" rel=\"nofollow noopener\" target=\"_blank\">compl\u00e9ments alimentaires<\/a>, votre corps peut profiter\u00a0des sources naturelles de cette substance comme le soleil (avec la protection solaire, \u00e9videmment), ou les poissons gras. Quant aux quantit\u00e9s \u00e0 ing\u00e9rer chaque jour, n&rsquo;h\u00e9sitez pas \u00e0 en parler avec votre m\u00e9decin traitant.<\/p>\n<p>Aussi, gardez en t\u00eate que la vitamine D ne se substitue pas \u00e0 une alimentation \u00e9quilibr\u00e9e et une activit\u00e9 physique r\u00e9guli\u00e8re. Deux choses essentielles pour garder une sant\u00e9 optimale !<\/p>\n","protected":false},"excerpt":{"rendered":"Comment rester jeune le plus longtemps possible\u00a0? Voil\u00e0 la grande question que beaucoup de monde se pose un&hellip;\n","protected":false},"author":2,"featured_media":309569,"comment_status":"","ping_status":"","sticky":false,"template":"","format":"standard","meta":{"footnotes":""},"categories":[10],"tags":[1011,27,72,71],"class_list":{"0":"post-309568","1":"post","2":"type-post","3":"status-publish","4":"format-standard","5":"has-post-thumbnail","7":"category-sante","8":"tag-fr","9":"tag-france","10":"tag-health","11":"tag-sante"},"share_on_mastodon":{"url":"https:\/\/pubeurope.com\/@fr\/115004921893951152","error":""},"_links":{"self":[{"href":"https:\/\/www.europesays.com\/fr\/wp-json\/wp\/v2\/posts\/309568","targetHints":{"allow":["GET"]}}],"collection":[{"href":"https:\/\/www.europesays.com\/fr\/wp-json\/wp\/v2\/posts"}],"about":[{"href":"https:\/\/www.europesays.com\/fr\/wp-json\/wp\/v2\/types\/post"}],"author":[{"embeddable":true,"href":"https:\/\/www.europesays.com\/fr\/wp-json\/wp\/v2\/users\/2"}],"replies":[{"embeddable":true,"href":"https:\/\/www.europesays.com\/fr\/wp-json\/wp\/v2\/comments?post=309568"}],"version-history":[{"count":0,"href":"https:\/\/www.europesays.com\/fr\/wp-json\/wp\/v2\/posts\/309568\/revisions"}],"wp:featuredmedia":[{"embeddable":true,"href":"https:\/\/www.europesays.com\/fr\/wp-json\/wp\/v2\/media\/309569"}],"wp:attachment":[{"href":"https:\/\/www.europesays.com\/fr\/wp-json\/wp\/v2\/media?parent=309568"}],"wp:term":[{"taxonomy":"category","embeddable":true,"href":"https:\/\/www.europesays.com\/fr\/wp-json\/wp\/v2\/categories?post=309568"},{"taxonomy":"post_tag","embeddable":true,"href":"https:\/\/www.europesays.com\/fr\/wp-json\/wp\/v2\/tags?post=309568"}],"curies":[{"name":"wp","href":"https:\/\/api.w.org\/{rel}","templated":true}]}}