{"id":309572,"date":"2025-08-10T14:24:14","date_gmt":"2025-08-10T14:24:14","guid":{"rendered":"https:\/\/www.europesays.com\/fr\/309572\/"},"modified":"2025-08-10T14:24:14","modified_gmt":"2025-08-10T14:24:14","slug":"ac-dc-est-le-plus-grand-groupe-du-monde-et-il-sait-faire-75-000-fans-electrises-au-stade-de-france","status":"publish","type":"post","link":"https:\/\/www.europesays.com\/fr\/309572\/","title":{"rendered":"\u00ab\u00a0AC\/DC est le plus grand groupe du monde, et il sait faire\u00a0!\u00a0\u00bb\u00a0: 75\u00a0000 fans \u00e9lectris\u00e9s au Stade de France"},"content":{"rendered":"<p class=\"paragraph text_align_left lp-f-body-02\">Une image embl\u00e9matique, parmi tant d\u2019autres, de ce concert sp\u00e9cial, ce 9 ao\u00fbt, dans l\u2019enceinte des Bleus champions du monde 1998. Car, pour sa sixi\u00e8me prestation sur place de son histoire, AC\/DC a frapp\u00e9 un grand coup. Et livr\u00e9 un grand concert, \u00e0 mille coud\u00e9es au-dessus de celui, pourtant d\u00e9j\u00e0 pas mauvais, <a href=\"https:\/\/www.leparisien.fr\/culture-loisirs\/musique\/acdc-en-concert-a-paris-angus-young-en-furie-brian-johnson-en-forme-et-80-000-personnes-aux-anges-14-08-2024-CD7OCMAPEFDBJA5QX4YNDTQ5AE.php\" target=\"_self\" rel=\"nofollow noopener\">donn\u00e9 il y a presqu\u2019un an, le 13 ao\u00fbt 2024<\/a>. Pour une soir\u00e9e, oubli\u00e9es les interrogations sur l\u2019\u00e2ge des musiciens, est-ce la derni\u00e8re tourn\u00e9e ou pas, et autres coquecigrues. Comme le r\u00e9sume le promoteur du show, Matthieu Drouot, patron de G\u00e9rard Drouot Productions, qui a presque la larme \u00e0 l\u2019\u0153il \u00e0 l\u2019issue du concert : \u00ab AC\/DC est le plus grand groupe du monde, et il sait faire ! \u00bb<\/p>\n","protected":false},"excerpt":{"rendered":"Une image embl\u00e9matique, parmi tant d\u2019autres, de ce concert sp\u00e9cial, ce 9 ao\u00fbt, dans l\u2019enceinte des Bleus champions&hellip;\n","protected":false},"author":2,"featured_media":309573,"comment_status":"","ping_status":"","sticky":false,"template":"","format":"standard","meta":{"footnotes":""},"categories":[8],"tags":[872,58,59,1011,27,873],"class_list":{"0":"post-309572","1":"post","2":"type-post","3":"status-publish","4":"format-standard","5":"has-post-thumbnail","7":"category-divertissement","8":"tag-culture-et-loisirs","9":"tag-divertissement","10":"tag-entertainment","11":"tag-fr","12":"tag-france","13":"tag-musique"},"share_on_mastodon":{"url":"https:\/\/pubeurope.com\/@fr\/115004929848851281","error":""},"_links":{"self":[{"href":"https:\/\/www.europesays.com\/fr\/wp-json\/wp\/v2\/posts\/309572","targetHints":{"allow":["GET"]}}],"collection":[{"href":"https:\/\/www.europesays.com\/fr\/wp-json\/wp\/v2\/posts"}],"about":[{"href":"https:\/\/www.europesays.com\/fr\/wp-json\/wp\/v2\/types\/post"}],"author":[{"embeddable":true,"href":"https:\/\/www.europesays.com\/fr\/wp-json\/wp\/v2\/users\/2"}],"replies":[{"embeddable":true,"href":"https:\/\/www.europesays.com\/fr\/wp-json\/wp\/v2\/comments?post=309572"}],"version-history":[{"count":0,"href":"https:\/\/www.europesays.com\/fr\/wp-json\/wp\/v2\/posts\/309572\/revisions"}],"wp:featuredmedia":[{"embeddable":true,"href":"https:\/\/www.europesays.com\/fr\/wp-json\/wp\/v2\/media\/309573"}],"wp:attachment":[{"href":"https:\/\/www.europesays.com\/fr\/wp-json\/wp\/v2\/media?parent=309572"}],"wp:term":[{"taxonomy":"category","embeddable":true,"href":"https:\/\/www.europesays.com\/fr\/wp-json\/wp\/v2\/categories?post=309572"},{"taxonomy":"post_tag","embeddable":true,"href":"https:\/\/www.europesays.com\/fr\/wp-json\/wp\/v2\/tags?post=309572"}],"curies":[{"name":"wp","href":"https:\/\/api.w.org\/{rel}","templated":true}]}}