{"id":309578,"date":"2025-08-10T14:27:18","date_gmt":"2025-08-10T14:27:18","guid":{"rendered":"https:\/\/www.europesays.com\/fr\/309578\/"},"modified":"2025-08-10T14:27:18","modified_gmt":"2025-08-10T14:27:18","slug":"benyamin-netanyahou-affirme-que-le-nouveau-plan-israelien-pour-lenclave-est-le-meilleur-moyen-de-terminer-la-guerre","status":"publish","type":"post","link":"https:\/\/www.europesays.com\/fr\/309578\/","title":{"rendered":"Benyamin N\u00e9tanyahou affirme que le nouveau plan isra\u00e9lien pour l\u2019enclave est le \u00ab\u00a0meilleur moyen de terminer la guerre\u00a0\u00bb"},"content":{"rendered":"<p>   Les familles des otages confirment l\u2019appel \u00e0 la gr\u00e8ve g\u00e9n\u00e9rale pour dimanche prochain             <\/p>\n<p class=\"post__live-container--answer-text post__space-node\">Les familles des otages ont appel\u00e9 \u00e0 une gr\u00e8ve g\u00e9n\u00e9rale, dimanche 17\u00a0ao\u00fbt, un jour travaill\u00e9, rapporte notre correspondant \u00e0 J\u00e9rusalem, Luc Bronner.<\/p>\n<p class=\"post__live-container--answer-text post__space-node\">\u00ab\u00a0Dimanche prochain, nous ferons tous une pause et dirons\u00a0: \u201c\u00c7a suffit, arr\u00eatez la guerre, lib\u00e9rez les otages.\u201d C\u2019est entre nos mains\u00a0\u00bb, a d\u00e9clar\u00e9 Reut Recht-Edri, dont le fils a \u00e9t\u00e9 assassin\u00e9 par le Hamas le 7\u00a0octobre\u00a02023, <a href=\"https:\/\/www.timesofisrael.com\/liveblog-august-10-2025\/\" target=\"_blank\" rel=\"noopener nofollow\" title=\"Nouvelle fen\u00eatre\">\u00e9crit le site isra\u00e9lien The Times of Israel.<\/a> \u00ab\u00a0Nous devons durcir le mouvement parce que le gouvernement n\u2019\u00e9coute pas les Isra\u00e9liens. S\u2019il faut aller jusqu\u2019\u00e0 la gr\u00e8ve, nous irons\u00a0\u00bb, <a href=\"https:\/\/www.lemonde.fr\/international\/live\/2025\/08\/09\/en-direct-gaza-39-personnes-tuees-et-plus-de-400-blessees-par-l-armee-israelienne-en-vingt-quatre-heures-selon-le-ministere-de-la-sante-gazaoui_6626647_3210.html#id-2515947\" target=\"_blank\" rel=\"noopener nofollow\" title=\"Nouvelle fen\u00eatre\">expliquait, avant cette annonce, Tomer Pelts, un \u00e9tudiant de 22\u00a0ans, au Monde.<\/a><\/p>\n<p class=\"post__live-container--answer-text post__space-node\"><a href=\"https:\/\/www.haaretz.com\/israel-news\/2025-08-10\/ty-article-live\/top-senate-democrats-jointly-condemn-israeli-plan-to-conquer-gaza\/00000198-91f9-d7d1-a1d9-bbfb866a0000#797569760\" target=\"_blank\" rel=\"noopener nofollow\" title=\"Nouvelle fen\u00eatre\">Selon le journal isra\u00e9lien Haaretz<\/a>, <a href=\"https:\/\/www.lemonde.fr\/international\/article\/2025\/05\/21\/en-israel-la-gauche-critiquee-par-la-classe-politique-pour-avoir-mis-en-cause-les-methodes-de-l-armee-dans-la-bande-de-gaza_6607448_3210.html\" target=\"_blank\" rel=\"noopener nofollow\" title=\"Nouvelle fen\u00eatre\">le pr\u00e9sident des d\u00e9mocrates, Ya\u00efr Golan<\/a>, a annonc\u00e9 que son parti se joindrait \u00e0 la gr\u00e8ve. \u00ab\u00a0Nous ne pouvons pas continuer \u00e0 vivre comme si de rien n\u2019\u00e9tait tout en abandonnant nos fr\u00e8res et s\u0153urs \u00e0 Gaza. Nous ne pouvons pas rester silencieux face \u00e0 cette r\u00e9alit\u00e9\u00a0\u00bb, \u00e9crit-il sur le r\u00e9seau social X. Le chef de l\u2019opposition, Ya\u00efr Lapid, estime, lui, aussi que \u00ab\u00a0l\u2019appel des familles des personnes kidnapp\u00e9es \u00e0 arr\u00eater l\u2019\u00e9conomie est justifi\u00e9 et appropri\u00e9. Nous continuerons \u00e0 les soutenir\u00a0\u00bb, assure-t-il sur X.<\/p>\n<p>                            <img decoding=\"async\" class=\"post__live-container--img post__space-node\"  src=\"https:\/\/www.europesays.com\/fr\/wp-content\/uploads\/2025\/08\/561654c_ftp-import-images-1-ra4ydlhpuhn3-5b39ace2b6dc41d08c4f1946fde0c829-1-723f9c20637a4dbf98f43918.jpeg\" data- alt=\"Des proches et des sympathisants d\u2019otages isra\u00e9liens d\u00e9tenus dans la bande de Gaza participent \u00e0 un rassemblement exigeant leur lib\u00e9ration \u00e0 Tel-Aviv, en Isra\u00ebl, samedi 9\u00a0ao\u00fbt 2025.\"\/>   Des proches et des sympathisants d\u2019otages isra\u00e9liens d\u00e9tenus dans la bande de Gaza participent \u00e0 un rassemblement exigeant leur lib\u00e9ration \u00e0 Tel-Aviv, en Isra\u00ebl, samedi 9\u00a0ao\u00fbt 2025. OHAD ZWIGENBERG\/AP         <\/p>\n","protected":false},"excerpt":{"rendered":"Les familles des otages confirment l\u2019appel \u00e0 la gr\u00e8ve g\u00e9n\u00e9rale pour dimanche prochain Les familles des otages ont&hellip;\n","protected":false},"author":2,"featured_media":309472,"comment_status":"","ping_status":"","sticky":false,"template":"","format":"standard","meta":{"footnotes":""},"categories":[5],"tags":[11,1011,27,14,12,28],"class_list":{"0":"post-309578","1":"post","2":"type-post","3":"status-publish","4":"format-standard","5":"has-post-thumbnail","7":"category-international","8":"tag-actualites","9":"tag-fr","10":"tag-france","11":"tag-international","12":"tag-news","13":"tag-world"},"share_on_mastodon":{"url":"https:\/\/pubeurope.com\/@fr\/115004941696554860","error":""},"_links":{"self":[{"href":"https:\/\/www.europesays.com\/fr\/wp-json\/wp\/v2\/posts\/309578","targetHints":{"allow":["GET"]}}],"collection":[{"href":"https:\/\/www.europesays.com\/fr\/wp-json\/wp\/v2\/posts"}],"about":[{"href":"https:\/\/www.europesays.com\/fr\/wp-json\/wp\/v2\/types\/post"}],"author":[{"embeddable":true,"href":"https:\/\/www.europesays.com\/fr\/wp-json\/wp\/v2\/users\/2"}],"replies":[{"embeddable":true,"href":"https:\/\/www.europesays.com\/fr\/wp-json\/wp\/v2\/comments?post=309578"}],"version-history":[{"count":0,"href":"https:\/\/www.europesays.com\/fr\/wp-json\/wp\/v2\/posts\/309578\/revisions"}],"wp:featuredmedia":[{"embeddable":true,"href":"https:\/\/www.europesays.com\/fr\/wp-json\/wp\/v2\/media\/309472"}],"wp:attachment":[{"href":"https:\/\/www.europesays.com\/fr\/wp-json\/wp\/v2\/media?parent=309578"}],"wp:term":[{"taxonomy":"category","embeddable":true,"href":"https:\/\/www.europesays.com\/fr\/wp-json\/wp\/v2\/categories?post=309578"},{"taxonomy":"post_tag","embeddable":true,"href":"https:\/\/www.europesays.com\/fr\/wp-json\/wp\/v2\/tags?post=309578"}],"curies":[{"name":"wp","href":"https:\/\/api.w.org\/{rel}","templated":true}]}}