{"id":309594,"date":"2025-08-10T14:45:11","date_gmt":"2025-08-10T14:45:11","guid":{"rendered":"https:\/\/www.europesays.com\/fr\/309594\/"},"modified":"2025-08-10T14:45:11","modified_gmt":"2025-08-10T14:45:11","slug":"expo-pinault-a-rennes-une-mannequin-daujourdhui-en-madone-de-la-renaissance","status":"publish","type":"post","link":"https:\/\/www.europesays.com\/fr\/309594\/","title":{"rendered":"Expo Pinault \u00e0 Rennes. Une mannequin d\u2019aujourd\u2019hui en madone de la Renaissance"},"content":{"rendered":"<p>Sur un mur du <a href=\"https:\/\/rennes.maville.com\/actu\/actudet_-a-rennes-la-collection-pinault-fait-du-portrait-la-star-de-l-ete-2025-_7-6853580_actu.Htm\" target=\"_blank\" rel=\"noopener\">couvent des Jacobins \u00e0 Rennes,<\/a> un portrait de Vierge \u00e0 l\u2019enfant interpelle le regard. D\u2019abord, parce que les deux personnages versent des larmes de crocodile. Ensuite, parce que le cadre dor\u00e9 du tableau se liqu\u00e9fie lui-m\u00eame sous le coup de l\u2019\u00e9motion. Autre \u00e9tranget\u00e9\u00a0: le visage de la Madone semble plus adapt\u00e9 \u00e0 la couverture d\u2019un magazine de mode qu\u2019\u00e0 la p\u00e9nombre d\u2019une chapelle. Et pour cause\u00a0: il s\u2019agit, en fait, de la mannequin Kim Alexis que Francesco Vezzoli transforme en madone de la Rennaissance.<\/p>\n<p><strong>Lire aussi :<\/strong> <a href=\"https:\/\/rennes.maville.com\/actu\/actudet_-a-rennes-la-collection-pinault-fait-du-portrait-la-star-de-l-ete-2025-_7-6853580_actu.Htm\" target=\"_blank\" rel=\"noopener\">\u00c0 Rennes, la collection Pinault fait du portrait la star de l\u2019\u00e9t\u00e9 2025<\/a><\/p>\n<p>\u00c0 54\u00a0ans, l\u2019artiste italien, qui vit et travaille \u00e0 Milan, est un sp\u00e9cialiste de ce genre de d\u00e9tournement, consistant \u00e0 r\u00e9interpr\u00e9ter des \u0153uvres du pass\u00e9 en y int\u00e9grant des figures du star-system d\u2019aujourd\u2019hui. Il puise dans la toute puissance de la culture populaire contemporaine, en empruntant les formes m\u00e9diatiques (du film \u00e0 la publicit\u00e9), le langage de s\u00e9duction et le travestissement du r\u00e9el.<\/p>\n<p>Deneuve et Lady Gaga<\/p>\n<p>Les performances artistiques de Vezzoli, comme de fausses \u00e9missions de t\u00e9l\u00e9vision, mobilisent des c\u00e9l\u00e9brit\u00e9s mondiales, telles que Sharon Stone, Catherine Deneuve, Cate Blanchett, Lady Gaga ou encore Jeanne Moreau.<\/p>\n<p>Vezzoli est aussi un as de la broderie, une activit\u00e9 devenue chez lui une signature, \u00e0 l\u2019image des larmes brod\u00e9es sur le tableau expos\u00e9 \u00e0 Rennes, et que l\u2019artiste associe aux sentiments obsessionnels et d\u00e9pressifs.<\/p>\n<p>Ce statut de \u00ab\u00a0maestro des larmes\u00a0\u00bb, il le revendique dans le magazine\u00a0Harper\u2019s Bazaar\u00a0: <strong>\u00ab\u00a0Les gens exhibent leurs corps, leurs seins, leurs culs, leurs nouvelles bouches mais n\u2019exposent jamais leurs<\/strong>\u00a0<strong>larmes, <\/strong> constate-t-il.<strong> Je pense que le narcissisme est la principale cl\u00e9 de lecture de notre \u00e9poque et les larmes sont l\u2019ennemi du narcissisme. Parce qu\u2019elles ruinent la beaut\u00e9 et que les rides d\u00e9forment le visage.\u00a0\u00bb<\/strong><\/p>\n<p><strong>Jusqu\u2019au 14\u00a0septembre, <\/strong> <a href=\"https:\/\/rennes.maville.com\/actu\/actudet_-quatre-artistes-au-coeur-de-l-exposition-pinault-a-ne-pas-manquer-cet-ete-_7-6911162_actu.Htm\" target=\"_blank\" rel=\"noopener\">\u00ab\u00a0Les yeux dans les yeux\u00a0\u00bb au couvent des Jacobins, place Sainte-Anne, \u00e0 Rennes<\/a>. Du mardi au dimanche, de 10\u00a0h \u00e0 19\u00a0h, mercredi, nocturne jusqu\u2019\u00e0 22\u00a0h. Tarifs\u00a0: 12\u00a0\u20ac (comprend aussi l\u2019expo Claire Tabouret au mus\u00e9e des Beaux-arts), 7\u00a0\u20ac (r\u00e9duit) et gratuit pour les moins de 26\u00a0ans.<\/p>\n<p>\u00a0<\/p>\n","protected":false},"excerpt":{"rendered":"Sur un mur du couvent des Jacobins \u00e0 Rennes, un portrait de Vierge \u00e0 l\u2019enfant interpelle le regard.&hellip;\n","protected":false},"author":2,"featured_media":309595,"comment_status":"","ping_status":"","sticky":false,"template":"","format":"standard","meta":{"footnotes":""},"categories":[2821],"tags":[1111,11,33192,829,1777,674,12176,1011,27,33193,44937,13505,12,31225,3086,3370,584,25],"class_list":{"0":"post-309594","1":"post","2":"type-post","3":"status-publish","4":"format-standard","5":"has-post-thumbnail","7":"category-rennes","8":"tag-actu","9":"tag-actualites","10":"tag-aujourd","11":"tag-bretagne","12":"tag-eu","13":"tag-europe","14":"tag-expo","15":"tag-fr","16":"tag-france","17":"tag-hui","18":"tag-madone","19":"tag-mannequin","20":"tag-news","21":"tag-pinault","22":"tag-redon","23":"tag-renaissance","24":"tag-rennes","25":"tag-republique-francaise"},"share_on_mastodon":{"url":"https:\/\/pubeurope.com\/@fr\/115005012327689607","error":""},"_links":{"self":[{"href":"https:\/\/www.europesays.com\/fr\/wp-json\/wp\/v2\/posts\/309594","targetHints":{"allow":["GET"]}}],"collection":[{"href":"https:\/\/www.europesays.com\/fr\/wp-json\/wp\/v2\/posts"}],"about":[{"href":"https:\/\/www.europesays.com\/fr\/wp-json\/wp\/v2\/types\/post"}],"author":[{"embeddable":true,"href":"https:\/\/www.europesays.com\/fr\/wp-json\/wp\/v2\/users\/2"}],"replies":[{"embeddable":true,"href":"https:\/\/www.europesays.com\/fr\/wp-json\/wp\/v2\/comments?post=309594"}],"version-history":[{"count":0,"href":"https:\/\/www.europesays.com\/fr\/wp-json\/wp\/v2\/posts\/309594\/revisions"}],"wp:featuredmedia":[{"embeddable":true,"href":"https:\/\/www.europesays.com\/fr\/wp-json\/wp\/v2\/media\/309595"}],"wp:attachment":[{"href":"https:\/\/www.europesays.com\/fr\/wp-json\/wp\/v2\/media?parent=309594"}],"wp:term":[{"taxonomy":"category","embeddable":true,"href":"https:\/\/www.europesays.com\/fr\/wp-json\/wp\/v2\/categories?post=309594"},{"taxonomy":"post_tag","embeddable":true,"href":"https:\/\/www.europesays.com\/fr\/wp-json\/wp\/v2\/tags?post=309594"}],"curies":[{"name":"wp","href":"https:\/\/api.w.org\/{rel}","templated":true}]}}