{"id":30960,"date":"2025-04-17T06:00:10","date_gmt":"2025-04-17T06:00:10","guid":{"rendered":"https:\/\/www.europesays.com\/fr\/30960\/"},"modified":"2025-04-17T06:00:10","modified_gmt":"2025-04-17T06:00:10","slug":"insolite-patrick-mouratoglou-en-france-on-considere-quavoir-de-lambition-cest-etre-pretentieux-le-discours-cest-les-gens-qui-reussissent-ce-sont-des-salauds-on-est-aides-pour-fa","status":"publish","type":"post","link":"https:\/\/www.europesays.com\/fr\/30960\/","title":{"rendered":"Insolite > Patrick Mouratoglou : \u00ab\u00a0En France, on consid\u00e8re qu&rsquo;avoir de l&rsquo;ambition, c&rsquo;est \u00eatre pr\u00e9tentieux.\u00a0Le discours c&rsquo;est : &lsquo;les gens qui r\u00e9ussissent, ce sont des salauds&rsquo;. On est aid\u00e9s pour faire du haut niveau avec \u00e7a\u00a0\u00bb"},"content":{"rendered":"<p>Particuli\u00e8rement viru\u00adlent envers la menta\u00adlit\u00e9 fran\u00ad\u00e7aise dans une inter\u00adview accord\u00e9e \u00e0 <a href=\"https:\/\/www.eurosport.fr\/tennis\/atp-monte-carlo\/2025\/interview-de-patrick-mouratoglou-la-mentalite-francaise-nest-pas-une-mentalite-de-gagnant_sto23171282\/story.shtml\" data-wpel-link=\"external\" target=\"_blank\" rel=\"nofollow external noopener\">Eurosport<\/a> en marge de la derni\u00e8re \u00e9dition de son exhi\u00adbi\u00adtion, l\u2019UTS, Patrick Mouratoglou, apr\u00e8s avoir expliqu\u00e9 que <a href=\"https:\/\/www.welovetennis.fr\/insolite\/mouratoglou-sur-la-mentalite-a-la-francaise-en-france-si-on-a-une-bagnole-correcte-on-se-la-fait-rayer-dans-la-journee-cest-irreel-parce-que-les-gens-sont-jaloux-en-fait\" data-wpel-link=\"internal\" target=\"_blank\" rel=\"noopener\">les Fran\u00e7ais \u00e9taient jaloux de la r\u00e9us\u00adsite des autres<\/a>, a pris l\u2019exemple de la confiance assum\u00e9e d\u2019Arthur Fils pour en rajouter une couche. Extraits.<\/p>\n<p><strong>Vous disiez qu\u2019on n\u2019\u00e9tait pas habitu\u00e9 en France \u00e0 l\u2019\u00e9tat d\u2019es\u00adprit tr\u00e8s ambi\u00adtieux affich\u00e9 par Arthur Fils. Comment l\u2019expliquez\u2010vous\u202f?<\/strong><br \/>Patrick Mouratoglou\u00a0: Je pense que c\u2019est li\u00e9 \u00e0 la culture fran\u00ad\u00e7aise.\u00a0Je vais dire ce que je pense vrai\u00adment\u00a0:\u00a0J\u2019aime profon\u00add\u00e9\u00adment la culture fran\u00ad\u00e7aise mais je d\u00e9teste la menta\u00adlit\u00e9 fran\u00e7aise.\u00a0<\/p>\n<p><strong>Alors c\u2019est quoi, la menta\u00adlit\u00e9 fran\u00ad\u00e7aise\u202f?<\/strong><br \/>PM\u00a0: On consi\u00add\u00e8re qu\u2019a\u00advoir de l\u2019am\u00adbi\u00adtion, c\u2019est \u00eatre pr\u00e9ten\u00adtieux.\u00a0Le discours c\u2019est\u00a0: \u2018les gens qui r\u00e9us\u00adsissent, ce sont des salauds\u2019. On est aid\u00e9s pour faire du haut niveau avec \u00e7a (ironique).\u00a0C\u2019est normal que les gens n\u2019osent m\u00eame pas avoir de l\u2019am\u00adbi\u00adtion.\u00a0Parce qu\u2019eux\u2010m\u00eames se jugent quand ils ont de l\u2019am\u00adbi\u00adtion. Il faut voir petit, il faut penser petit.\u00a0Et donc, pour faire des grandes choses, que ce soit dans le sport, dans le busi\u00adness,\u00a0dans tout un tas de secteurs, ce n\u2019est pas terrible.\u00a0On se l\u2019au\u00adto\u00adrise dans la gastro\u00adnomie, parce que l\u00e0, on a le droit d\u2019\u00eatre les meilleurs. Mais c\u2019est unique\u00adment dans quelques secteurs.<\/p>\n<p class=\"post-published-date\" style=\"color: silver; font-size: 75%; text-align: left;\">Publi\u00e9 le mercredi 16 avril 2025 \u00e0 19:09<\/p>\n","protected":false},"excerpt":{"rendered":"Particuli\u00e8rement viru\u00adlent envers la menta\u00adlit\u00e9 fran\u00ad\u00e7aise dans une inter\u00adview accord\u00e9e \u00e0 Eurosport en marge de la derni\u00e8re \u00e9dition&hellip;\n","protected":false},"author":2,"featured_media":30961,"comment_status":"","ping_status":"","sticky":false,"template":"","format":"standard","meta":{"footnotes":""},"categories":[1415],"tags":[3768,1011,27,60,1467],"class_list":{"0":"post-30960","1":"post","2":"type-post","3":"status-publish","4":"format-standard","5":"has-post-thumbnail","7":"category-tennis","8":"tag-arthur-fils","9":"tag-fr","10":"tag-france","11":"tag-sports","12":"tag-tennis"},"share_on_mastodon":{"url":"https:\/\/pubeurope.com\/@fr\/114351782144650420","error":""},"_links":{"self":[{"href":"https:\/\/www.europesays.com\/fr\/wp-json\/wp\/v2\/posts\/30960","targetHints":{"allow":["GET"]}}],"collection":[{"href":"https:\/\/www.europesays.com\/fr\/wp-json\/wp\/v2\/posts"}],"about":[{"href":"https:\/\/www.europesays.com\/fr\/wp-json\/wp\/v2\/types\/post"}],"author":[{"embeddable":true,"href":"https:\/\/www.europesays.com\/fr\/wp-json\/wp\/v2\/users\/2"}],"replies":[{"embeddable":true,"href":"https:\/\/www.europesays.com\/fr\/wp-json\/wp\/v2\/comments?post=30960"}],"version-history":[{"count":0,"href":"https:\/\/www.europesays.com\/fr\/wp-json\/wp\/v2\/posts\/30960\/revisions"}],"wp:featuredmedia":[{"embeddable":true,"href":"https:\/\/www.europesays.com\/fr\/wp-json\/wp\/v2\/media\/30961"}],"wp:attachment":[{"href":"https:\/\/www.europesays.com\/fr\/wp-json\/wp\/v2\/media?parent=30960"}],"wp:term":[{"taxonomy":"category","embeddable":true,"href":"https:\/\/www.europesays.com\/fr\/wp-json\/wp\/v2\/categories?post=30960"},{"taxonomy":"post_tag","embeddable":true,"href":"https:\/\/www.europesays.com\/fr\/wp-json\/wp\/v2\/tags?post=30960"}],"curies":[{"name":"wp","href":"https:\/\/api.w.org\/{rel}","templated":true}]}}