{"id":309600,"date":"2025-08-10T14:50:11","date_gmt":"2025-08-10T14:50:11","guid":{"rendered":"https:\/\/www.europesays.com\/fr\/309600\/"},"modified":"2025-08-10T14:50:11","modified_gmt":"2025-08-10T14:50:11","slug":"cest-3-000-euros-qui-partent-en-fumee-avec-lannulation-de-leur-vol-easyjet-les-vacances-de-ces-nicois-au-puy-du-fou-virent-au-cauchemar","status":"publish","type":"post","link":"https:\/\/www.europesays.com\/fr\/309600\/","title":{"rendered":"\u00ab\u00a0C\u2019est 3.000\u2005euros qui partent en fum\u00e9e\u00a0\u00bb: avec l&rsquo;annulation de leur vol easyJet, les vacances de ces Ni\u00e7ois au Puy du Fou virent au cauchemar"},"content":{"rendered":"<p>Quand les vacances ne se passent pas exactement comme pr\u00e9vu&#8230; Une famille ni\u00e7oise de sept personnes, dont un enfant de 3 ans, avait pr\u00e9vu d\u2019aller se promener du c\u00f4t\u00e9 du Puy du fou en cette saison estivale. Et avait r\u00e9serv\u00e9 un vol easyJet dimanche 3 ao\u00fbt \u00e0 19h55, avec retour le mercredi 6 ao\u00fbt.<\/p>\n<p>Sauf que l\u2019avion n\u2019est jamais parti. \u00ab\u00a0Le vol a \u00e9t\u00e9 retard\u00e9 plusieurs fois, mais ils ont fini par commencer l\u2019embarquement, raconte Christelle, passablement \u00e9nerv\u00e9e. Puis, \u00e0 22h39, alors que certaines personnes \u00e9taient d\u00e9j\u00e0 dans l\u2019avion, ils ont annonc\u00e9 que le vol \u00e9tait annul\u00e9. Et aucun avion avant mardi, alors qu\u2019on devait rentrer mercredi. R\u00e9sultat, on a d\u00fb annuler le s\u00e9jour au Puy du fou.\u00a0\u00bb<\/p>\n<p>La Ni\u00e7oise en veut \u00e0 la compagnie a\u00e9rienne low cost. \u00ab\u00a0EasyJet nous a men\u00e9s en bateau, s\u2019ils l\u2019avaient dit plut\u00f4t, on aurait pu trouver une solution alternative, mais \u00e0 22h39 c\u2019\u00e9tait trop tard, poursuit-elle. On attendait tellement ce voyage, on avait commenc\u00e9 \u00e0 regarder les horaires des spectacles&#8230;. Et l\u00e0, c\u2019est 3.000 euros qui partent en fum\u00e9e.\u00a0\u00bb<\/p>\n<p>Si la compagnie a\u00e9rienne devrait rembourser les billets d\u2019avion, rien n\u2019est moins s\u00fbr concernant le Puy du Fou, qui ne veut rien savoir, selon Christelle.<\/p>\n<p><strong>Couvre-feu<\/strong><\/p>\n<p>L\u2019avion de ce vol Nice-Nantes devait revenir \u00e0 Nice dans la soir\u00e9e. L\u2019annulation \u00e0 Nantes a aussi provoqu\u00e9 son lot de probl\u00e8mes, notamment pour <a href=\"https:\/\/www.nicematin.com\/faits-de-societe\/je-suis-outree-de-cette-assistance-lamentable-apres-l-annulation-d-un-vol-easyjet-nantes-nice-le-retour-tourne-au-cauchemar-pour-ce-groupe-de-personnes-agees-997238?t=1754749832\" rel=\"nofollow noopener\" target=\"_blank\">un groupe de cinq personnes \u00e2g\u00e9es de 79 \u00e0 91 ans, qui s\u2019est retrouv\u00e9 d\u00e9laiss\u00e9 par la compagnie a\u00e9rienne.<\/a><\/p>\n<p>Easyjet a expliqu\u00e9 que l\u2019annulation du vol Nantes-Nice \u00e9tait due \u00ab\u00a0\u00e0 des restrictions impos\u00e9es par le contr\u00f4le a\u00e9rien sur les vols pr\u00e9c\u00e9dents et ayant engendr\u00e9 des retards, ce qui signifie que le vol n\u2019aurait pas pu arriver avant le couvre-feu de l\u2019a\u00e9roport de Nantes\u00a0\u00bb.<\/p>\n<p>Pour rappel, un couvre-feu est en vigueur \u00e0 l\u2019a\u00e9roport Nantes-Atlantique depuis le 8 avril 2022: <strong>il interdit les d\u00e9collages et les atterrissages entre minuit et 6 heures du matin.<\/strong> \u00c0 Nice, l\u2019a\u00e9roport s\u2019est engag\u00e9 \u00e0 \u00e9viter les vols entre 23h30 et 6h du matin, selon sa charte de bonne conduite.<\/p>\n<p>Une histoire de couvre-feu qui ne convainc pas vraiment Christelle. \u00ab\u00a0Dans l\u2019a\u00e9roport, tout le monde disait que le vrai motif de l\u2019annulation, c\u2019\u00e9tait que le personnel de la compagnie habitait \u00e0 Nice et n\u2019aurait pas le temps de faire l\u2019aller-retour pour revenir dormir chez eux.\u00a0\u00bb<\/p>\n","protected":false},"excerpt":{"rendered":"Quand les vacances ne se passent pas exactement comme pr\u00e9vu&#8230; Une famille ni\u00e7oise de sept personnes, dont un&hellip;\n","protected":false},"author":2,"featured_media":309601,"comment_status":"","ping_status":"","sticky":false,"template":"","format":"standard","meta":{"footnotes":""},"categories":[2819],"tags":[1111,11,1777,674,1011,27,12,2401,882,25,3366],"class_list":{"0":"post-309600","1":"post","2":"type-post","3":"status-publish","4":"format-standard","5":"has-post-thumbnail","7":"category-nice","8":"tag-actu","9":"tag-actualites","10":"tag-eu","11":"tag-europe","12":"tag-fr","13":"tag-france","14":"tag-news","15":"tag-nice","16":"tag-provence-alpes-cote-dazur","17":"tag-republique-francaise","18":"tag-vie-locale"},"share_on_mastodon":{"url":"https:\/\/pubeurope.com\/@fr\/115005032012162951","error":""},"_links":{"self":[{"href":"https:\/\/www.europesays.com\/fr\/wp-json\/wp\/v2\/posts\/309600","targetHints":{"allow":["GET"]}}],"collection":[{"href":"https:\/\/www.europesays.com\/fr\/wp-json\/wp\/v2\/posts"}],"about":[{"href":"https:\/\/www.europesays.com\/fr\/wp-json\/wp\/v2\/types\/post"}],"author":[{"embeddable":true,"href":"https:\/\/www.europesays.com\/fr\/wp-json\/wp\/v2\/users\/2"}],"replies":[{"embeddable":true,"href":"https:\/\/www.europesays.com\/fr\/wp-json\/wp\/v2\/comments?post=309600"}],"version-history":[{"count":0,"href":"https:\/\/www.europesays.com\/fr\/wp-json\/wp\/v2\/posts\/309600\/revisions"}],"wp:featuredmedia":[{"embeddable":true,"href":"https:\/\/www.europesays.com\/fr\/wp-json\/wp\/v2\/media\/309601"}],"wp:attachment":[{"href":"https:\/\/www.europesays.com\/fr\/wp-json\/wp\/v2\/media?parent=309600"}],"wp:term":[{"taxonomy":"category","embeddable":true,"href":"https:\/\/www.europesays.com\/fr\/wp-json\/wp\/v2\/categories?post=309600"},{"taxonomy":"post_tag","embeddable":true,"href":"https:\/\/www.europesays.com\/fr\/wp-json\/wp\/v2\/tags?post=309600"}],"curies":[{"name":"wp","href":"https:\/\/api.w.org\/{rel}","templated":true}]}}