{"id":309606,"date":"2025-08-10T14:55:12","date_gmt":"2025-08-10T14:55:12","guid":{"rendered":"https:\/\/www.europesays.com\/fr\/309606\/"},"modified":"2025-08-10T14:55:12","modified_gmt":"2025-08-10T14:55:12","slug":"quelle-est-cette-malediction-qui-dure-depuis-neuf-ans-aux-girondins-de-bordeaux","status":"publish","type":"post","link":"https:\/\/www.europesays.com\/fr\/309606\/","title":{"rendered":"Quelle est cette mal\u00e9diction qui dure depuis neuf ans aux Girondins de Bordeaux\u00a0?"},"content":{"rendered":"<p>            Par<br \/>\n        <strong><br \/>\n            <a href=\"https:\/\/actu.fr\/auteur\/julian-doubax\" title=\"Consulter tous les articles de Julian Doubax\" target=\"_blank\" rel=\"noopener\">Julian Doubax<\/a><br \/>\n        <\/strong><\/p>\n<p>        Publi\u00e9 le<\/p>\n<p>            10 ao\u00fbt 2025 \u00e0 16h32        <\/p>\n<p>Samedi 16\u00a0ao\u00fbt 2025 \u00e0 18\u00a0heures, les <a href=\"https:\/\/actu.fr\/tag\/girondins-de-bordeaux\" target=\"_blank\" rel=\"noopener\">Girondins de Bordeaux<\/a> entament leur saison en <strong>National\u00a02<\/strong> en recevant Avranches au <a href=\"https:\/\/actu.fr\/nouvelle-aquitaine\/bordeaux_33063\/stade-atlantique-est-ce-que-bordeaux-metropole-peut-eviter-un-gouffre-financier_63000700.html\" target=\"_blank\" rel=\"noopener\">Stade Atlantique<\/a>.<\/p>\n<p class=\" wall-content\">Les hommes de Bruno Irl\u00e8s ont cl\u00f4tur\u00e9 leur pr\u00e9paration estivale avec un ultime match nul (1-1) contre l\u2019Aviron Bayonnais \u00e0 Tarnos. Les Basques avaient ouvert la marque avant que <strong>Jean Grillot<\/strong> \u00e9galise en reprenant un ballon mal d\u00e9gag\u00e9 sur un corner.<\/p>\n<p class=\" wall-content\">Pour leurs d\u00e9buts en championnat, les Bordelais peuvent mettre fin \u00e0 une <strong>mal\u00e9diction<\/strong> qui les poursuit depuis <strong>ao\u00fbt\u00a02016.<\/strong><\/p>\n<p>Aucune victoire en match d\u2019ouverture depuis\u2026 2016<\/p>\n<p class=\" wall-content\">Lors des derni\u00e8res ann\u00e9es, la premi\u00e8re journ\u00e9e de championnat rime rarement avec victoire pour les Girondins de Bordeaux. En effet, les Marine et Blanc n\u2019ont plus gagn\u00e9 leur premi\u00e8re rencontre de championnat depuis\u2026 <strong>le 13 ao\u00fbt\u00a02016.<\/strong><\/p>\n<p class=\" wall-content\">\u00c0 l\u2019\u00e9poque, le club \u00e9voluait en Ligue\u00a01 et avait battu l\u2019AS Saint-\u00c9tienne (3-2) gr\u00e2ce \u00e0 des buts de <strong>Ga\u00ebtan Laborde<\/strong>, <strong>Diego Rolan<\/strong> et un somptueux coup franc de <strong>Malcom<\/strong>. C\u2019\u00e9tait Jocelyn Gourvennec qui \u00e9tait aux commandes sur le banc de touche.<\/p>\n<p class=\" wall-content\">Depuis, de l\u2019eau a coul\u00e9 sous les ponts et la formation girondine a connu une rel\u00e9gation sportive en<strong> Ligue\u00a02<\/strong> et une autre administrative en <strong>National\u00a02.<\/strong><\/p>\n<p>Huit matchs pour aucune victoire<\/p>\n<p class=\" wall-content\">Depuis ce succ\u00e8s inaugural contre l\u2019ASSE, les Girondins de Bordeaux ont \u00e9chou\u00e9 \u00e0 huit reprises lors de leur entame de championnat. Des revers humiliants avaient \u00e9t\u00e9 enregistr\u00e9s en 2021 contre Clermont<strong> (0-2)<\/strong>, tout fra\u00eechement en promu en Ligue 1 ou encore en 2023 \u00e0 Pau <strong>(3-0)<\/strong> o\u00f9 les hommes de David Guion avaient \u00e9t\u00e9 balay\u00e9s.<\/p>\n<p class=\" wall-content\">L\u2019an dernier, le club au scapulaire avait \u00e9vit\u00e9 de peu la d\u00e9faite contre Poitiers <strong>(1-1)<\/strong>. Lassana Diabat\u00e9, <strong>gardien de but<\/strong>, avait \u00e9galis\u00e9 dans les ultimes secondes pour lancer la saison des Girondins en National 2.\u00a0<\/p>\n<p class=\" wall-content\">Les Bordelais esp\u00e8rent donc <strong>mettre fin \u00e0 cette mal\u00e9diction<\/strong> qui perdure et pouvoir f\u00eater un premier succ\u00e8s aupr\u00e8s de leurs supporters. Pour rappel, plus de <strong>5\u2009000 abonnements<\/strong> ont \u00e9t\u00e9 vendus pour cette nouvelle saison au quatri\u00e8me \u00e9chelon du football fran\u00e7ais.<\/p>\n<p class=\" wall-content\">Suivez toute l\u2019actualit\u00e9 de vos villes et m\u00e9dias favoris en vous inscrivant \u00e0 <a href=\"https:\/\/moncompte.actu.fr\" title=\"D\u00e9couvez Mon Actu\" rel=\"nofollow noopener\" data-trk=\"{&quot;cta&quot;:{&quot;action&quot;:&quot;https:\\\/\\\/moncompte.actu.fr&quot;,&quot;category&quot;:&quot;mon compte&quot;,&quot;from&quot;:&quot;article footer&quot;,&quot;name&quot;:&quot;Mon actu&quot;,&quot;type&quot;:&quot;cta&quot;}}\" target=\"_blank\">Mon Actu<\/a>.<\/p>\n<ul class=\"ac-article-tag wall-content\">\n<li><a href=\"https:\/\/actu.fr\/tag\/girondins-de-bordeaux\" data-trk=\"{&quot;cta&quot;:{&quot;action&quot;:&quot;Girondins de Bordeaux&quot;,&quot;category&quot;:&quot;tag&quot;,&quot;from&quot;:&quot;article footer&quot;,&quot;name&quot;:&quot;Girondins de Bordeaux&quot;,&quot;type&quot;:&quot;cta&quot;}}\" target=\"_blank\" rel=\"noopener\">#Girondins de Bordeaux<\/a><\/li>\n<li><a href=\"https:\/\/actu.fr\/tag\/matmut-atlantique\" data-trk=\"{&quot;cta&quot;:{&quot;action&quot;:&quot;Matmut Atlantique&quot;,&quot;category&quot;:&quot;tag&quot;,&quot;from&quot;:&quot;article footer&quot;,&quot;name&quot;:&quot;Matmut Atlantique&quot;,&quot;type&quot;:&quot;cta&quot;}}\" target=\"_blank\" rel=\"noopener\">#Matmut Atlantique<\/a><\/li>\n<\/ul>\n","protected":false},"excerpt":{"rendered":"Par Julian Doubax Publi\u00e9 le 10 ao\u00fbt 2025 \u00e0 16h32 Samedi 16\u00a0ao\u00fbt 2025 \u00e0 18\u00a0heures, les Girondins de&hellip;\n","protected":false},"author":2,"featured_media":309607,"comment_status":"","ping_status":"","sticky":false,"template":"","format":"standard","meta":{"footnotes":""},"categories":[2817],"tags":[1111,11,1997,1777,674,63,1011,27,2908,5977,12,2219,25,60],"class_list":{"0":"post-309606","1":"post","2":"type-post","3":"status-publish","4":"format-standard","5":"has-post-thumbnail","7":"category-bordeaux","8":"tag-actu","9":"tag-actualites","10":"tag-bordeaux","11":"tag-eu","12":"tag-europe","13":"tag-football","14":"tag-fr","15":"tag-france","16":"tag-girondins-de-bordeaux","17":"tag-matmut-atlantique","18":"tag-news","19":"tag-nouvelle-aquitaine","20":"tag-republique-francaise","21":"tag-sports"},"share_on_mastodon":{"url":"https:\/\/pubeurope.com\/@fr\/115005051639342256","error":""},"_links":{"self":[{"href":"https:\/\/www.europesays.com\/fr\/wp-json\/wp\/v2\/posts\/309606","targetHints":{"allow":["GET"]}}],"collection":[{"href":"https:\/\/www.europesays.com\/fr\/wp-json\/wp\/v2\/posts"}],"about":[{"href":"https:\/\/www.europesays.com\/fr\/wp-json\/wp\/v2\/types\/post"}],"author":[{"embeddable":true,"href":"https:\/\/www.europesays.com\/fr\/wp-json\/wp\/v2\/users\/2"}],"replies":[{"embeddable":true,"href":"https:\/\/www.europesays.com\/fr\/wp-json\/wp\/v2\/comments?post=309606"}],"version-history":[{"count":0,"href":"https:\/\/www.europesays.com\/fr\/wp-json\/wp\/v2\/posts\/309606\/revisions"}],"wp:featuredmedia":[{"embeddable":true,"href":"https:\/\/www.europesays.com\/fr\/wp-json\/wp\/v2\/media\/309607"}],"wp:attachment":[{"href":"https:\/\/www.europesays.com\/fr\/wp-json\/wp\/v2\/media?parent=309606"}],"wp:term":[{"taxonomy":"category","embeddable":true,"href":"https:\/\/www.europesays.com\/fr\/wp-json\/wp\/v2\/categories?post=309606"},{"taxonomy":"post_tag","embeddable":true,"href":"https:\/\/www.europesays.com\/fr\/wp-json\/wp\/v2\/tags?post=309606"}],"curies":[{"name":"wp","href":"https:\/\/api.w.org\/{rel}","templated":true}]}}