{"id":309612,"date":"2025-08-10T14:59:12","date_gmt":"2025-08-10T14:59:12","guid":{"rendered":"https:\/\/www.europesays.com\/fr\/309612\/"},"modified":"2025-08-10T14:59:12","modified_gmt":"2025-08-10T14:59:12","slug":"groupe-restreint-recrues-attendues-departs-possibles-le-stade-brestois-avec-quel-effectif-contre-lille-a-la-reprise-de-la-ligue-1","status":"publish","type":"post","link":"https:\/\/www.europesays.com\/fr\/309612\/","title":{"rendered":"Groupe restreint, recrues attendues, d\u00e9parts possibles\u00a0: le Stade Brestois avec quel effectif contre Lille \u00e0 la reprise de la Ligue\u00a01\u00a0?"},"content":{"rendered":"<p>Le Stade Brestois va entrer dans le vif du sujet. Deux mois jour pour jour apr\u00e8s son dernier match en championnat et la gifle re\u00e7ue \u00e0 Nice (6-0), Brest va retrouver la Ligue 1 avec la r\u00e9ception de Lille, dimanche 17 ao\u00fbt 2025 (15\u00a0h). <a href=\"https:\/\/www.letelegramme.fr\/sports\/football\/stade-brestois\/avec-son-match-nul-contre-sassuolo-le-stade-brestois-termine-sa-preparation-invaincu-et-fait-le-plein-de-confiance-6869257.php\" target=\"_blank\" rel=\"nofollow noopener\">Face \u00e0 Sassuolo, samedi soir<\/a>, le club de la pointe bretonne a termin\u00e9 sa pr\u00e9-saison par un cinqui\u00e8me match sans d\u00e9faite (1-1), concluant pour le mieux plus d\u2019un mois de pr\u00e9paration. Lors de la r\u00e9p\u00e9tition g\u00e9n\u00e9rale, \u00c9ric Roy s\u2019est principalement appuy\u00e9 sur un groupe 22 joueurs, dont 14 ayant jou\u00e9 au moins une mi-temps. Il n\u2019a d\u2019ailleurs pas h\u00e9sit\u00e9 \u00e0 faire rentrer \u00e0 nouveau sur le terrain des joueurs sortis \u00e0 la pause (Doumbia, Le Cardinal) pour \u00e9quilibrer leur temps de jeu. La rotation en d\u00e9fense et au milieu de terrain s\u2019est d\u00e9roul\u00e9e sans encombre. Junior Diaz, et Mahdi Camara ont pu \u00eatre lanc\u00e9s \u00e0 la pause, Hamidou Makalou, Hianga\u2019a Mbock et Luc Zogb\u00e9 ont \u00e9galement pu grapiller quelques minutes.<\/p>\n<p>\u00ab\u00a0Ceux qui \u00e9taient l\u00e0, seront convoqu\u00e9s samedi\u00a0\u00bb<\/p>\n<p>Pour suppl\u00e9er son trio offensif, en revanche, seul Axel Camblan, ailier de formation, a \u00e9t\u00e9 lanc\u00e9. Les n\u00e9o-professionnels Saliou Diop et Ibrahim Kant\u00e9 ne figuraient d\u2019ailleurs pas sur la feuille de match. \u00ab\u00a0On voit qu\u2019on est quand m\u00eame limit\u00e9 en termes de rotation, afin de pouvoir mettre plus de dynamisme devant, a analys\u00e9 Roy. J\u2019esp\u00e8re qu\u2019on va pouvoir un petit peu renforcer l\u2019\u00e9quipe d\u2019ici <a href=\"https:\/\/www.letelegramme.fr\/sports\/football\/mercato\/mercato-stade-brestois\/\" rel=\"nofollow noopener\" target=\"_blank\">la fin du mercato.<\/a>\u00a0\u00bb L\u2019\u00e9ch\u00e9ance est fix\u00e9e au 1er septembre \u00e0 20\u00a0h.<\/p>\n<p>Pourrait-on voir de nouvelles recrues offensives d\u00e8s le week-end prochain pour l\u2019ouverture du championnat\u00a0? \u00ab\u00a0M\u00eame si des joueurs arrivaient, je ne pense pas qu\u2019ils seront op\u00e9rationnels pour jouer contre Lille, a poursuivi \u00c9ric Roy. Ceux qui \u00e9taient aujourd\u2019hui (samedi) sur le terrain seront convoqu\u00e9s.\u00a0\u00bb Un groupe de 20 joueurs (en incluant le gardienJauny et le d\u00e9fenseur Le Guen) se pr\u00e9cise pour la r\u00e9ception deu Losc. En esp\u00e9rant aucune blessure, et pas de d\u00e9part d\u2019ici l\u00e0.<\/p>\n","protected":false},"excerpt":{"rendered":"Le Stade Brestois va entrer dans le vif du sujet. Deux mois jour pour jour apr\u00e8s son dernier&hellip;\n","protected":false},"author":2,"featured_media":309613,"comment_status":"","ping_status":"","sticky":false,"template":"","format":"standard","meta":{"footnotes":""},"categories":[2815],"tags":[1111,11,1777,674,63,1011,27,811,1307,12,25,60,4449],"class_list":{"0":"post-309612","1":"post","2":"type-post","3":"status-publish","4":"format-standard","5":"has-post-thumbnail","7":"category-lille","8":"tag-actu","9":"tag-actualites","10":"tag-eu","11":"tag-europe","12":"tag-football","13":"tag-fr","14":"tag-france","15":"tag-hauts-de-france","16":"tag-lille","17":"tag-news","18":"tag-republique-francaise","19":"tag-sports","20":"tag-stade-brestois"},"share_on_mastodon":{"url":"https:\/\/pubeurope.com\/@fr\/115005067939587827","error":""},"_links":{"self":[{"href":"https:\/\/www.europesays.com\/fr\/wp-json\/wp\/v2\/posts\/309612","targetHints":{"allow":["GET"]}}],"collection":[{"href":"https:\/\/www.europesays.com\/fr\/wp-json\/wp\/v2\/posts"}],"about":[{"href":"https:\/\/www.europesays.com\/fr\/wp-json\/wp\/v2\/types\/post"}],"author":[{"embeddable":true,"href":"https:\/\/www.europesays.com\/fr\/wp-json\/wp\/v2\/users\/2"}],"replies":[{"embeddable":true,"href":"https:\/\/www.europesays.com\/fr\/wp-json\/wp\/v2\/comments?post=309612"}],"version-history":[{"count":0,"href":"https:\/\/www.europesays.com\/fr\/wp-json\/wp\/v2\/posts\/309612\/revisions"}],"wp:featuredmedia":[{"embeddable":true,"href":"https:\/\/www.europesays.com\/fr\/wp-json\/wp\/v2\/media\/309613"}],"wp:attachment":[{"href":"https:\/\/www.europesays.com\/fr\/wp-json\/wp\/v2\/media?parent=309612"}],"wp:term":[{"taxonomy":"category","embeddable":true,"href":"https:\/\/www.europesays.com\/fr\/wp-json\/wp\/v2\/categories?post=309612"},{"taxonomy":"post_tag","embeddable":true,"href":"https:\/\/www.europesays.com\/fr\/wp-json\/wp\/v2\/tags?post=309612"}],"curies":[{"name":"wp","href":"https:\/\/api.w.org\/{rel}","templated":true}]}}