{"id":309614,"date":"2025-08-10T15:00:10","date_gmt":"2025-08-10T15:00:10","guid":{"rendered":"https:\/\/www.europesays.com\/fr\/309614\/"},"modified":"2025-08-10T15:00:10","modified_gmt":"2025-08-10T15:00:10","slug":"arrachee-a-un-touriste-suisse-une-montre-richard-mille-a-plus-de-200-000e-est-retrouvee-sous-une-voiture-par-la-police","status":"publish","type":"post","link":"https:\/\/www.europesays.com\/fr\/309614\/","title":{"rendered":"Arrach\u00e9e \u00e0 un touriste suisse, une montre Richard Mille \u00e0 plus de 200 000\u20ac est retrouv\u00e9e sous une voiture par la police"},"content":{"rendered":"<p>Marseille a beau devenir une destination \u00e0 la mode, le <a href=\"https:\/\/www.laprovence.com\/actu\/en-direct\/5834561\/breve.html\" target=\"_blank\" rel=\"noopener\">boulevard des Dames<\/a> n\u2019est pas encore l\u2019endroit le plus recommand\u00e9 pour arborer une montre de luxe.<\/p>\n<p>Un ressortissant suisse en a fait la mauvaise exp\u00e9rience, ce soir du samedi 9 ao\u00fbt 2025 vers 19h. Alors qu\u2019il se trouvait en voiture sur le boulevard des Dames, dans le 2e arrondissement, l\u2019homme a \u00e9t\u00e9 pris pour cible par deux <a href=\"https:\/\/www.laprovence.com\/article\/region\/2098757244138715\/marseille-mort-du-second-jeune-homme-percute-par-un-automobiliste-apres-un-vol-au-panier\" target=\"_blank\" rel=\"noopener\">voleurs juch\u00e9s sur un scooter.<\/a> En quelques instants, le passager est parvenu \u00e0 entrer dans l\u2019habitacle, arracher la montre de l\u2019automobiliste, avant de sauter sur la selle du scooter, attendu par le pilote, qui a pris la fuite en direction de la rue Henri Barbusse. C\u2019\u00e9tait sans compter sur un \u00e9quipage de la police municipale, qui a aussit\u00f4t pris en chasse le deux-roues apr\u00e8s avoir surpris le vol.\u00a0<\/p>\n<p>Le pilote de la Vespa a \u00e9t\u00e9 interpell\u00e9 dans la foul\u00e9e, mais son passager a r\u00e9ussi \u00e0 prendre la fuite avec la montre, une Richard Mille d\u2019une valeur de pr\u00e8s de 200 000\u20ac selon la victime, qui a d\u00e9pos\u00e9 plainte.<\/p>\n<p>Deux suspects arr\u00eat\u00e9s et la montre retrouv\u00e9e<\/p>\n<p>\u00c0 l\u2019aide du signalement du suspect, \u00e0 distance, les op\u00e9rateurs du centre de supervision urbain (CSU) de <a href=\"https:\/\/www.laprovence.com\/bouches-du-rhone\/marseille-13055\" target=\"_blank\" rel=\"noopener\">Marseille <\/a>sont toutefois parvenus \u00e0 retrouver sa trace. Apr\u00e8s plus de quatre heures pass\u00e9es \u00e0 scruter les images des cam\u00e9ras de vid\u00e9osurveillance pour remonter la piste du jeune homme, les agents ont enfin retrouv\u00e9 un homme correspondant au signalement sur le boulevard de Paris, dans le <a href=\"https:\/\/www.laprovence.com\/article\/region\/1043665522346615\/fusillades-mortelles-a-marseille-a-la-joliette-un-quartier-sous-le-choc\" target=\"_blank\" rel=\"noopener\">quartier de la Joliette<\/a> (2e).<\/p>\n<p>Suivant les indications des op\u00e9rateurs, les policiers municipaux ont fini par mettre la main sur le passager du scooter, suspect\u00e9 d\u2019avoir commis le vol \u00e0 l\u2019arrach\u00e9, tandis que la pr\u00e9cieuse montre \u00e9tait retrouv\u00e9e, toujours gr\u00e2ce aux images enregistr\u00e9es par les cam\u00e9ras. Elle avait simplement \u00e9t\u00e9 cach\u00e9e sous une voiture en stationnement. Originaire du Portugal, le conducteur du 2-roues \u00e9tait jusqu&rsquo;ici inconnu des services de police, mais son passager, soup\u00e7onn\u00e9 d&rsquo;avoir arrach\u00e9 la montre est d\u00e9j\u00e0 fich\u00e9 pour des faits similaires.<\/p>\n<p>Braquage dans une brasserie<\/p>\n<p>Co\u00efncidence, alors que les deux jeunes suspects \u00e9taient plac\u00e9s en garde \u00e0 vue et la pr\u00e9cieuse montre rendue \u00e0 son propri\u00e9taire, ce m\u00eame samedi soir, \u00e0 l\u2019autre bout du centre-ville,<a href=\"https:\/\/www.laprovence.com\/article\/region\/3591664966212714\/des-arbres-un-banc-de-100-metres-a-marseille-la-future-place-castellane-donne-la-priorite-aux-pietons\" target=\"_blank\" rel=\"noopener\"> place Castellane<\/a>, dans le 6e arrondissement, un autre propri\u00e9taire de montre de valeur \u00e9tait sur le point d\u2019\u00eatre d\u00e9pouill\u00e9 \u00e0 son tour.<\/p>\n<p>Vers minuit, deux silhouettes casqu\u00e9es et gant\u00e9es ont fait irruption dans une brasserie situ\u00e9e \u00e0 deux pas de la place, sur l\u2019avenue du Prado. Munis chacun d\u2019une arme de poing, les deux braqueurs ont menac\u00e9 le patron de l\u2019\u00e9tablissement, qui a \u00e9t\u00e9 contraint de remettre sa montre. Les malfaiteurs ont aussit\u00f4t pris la fuite \u00e0 moto par l\u2019avenue Jules-Cantini. Surpris mais indemne, le g\u00e9rant de la brasserie a \u00e9t\u00e9 d\u00e9pouill\u00e9 d\u2019une montre de marque Hublot, pour un pr\u00e9judice estim\u00e9 \u00e0 environ 20\u00a0000\u20ac. Une enqu\u00eate a \u00e9t\u00e9 ouverte par la police pour remonter la piste des braqueurs.<\/p>\n","protected":false},"excerpt":{"rendered":"Marseille a beau devenir une destination \u00e0 la mode, le boulevard des Dames n\u2019est pas encore l\u2019endroit le&hellip;\n","protected":false},"author":2,"featured_media":309615,"comment_status":"","ping_status":"","sticky":false,"template":"","format":"standard","meta":{"footnotes":""},"categories":[2814],"tags":[17,1111,11,44940,1102,1777,674,274,1011,27,884,44942,15422,12,882,25,44941,3067,17549,96],"class_list":{"0":"post-309614","1":"post","2":"type-post","3":"status-publish","4":"format-standard","5":"has-post-thumbnail","7":"category-marseille","8":"tag-17","9":"tag-actu","10":"tag-actualites","11":"tag-arrachee","12":"tag-breakingnews","13":"tag-eu","14":"tag-europe","15":"tag-faits-divers-justice","16":"tag-fr","17":"tag-france","18":"tag-marseille","19":"tag-mille","20":"tag-montre","21":"tag-news","22":"tag-provence-alpes-cote-dazur","23":"tag-republique-francaise","24":"tag-richard","25":"tag-suisse","26":"tag-touriste","27":"tag-une"},"share_on_mastodon":{"url":"https:\/\/pubeurope.com\/@fr\/115005071411854191","error":""},"_links":{"self":[{"href":"https:\/\/www.europesays.com\/fr\/wp-json\/wp\/v2\/posts\/309614","targetHints":{"allow":["GET"]}}],"collection":[{"href":"https:\/\/www.europesays.com\/fr\/wp-json\/wp\/v2\/posts"}],"about":[{"href":"https:\/\/www.europesays.com\/fr\/wp-json\/wp\/v2\/types\/post"}],"author":[{"embeddable":true,"href":"https:\/\/www.europesays.com\/fr\/wp-json\/wp\/v2\/users\/2"}],"replies":[{"embeddable":true,"href":"https:\/\/www.europesays.com\/fr\/wp-json\/wp\/v2\/comments?post=309614"}],"version-history":[{"count":0,"href":"https:\/\/www.europesays.com\/fr\/wp-json\/wp\/v2\/posts\/309614\/revisions"}],"wp:featuredmedia":[{"embeddable":true,"href":"https:\/\/www.europesays.com\/fr\/wp-json\/wp\/v2\/media\/309615"}],"wp:attachment":[{"href":"https:\/\/www.europesays.com\/fr\/wp-json\/wp\/v2\/media?parent=309614"}],"wp:term":[{"taxonomy":"category","embeddable":true,"href":"https:\/\/www.europesays.com\/fr\/wp-json\/wp\/v2\/categories?post=309614"},{"taxonomy":"post_tag","embeddable":true,"href":"https:\/\/www.europesays.com\/fr\/wp-json\/wp\/v2\/tags?post=309614"}],"curies":[{"name":"wp","href":"https:\/\/api.w.org\/{rel}","templated":true}]}}