{"id":309617,"date":"2025-08-10T15:02:13","date_gmt":"2025-08-10T15:02:13","guid":{"rendered":"https:\/\/www.europesays.com\/fr\/309617\/"},"modified":"2025-08-10T15:02:13","modified_gmt":"2025-08-10T15:02:13","slug":"rhone-cinq-cigognes-font-halte-sur-ce-chateau-deau-au-sud-de-lyon","status":"publish","type":"post","link":"https:\/\/www.europesays.com\/fr\/309617\/","title":{"rendered":"Rh\u00f4ne. Cinq cigognes font halte sur ce ch\u00e2teau d\u2019eau au sud de Lyon"},"content":{"rendered":"<p>Vendredi matin, Philippe Ingelaere promenait son chien dans les rues de Taluyers lorsqu\u2019une silhouette inhabituelle a attir\u00e9 son regard.<\/p>\n<p>\u00ab\u00a0Je me suis dit\u00a0: tiens, c\u2019est bizarre\u00a0\u00bb, raconte le retrait\u00e9. \u00ab\u00a0J\u2019ai vu les oiseaux tout de suite, mais je n\u2019ai pas r\u00e9alis\u00e9 imm\u00e9diatement que c\u2019\u00e9tait des cigognes. De loin, je voyais bien le noir et blanc\u2026 mais \u00e7a pouvait \u00eatre un h\u00e9ron. C\u2019est en m\u2019approchant que j\u2019ai compris.\u00a0\u00bb<\/p>\n<p>Perch\u00e9es sur le ch\u00e2teau d\u2019eau, cinq cigognes profitaient du calme matinal. \u00ab\u00a0J\u2019\u00e9tais ravi, c\u2019\u00e9tait la premi\u00e8re fois que j\u2019en voyais ici\u00a0\u00bb, confie Philippe, un brin frustr\u00e9 de ne pas avoir eu son appareil photo.<\/p>\n<p>Ce contenu est bloqu\u00e9 car vous n&rsquo;avez pas accept\u00e9 les cookies et autres traceurs.<\/p>\n<p>En cliquant sur \u00ab J\u2019accepte \u00bb, les cookies et autres traceurs seront d\u00e9pos\u00e9s et vous pourrez visualiser les contenus  (<a href=\"\" class=\"consentModule_policy\" target=\"_blank\" title=\"Consulter la politique de protection des donn\u00e9es du fournisseur\">plus d&rsquo;informations<\/a>).<\/p>\n<p>En cliquant sur \u00ab J\u2019accepte tous les cookies \u00bb, vous autorisez des d\u00e9p\u00f4ts de cookies et autres traceurs pour le stockage de vos donn\u00e9es sur nos sites et applications \u00e0 des fins de personnalisation et de ciblage publicitaire.<\/p>\n<p class=\"consentModule_secondaryText\">Vous gardez la possibilit\u00e9 de retirer votre consentement \u00e0 tout moment en consultant notre <a href=\"https:\/\/www.leprogres.fr\/protection-des-donnees\" target=\"_blank\" title=\"Consulter notre politique de protection des donn\u00e9es\" rel=\"noopener\">politique de protection des donn\u00e9es<\/a>. <br \/>&#13;<br \/>\n            <a href=\"https:\/\/www.leprogres.fr\/insolite\/2025\/08\/10\/javascript:Didomi.notice.show()\" class=\"consentModule_cmp\" target=\"_blank\" rel=\"noopener\">G\u00e9rer mes choix<\/a>&#13;\n        <\/p>\n<p>&#13;<br \/>\n                        J&rsquo;accepte&#13;<br \/>\n            J&rsquo;accepte tous les cookies&#13;\n        <\/p>\n<p>  Un pic vers le 15\u00a0ao\u00fbt<\/p>\n<p>Si la sc\u00e8ne reste rare dans le Rh\u00f4ne, elle n\u2019a rien d\u2019inhabituel \u00e0 cette p\u00e9riode. \u00ab\u00a0Nous sommes en migration post-nuptiale, c\u2019est-\u00e0-dire apr\u00e8s la reproduction. On peut observer des cigognes dans le d\u00e9partement entre ao\u00fbt et septembre\u00a0\u00bb, explique Cyril Serralta, correspondant local et passionn\u00e9 d\u2019ornithologie. La Ligue pour la protection des oiseaux (LPO) a d\u2019ailleurs recens\u00e9 14 observations depuis la mi-juillet.<\/p>\n<p>Ces cigognes sont en route vers l\u2019Afrique et profitent de haltes sur de grands b\u00e2timents ou des pyl\u00f4nes \u00e9lectriques, loin des zones habit\u00e9es. \u00ab\u00a0C\u2019est leur mani\u00e8re de se reposer en toute tranquillit\u00e9\u00a0\u00bb, pr\u00e9cise Cyril.<\/p>\n<p>Les ornithologues pr\u00e9voient un pic de passage autour du 15\u00a0ao\u00fbt. De quoi ravir les photographes et amoureux d\u2019oiseaux\u2026 qui auront peut-\u00eatre la chance d\u2019apercevoir la rare cigogne noire.<\/p>\n","protected":false},"excerpt":{"rendered":"Vendredi matin, Philippe Ingelaere promenait son chien dans les rues de Taluyers lorsqu\u2019une silhouette inhabituelle a attir\u00e9 son&hellip;\n","protected":false},"author":2,"featured_media":309618,"comment_status":"","ping_status":"","sticky":false,"template":"","format":"standard","meta":{"footnotes":""},"categories":[1889],"tags":[1111,11,1867,2430,3154,436,1777,674,1011,27,1757,2428,28151,12,25,2429,44943],"class_list":{"0":"post-309617","1":"post","2":"type-post","3":"status-publish","4":"format-standard","5":"has-post-thumbnail","7":"category-lyon","8":"tag-actu","9":"tag-actualites","10":"tag-animaux","11":"tag-auvergne-rhone-alpes","12":"tag-edition-sud-lyonnais","13":"tag-environnement","14":"tag-eu","15":"tag-europe","16":"tag-fr","17":"tag-france","18":"tag-insolite","19":"tag-lyon","20":"tag-mornant-bassin","21":"tag-news","22":"tag-republique-francaise","23":"tag-rhone","24":"tag-taluyers"},"share_on_mastodon":{"url":"https:\/\/pubeurope.com\/@fr\/115005079153184519","error":""},"_links":{"self":[{"href":"https:\/\/www.europesays.com\/fr\/wp-json\/wp\/v2\/posts\/309617","targetHints":{"allow":["GET"]}}],"collection":[{"href":"https:\/\/www.europesays.com\/fr\/wp-json\/wp\/v2\/posts"}],"about":[{"href":"https:\/\/www.europesays.com\/fr\/wp-json\/wp\/v2\/types\/post"}],"author":[{"embeddable":true,"href":"https:\/\/www.europesays.com\/fr\/wp-json\/wp\/v2\/users\/2"}],"replies":[{"embeddable":true,"href":"https:\/\/www.europesays.com\/fr\/wp-json\/wp\/v2\/comments?post=309617"}],"version-history":[{"count":0,"href":"https:\/\/www.europesays.com\/fr\/wp-json\/wp\/v2\/posts\/309617\/revisions"}],"wp:featuredmedia":[{"embeddable":true,"href":"https:\/\/www.europesays.com\/fr\/wp-json\/wp\/v2\/media\/309618"}],"wp:attachment":[{"href":"https:\/\/www.europesays.com\/fr\/wp-json\/wp\/v2\/media?parent=309617"}],"wp:term":[{"taxonomy":"category","embeddable":true,"href":"https:\/\/www.europesays.com\/fr\/wp-json\/wp\/v2\/categories?post=309617"},{"taxonomy":"post_tag","embeddable":true,"href":"https:\/\/www.europesays.com\/fr\/wp-json\/wp\/v2\/tags?post=309617"}],"curies":[{"name":"wp","href":"https:\/\/api.w.org\/{rel}","templated":true}]}}