{"id":309619,"date":"2025-08-10T15:03:15","date_gmt":"2025-08-10T15:03:15","guid":{"rendered":"https:\/\/www.europesays.com\/fr\/309619\/"},"modified":"2025-08-10T15:03:15","modified_gmt":"2025-08-10T15:03:15","slug":"collision-entre-un-tram-t4-et-une-voiture","status":"publish","type":"post","link":"https:\/\/www.europesays.com\/fr\/309619\/","title":{"rendered":"collision entre un tram T4 et une voiture"},"content":{"rendered":"<p>                            <img loading=\"lazy\" width=\"1080\" height=\"675\" class=\"attachment-article size-article wp-post-image lazyload\" alt=\"Tramway TCL ligne\" decoding=\"async\" src=\"https:\/\/www.europesays.com\/fr\/wp-content\/uploads\/2025\/04\/Tramway-t4-part-dieu-@WilliamPham-scaled-e1681390966632.jpg\" data-eio-rwidth=\"1080\" data-eio-rheight=\"675\"\/><\/p>\n<p>Tramway T4 au niveau de Part-Dieu. @WilliamPham<\/p>\n<p class=\"content\" style=\"font-size:1.2em;font-weight:700\">Un tramway T4 et une voiture sont entr\u00e9s en collision ce samedi 9 ao\u00fbt apr\u00e8s-midi pr\u00e8s de la gare Part-Dieu, \u00e0 hauteur de l\u2019arr\u00eat Villette. L\u2019accident, survenu \u00e0 faible allure, n\u2019a pas fait de bless\u00e9.<\/p>\n<p>Selon les informations du <a href=\"https:\/\/c.leprogres.fr\/faits-divers-justice\/2025\/08\/10\/on-roulait-doucement-mais-il-y-a-eu-un-choc-terrible-spectaculaire-collision-entre-un-tram-et-une-voiture\" target=\"_blank\" rel=\"noreferrer noopener nofollow\">Progr\u00e8s<\/a>, le v\u00e9hicule, un monospace, traversait les rails pour entrer dans un porche lorsque le choc s\u2019est produit. La voiture a \u00e9t\u00e9 \u00e9peronn\u00e9e par la rame et tra\u00een\u00e9e sur plusieurs m\u00e8tres. La lunette arri\u00e8re a vol\u00e9 en \u00e9clats et un bloc de b\u00e9ton a \u00e9t\u00e9 projet\u00e9 \u00e0 distance. Le conducteur, indemne mais choqu\u00e9, a \u00e9t\u00e9 pris en charge par les secours.<\/p>\n<p>Les passagers du tram ont pu sortir calmement et le trafic a repris apr\u00e8s une interruption d\u2019une trentaine de minutes. D&rsquo;apr\u00e8s Keolis, gestionnaire du r\u00e9seau TCL, les collisions impliquant des trams ne sont pas rares \u00e0 Lyon, avec environ une centaine d\u2019accidents recens\u00e9s chaque ann\u00e9e.<\/p>\n","protected":false},"excerpt":{"rendered":"Tramway T4 au niveau de Part-Dieu. @WilliamPham Un tramway T4 et une voiture sont entr\u00e9s en collision ce&hellip;\n","protected":false},"author":2,"featured_media":2976,"comment_status":"","ping_status":"","sticky":false,"template":"","format":"standard","meta":{"footnotes":""},"categories":[1889],"tags":[119,1111,11,2430,1777,674,1011,27,44944,2428,1137,12,25,4109],"class_list":{"0":"post-309619","1":"post","2":"type-post","3":"status-publish","4":"format-standard","5":"has-post-thumbnail","7":"category-lyon","8":"tag-accident","9":"tag-actu","10":"tag-actualites","11":"tag-auvergne-rhone-alpes","12":"tag-eu","13":"tag-europe","14":"tag-fr","15":"tag-france","16":"tag-gare-de-la-part-dieu","17":"tag-lyon","18":"tag-mobilite","19":"tag-news","20":"tag-republique-francaise","21":"tag-tramway"},"share_on_mastodon":{"url":"https:\/\/pubeurope.com\/@fr\/115005083054498514","error":""},"_links":{"self":[{"href":"https:\/\/www.europesays.com\/fr\/wp-json\/wp\/v2\/posts\/309619","targetHints":{"allow":["GET"]}}],"collection":[{"href":"https:\/\/www.europesays.com\/fr\/wp-json\/wp\/v2\/posts"}],"about":[{"href":"https:\/\/www.europesays.com\/fr\/wp-json\/wp\/v2\/types\/post"}],"author":[{"embeddable":true,"href":"https:\/\/www.europesays.com\/fr\/wp-json\/wp\/v2\/users\/2"}],"replies":[{"embeddable":true,"href":"https:\/\/www.europesays.com\/fr\/wp-json\/wp\/v2\/comments?post=309619"}],"version-history":[{"count":0,"href":"https:\/\/www.europesays.com\/fr\/wp-json\/wp\/v2\/posts\/309619\/revisions"}],"wp:featuredmedia":[{"embeddable":true,"href":"https:\/\/www.europesays.com\/fr\/wp-json\/wp\/v2\/media\/2976"}],"wp:attachment":[{"href":"https:\/\/www.europesays.com\/fr\/wp-json\/wp\/v2\/media?parent=309619"}],"wp:term":[{"taxonomy":"category","embeddable":true,"href":"https:\/\/www.europesays.com\/fr\/wp-json\/wp\/v2\/categories?post=309619"},{"taxonomy":"post_tag","embeddable":true,"href":"https:\/\/www.europesays.com\/fr\/wp-json\/wp\/v2\/tags?post=309619"}],"curies":[{"name":"wp","href":"https:\/\/api.w.org\/{rel}","templated":true}]}}