{"id":309620,"date":"2025-08-10T15:05:11","date_gmt":"2025-08-10T15:05:11","guid":{"rendered":"https:\/\/www.europesays.com\/fr\/309620\/"},"modified":"2025-08-10T15:05:11","modified_gmt":"2025-08-10T15:05:11","slug":"ratp-et-sncf-les-perturbations-attendues-dans-les-transports-a-paris-et-en-ile-de-france-cette-semaine-15","status":"publish","type":"post","link":"https:\/\/www.europesays.com\/fr\/309620\/","title":{"rendered":"RATP et SNCF. Les perturbations attendues dans les transports \u00e0 Paris et en \u00cele-de-France cette semaine"},"content":{"rendered":"<p>            Par<br \/>\n        <strong><br \/>\n            <a href=\"https:\/\/actu.fr\/auteur\/antoine-grotteria02\" title=\"Consulter tous les articles de Antoine Grotteria\" target=\"_blank\" rel=\"noopener\">Antoine Grotteria<\/a><br \/>\n        <\/strong><\/p>\n<p>        Publi\u00e9 le<\/p>\n<p>            10 ao\u00fbt 2025 \u00e0 17h00        <\/p>\n<p>Une semaine particuli\u00e8rement <strong>compliqu\u00e9e<\/strong>. Incorporez une semaine de<strong> vacances estivales<\/strong> et ajoutez un pont de trois jours li\u00e9 au <strong>15 ao\u00fbt<\/strong>, f\u00eate de l\u2019Assomption\u2026 Des ingr\u00e9dients id\u00e9aux pour passer quelques jours \u00e0 peiner dans les <a href=\"https:\/\/actu.fr\/tag\/transport\" target=\"_blank\" rel=\"noopener\">transports en commun<\/a> de <a href=\"https:\/\/actu.fr\/paris\/\" target=\"_blank\" rel=\"noopener\">Paris<\/a> et d\u2019\u00cele-de-France. <a href=\"https:\/\/actu.fr\/tag\/metro\" target=\"_blank\" rel=\"noopener\">M\u00e9tro<\/a>, RER, Transilien\u2026 Actu Paris fait le point sur les perturbations attendues sur les lignes <a href=\"https:\/\/actu.fr\/tag\/ratp\" target=\"_blank\" rel=\"noopener\">RATP<\/a> et <a href=\"https:\/\/actu.fr\/tag\/sncf\" target=\"_blank\" rel=\"noopener\">SNCF<\/a> du lundi 11 au dimanche 18 ao\u00fbt 2025.\u00a0<\/p>\n<p class=\" wall-content\"><strong>M\u00e9tro<\/strong><\/p>\n<ul class=\" wall-content\">\n<li><strong>Ligne 1<\/strong> : du 11 ao\u00fbt au 31 ao\u00fbt, le trafic sera interrompu entre Charles de Gaulle \u2013 Etoile et La D\u00e9fense en raison de travaux d\u2019entretien. Bus en place.\u00a0<\/li>\n<li><strong>Ligne 6<\/strong> : jusqu\u2019au 28 septembre, l\u2019arr\u00eat n\u2019est pas desservi \u00e0 Cambronne en raison de travaux de modernisation.\u00a0<\/li>\n<li><strong>Ligne 13<\/strong> : jusqu\u2019au 31 ao\u00fbt, les acc\u00e8s aux stations Gabriel P\u00e9ri et Pernety sont ferm\u00e9s. Raison : travaux<\/li>\n<\/ul>\n<p class=\" wall-content\"><strong>RER\u00a0<\/strong><\/p>\n<ul class=\" wall-content\">\n<li><strong>RER A<\/strong> : jusqu\u2019au\u00a022 ao\u00fbt,\u00a0le trafic est interrompu\u00a0entre\u00a0Saint-Germain-en-Laye\u00a0et\u00a0Le V\u00e9sinet \u2013 Le Pecq\u00a0en raison de\u00a0travaux<\/li>\n<li><strong>RER B<\/strong> : jusqu\u2019au mardi 12 ao\u00fbt, du lundi au vendredi d\u00e8s 22h45, trafic interrompu entre Denfert-Rochereau et A\u00e9roport CDG2 et Mitry-Claye en raison de travaux. Voyageurs du RER B, en raison de travaux jusqu\u2019au 27 ao\u00fbt inclus\u200b\u200b, trafic interrompu entre Massy\u2013Palaiseau et La Croix de Berny. Nous vous invitons \u00e0 reporter votre voyage autant que possible ou \u00e0 anticiper vos d\u00e9placements. Le jeudi 14 ao\u00fbt, d\u00e8s 22h45, le trafic sera interrompu entre Denfert-Rochereau et A\u00e9roport CDG2 et Mitry-Claye en raison de travaux d\u2019entretien. Du vendredi 15 au dimanche 17 ao\u00fbt, le trafic sera interrompu entre Mitry\u2006\u2013\u2006Claye et Gare du Nord. Offre de transport r\u00e9duite, reportez votre voyage.\u00a0<\/li>\n<li><strong>RER C<\/strong> : dimanche 17 ao\u00fbt, d\u00e8s 23h55, le trafic est interrompu entre Saint-Martin d\u2019Etampes et Paris Austerlitz. Un service de bus de remplacement est mis en place, avec desserte des gares interm\u00e9diaires. Motif : Les Grands Travaux d\u2019\u00e9t\u00e9. Jusqu\u2019au 23 ao\u00fbt, le trafic est interrompu entre Gare d\u2019Austerlitz et Pontoise et Versailles Ch\u00e2teau Rive Gauche et Saint-Quentin en Yvelines en raison de travaux. Jusqu\u2019au samedi 23 ao\u00fbt, le trafic est interrompu entre Massy-Palaiseau et Pont de Rungis. Jusqu\u2019au 22 ao\u00fbt, \u00e0 partir de 23 heures, le trafic est interrompu ente Paris Austerlitz et Juvisy via Choisy le Roi. Jusqu\u2019au samedi 23 ao\u00fbt, le trafic est interrompu entre St-Quentin en Yvelines et Paris Austerlitz. Jusqu\u2019au 29 ao\u00fbt, le trafic est interrompu entre Paris Austerlitz et Pont de Rungis d\u00e8s 23 heures. Jusqu\u2019au 23 ao\u00fbt, l\u2019arr\u00eat n\u2019est pas desservi \u00e0 Saint-Michel\u2006\u2013\u2006Notre-Dame en raison de travaux. Du 16 au 23 ao\u00fbt, trafic interrompu entre Gare d\u2019Austerlitz et Pontoise, entre Gare d\u2019Austerlitz et Vers. Ch\u00e2t. Rive Ga., et entre Gare d\u2019Austerlitz et Saint-Quentin en Yvelines \u2013 Montigny-le-Bretonneux.<\/li>\n<li><strong>RER D<\/strong> : lundi 11, mardi 12, vendredi 15 ao\u00fbt et samedi 16 ao\u00fbt, le trafic est interrompu entre Orry la Ville et Creil d\u00e8s 22 heures. Bus en place. Toute la semaine du 11 au 17 ao\u00fbt, sauf le 15 ao\u00fbt, le trafic est interrompu entre Creil et Ch\u00e2telet Les Halles d\u00e8s 23h35. Du lundi 11 au jeudi 14 ao\u00fbt, d\u00e8s 23h15, le trafic est interrompu entre Villeneuve S Georges et Corbeil-Essonnes. Un bus est en place. Travaux. Du lundi 11 au jeudi 14 ao\u00fbt, le trafic est interrompu entre Paris Gare de Lyon et Melun d\u00e8s 22h50. Jusqu\u2019au 14 ao\u00fbt, du lundi au vendredi \u00e0 partir de 23h20, le trafic est interrompu entre Gare du Nord et Creil en raison de travaux. Du lundi 11 au jeudi 14 ao\u00fbt, le trafic est ralenti entre Combs-la-Ville \u2013 Quincy et Melun. Seul un train sur deux circulent entre les gares de Combes la Ville et Melun de 9h30 \u00e0 16 heures. Du 11 ao\u00fbt au 14 ao\u00fbt, d\u00e8s 22h30, les arr\u00eats ne seront pas desservis \u00e0 Maisons-Alfort \u2013 Alfortville, Le Vert de Maisons, Cr\u00e9teil Pompadour et Villeneuve Triage.\u00a0<\/li>\n<li><strong>RER E<\/strong> : jusqu\u2019au dimanche 17 ao\u00fbt, Le trafic est interrompu entre Nanterre-La Folie et Tournan d\u00e8s 22h10 en raison de travaux. Samedi 16 et dimanche 17 ao\u00fbt, d\u00e8s 22h45, le trafic est interrompu entre Nanterre-la-Folie et Chelles Gournay. Jusqu\u2019au dimanche 17 ao\u00fbt, 1 train sur 2 circule entre Nanterre\u2013La Folie et Villiers-sur-Marne. De 6h00 \u00e0 9h00, 1 train sur 2 circule de Tournan vers Nanterre\u2013La Folie. De 16h45 \u00e0 20h00, 1 train sur 2 circule de Nanterre\u2013La Folie vers Tournan.<\/li>\n<\/ul>\n<p class=\" wall-content\"><strong>Transilien<\/strong><\/p>\n<ul class=\" wall-content\">\n<li><strong>Ligne H<\/strong> : du lundi 30 juin au vendredi 26 septembre, sauf les jours f\u00e9ri\u00e9s. Le trafic est interrompu entre Paris Gare du Nord et Luzarches. En semaine de soir\u00e9e. Dates : du lundi 30 juin au vendredi 26 septembre, sauf les jours f\u00e9ri\u00e9s. Le trafic est interrompu entre Paris Gare du Nord et Persan \u2013 Beaumont via Valmondois.\u00a0<\/li>\n<li><strong>Ligne J<\/strong> : du 11 ao\u00fbt au 13 ao\u00fbt, du lundi au vendredi d\u00e8s 20h40, le trafic sera interrompu entre Gare Saint-Lazare et Mantes-la-Jolie via Conflans-Sainte-Honorine. Bus de remplacement. Du lundi 11 au mercredi 13 ao\u00fbt, d\u00e8s 20h40, le trafic est interrompu entre Paris Saint-Lazare et Conflans Sainte-Honorine \/ Mantes la Jolie. Du 11 ao\u00fbt au 14 ao\u00fbt, du lundi au vendredi d\u00e8s 21h25, le trafic sera interrompu entre Gare Saint-Lazare et Ermont \u2013 Eaubonne. Bus de remplacement. Jeudi 14 ao\u00fbt, d\u00e8s 21h15, les deux derniers trains au d\u00e9part de Paris Saint-Lazare et \u00e0 destination de Mantes la Jolie via Conflans Sainte-Honorine sont terminus en gare de Issou Porcheville. A partir de 20h50, le jeudi 14 et le vendredi 15 ao\u00fbt, le trafic est interrompu entre Conflans Sainte-Honorine et Mantes la Jolie.\u00a0<\/li>\n<li><strong>Ligne K<\/strong> : du lundi 19 mai au vendredi 19 d\u00e9cembre en soir\u00e9e. Le trafic est interrompu entre Paris Gare du Nord et Cr\u00e9py-en-Valois. Du vendredi 15 au dimanche 17 ao\u00fbt, le trafic est interrompu entre Paris Gare du Nord et Mitry \u2013 Claye.\u00a0<\/li>\n<li><strong>Ligne N<\/strong> : jusqu\u2019au 29 ao\u00fbt, en semaine, \u00e0 partir de 22h30, le trafic est interrompu entre Paris Montparnasse et Rambouillet. En semaine \u00e0 partir de 21h30 jusqu\u2019au vendredi 29 ao\u00fbt, sauf les jours f\u00e9ri\u00e9s, le trafic est interrompu entre Paris Montparnasse et Plaisir \u2013 Grignon. Idem jusqu\u2019\u00e0 Mantes-la-Jolie \u00e0 partir de 21 heures.\u00a0<\/li>\n<li><strong>Ligne P<\/strong> : en semaine \u00e0 partir de 22h00, du lundi 4 au vendredi 29 ao\u00fbt, le trafic est interrompu entre Paris Est et Ch\u00e2teau-Thierry. Jusqu\u2019au vendredi 15 ao\u00fbt, \u00e0 partir de 20h45, le trafic est interrompu entre Paris Est et Provins.\u00a0 Samedi 16 et dimanche 17 ao\u00fbt, \u00e0 partir de 21h45, le trafic est interrompu entre Paris Est et Provins. Jusqu\u2019au dimanche 17 ao\u00fbt, le trafic est interrompu entre Paris Est et Coulommiers \u00e0 partir de 21h30. Samedi 16 ao\u00fbt, le trafic est interrompu entre Paris Est et Meaux \u00e0 partir de 22h50. Jusqu\u2019au 29 ao\u00fbt, en semaine d\u00e8s 22h20, trafic interrompu entre Paris Est et Meaux.\u00a0<\/li>\n<li><strong>Ligne R<\/strong> : en semaine de 10h20 \u00e0 15h25, jusqu\u2019au vendredi 29 ao\u00fbt, sauf les jours f\u00e9ri\u00e9s, le trafic est interrompu entre Melun et Montereau via H\u00e9ricy. Jusqu\u2019au 14 ao\u00fbt, d\u00e8s 22h30, e trafic est interrompu entre Paris Gare de Lyon et Montereau via Moret Veneux les S. Pareil d\u00e8s 21h10 entre Paris Gare de Lyon et Montargis.\u00a0<\/li>\n<li><strong>Ligne U<\/strong> : en semaine \u00e0 partir de 21h30 jusqu\u2019au vendredi 29 ao\u00fbt, sauf les jours f\u00e9ri\u00e9s. Le trafic est interrompu entre La D\u00e9fense et La Verri\u00e8re.\u00a0<\/li>\n<\/ul>\n<p class=\" wall-content\"><strong>Tramway<\/strong><\/p>\n<ul class=\" wall-content\">\n<li><strong>T1<\/strong> : le trafic est interrompu entre Asni\u00e8res \u2013 Quatre Routes et Gare de Saint-Denis et perturb\u00e9 sur le reste de la ligne en raison d\u2019une d\u00e9gradation par un tiers \u00e0 L\u2019\u00cele-Saint-Denis. Pas de reprise pr\u00e9vue jusqu\u2019\u00e0 nouvel ordre.<\/li>\n<li><strong>T2\u2009<\/strong>: jusqu\u2019au 2 novembre 2025, le trafic est interrompu entre Porte de Versailles et Suzanne Lenglen en raison d\u2019importants travaux de modernisation.<br \/>Pour rejoindre la Porte de Versailles, depuis Suzanne Lenglen, rejoindre \u00e0 pied la station Balard du T3a.<\/li>\n<\/ul>\n<p class=\" wall-content\">Suivez toute l\u2019actualit\u00e9 de vos villes et m\u00e9dias favoris en vous inscrivant \u00e0 <a href=\"https:\/\/moncompte.actu.fr\" title=\"D\u00e9couvez Mon Actu\" rel=\"nofollow noopener\" data-trk=\"{&quot;cta&quot;:{&quot;action&quot;:&quot;https:\\\/\\\/moncompte.actu.fr&quot;,&quot;category&quot;:&quot;mon compte&quot;,&quot;from&quot;:&quot;article footer&quot;,&quot;name&quot;:&quot;Mon actu&quot;,&quot;type&quot;:&quot;cta&quot;}}\" target=\"_blank\">Mon Actu<\/a>.<\/p>\n","protected":false},"excerpt":{"rendered":"Par Antoine Grotteria Publi\u00e9 le 10 ao\u00fbt 2025 \u00e0 17h00 Une semaine particuli\u00e8rement compliqu\u00e9e. Incorporez une semaine de&hellip;\n","protected":false},"author":2,"featured_media":309621,"comment_status":"","ping_status":"","sticky":false,"template":"","format":"standard","meta":{"footnotes":""},"categories":[1592],"tags":[1111,11,1777,674,1011,27,662,12,626,625,25,2215,104,2086],"class_list":{"0":"post-309620","1":"post","2":"type-post","3":"status-publish","4":"format-standard","5":"has-post-thumbnail","7":"category-ile-de-france","8":"tag-actu","9":"tag-actualites","10":"tag-eu","11":"tag-europe","12":"tag-fr","13":"tag-france","14":"tag-ile-de-france","15":"tag-news","16":"tag-paris","17":"tag-ratp","18":"tag-republique-francaise","19":"tag-sncf","20":"tag-societe","21":"tag-travaux"},"share_on_mastodon":{"url":"https:\/\/pubeurope.com\/@fr\/115005090971859694","error":""},"_links":{"self":[{"href":"https:\/\/www.europesays.com\/fr\/wp-json\/wp\/v2\/posts\/309620","targetHints":{"allow":["GET"]}}],"collection":[{"href":"https:\/\/www.europesays.com\/fr\/wp-json\/wp\/v2\/posts"}],"about":[{"href":"https:\/\/www.europesays.com\/fr\/wp-json\/wp\/v2\/types\/post"}],"author":[{"embeddable":true,"href":"https:\/\/www.europesays.com\/fr\/wp-json\/wp\/v2\/users\/2"}],"replies":[{"embeddable":true,"href":"https:\/\/www.europesays.com\/fr\/wp-json\/wp\/v2\/comments?post=309620"}],"version-history":[{"count":0,"href":"https:\/\/www.europesays.com\/fr\/wp-json\/wp\/v2\/posts\/309620\/revisions"}],"wp:featuredmedia":[{"embeddable":true,"href":"https:\/\/www.europesays.com\/fr\/wp-json\/wp\/v2\/media\/309621"}],"wp:attachment":[{"href":"https:\/\/www.europesays.com\/fr\/wp-json\/wp\/v2\/media?parent=309620"}],"wp:term":[{"taxonomy":"category","embeddable":true,"href":"https:\/\/www.europesays.com\/fr\/wp-json\/wp\/v2\/categories?post=309620"},{"taxonomy":"post_tag","embeddable":true,"href":"https:\/\/www.europesays.com\/fr\/wp-json\/wp\/v2\/tags?post=309620"}],"curies":[{"name":"wp","href":"https:\/\/api.w.org\/{rel}","templated":true}]}}