{"id":309622,"date":"2025-08-10T15:06:09","date_gmt":"2025-08-10T15:06:09","guid":{"rendered":"https:\/\/www.europesays.com\/fr\/309622\/"},"modified":"2025-08-10T15:06:09","modified_gmt":"2025-08-10T15:06:09","slug":"meteo-france-declenche-une-vigilance-canicule-a-paris-et-en-ile-de-france","status":"publish","type":"post","link":"https:\/\/www.europesays.com\/fr\/309622\/","title":{"rendered":"M\u00e9t\u00e9o-France d\u00e9clenche une vigilance canicule \u00e0 Paris et en \u00cele-de-France"},"content":{"rendered":"<p>            Par<br \/>\n        <strong><br \/>\n            <a href=\"https:\/\/actu.fr\/auteur\/antoine-grotteria02\" title=\"Consulter tous les articles de Antoine Grotteria\" target=\"_blank\" rel=\"noopener\">Antoine Grotteria<\/a><br \/>\n        <\/strong><\/p>\n<p>        Publi\u00e9 le<\/p>\n<p>            10 ao\u00fbt 2025 \u00e0 16h36        <\/p>\n<p>Jusqu\u2019\u00e0 pr\u00e9sent relativement \u00e9pargn\u00e9e, <a href=\"https:\/\/actu.fr\/paris\/\" target=\"_blank\" rel=\"noopener\">Paris<\/a> s\u2019appr\u00eate \u00e0 basculer dans la moiteur. Alors que <a href=\"https:\/\/actu.fr\/meteo\/canicule-meteo-france-degaine-la-vigilance-rouge-12-departements-concernes_63019937.html\" target=\"_blank\" rel=\"noopener\">le sud de la France est frapp\u00e9 par des temp\u00e9ratures caniculaires<\/a>, la masse d\u2019air chaude a commenc\u00e9 \u00e0 remonter vers le nord, dimanche 10\u00a0ao\u00fbt 2025. Et cela va <strong>s\u2019accentuer<\/strong> en ce d\u00e9but de <strong>semaine prochaine<\/strong>. Cons\u00e9quence\u2009: M\u00e9t\u00e9o-France a d\u00e9cid\u00e9 de d\u00e9clencher une <strong>vigilance jaune canicule<\/strong> dans la capitale et les d\u00e9partements de <a href=\"https:\/\/actu.fr\/ile-de-france\/\" target=\"_blank\" rel=\"noopener\">l\u2019\u00cele-de-France<\/a>. Celle-ci sera effective \u00e0 partir de ce lundi 11\u00a0ao\u00fbt 2025, \u00e0 12\u00a0heures.<\/p>\n<p>Pas de nuit sous les 20\u00b0C durant au moins une semaine<\/p>\n<p class=\" wall-content\">L\u2019institut m\u00e9t\u00e9orologique pr\u00e9voit une journ\u00e9e avec un pic \u00e0 <strong>32\u00b0C<\/strong> dans l\u2019apr\u00e8s-midi. Ces temp\u00e9ratures \u00e9lev\u00e9es ne chuteront pas dans la nuit. Il fera ainsi 23\u00b0C au moment le plus frais. Le ressenti risque d\u2019\u00eatre particuli\u00e8rement <strong>d\u00e9sagr\u00e9able<\/strong> \u00e0 Paris, o\u00f9 la densit\u00e9 des habitations provoque un effet de serre p\u00e9nible. Pour les plus sensibles, la journ\u00e9e du mardi 12\u00a0ao\u00fbt sera davantage d\u00e9licate. M\u00e9t\u00e9o-France pr\u00e9voit une temp\u00e9rature maximale de <strong>36\u00b0C<\/strong> la journ\u00e9e et <strong>25\u00b0C<\/strong> la nuit.<\/p>\n<p class=\" wall-content\">\n<p class=\" wall-content\">Une <strong>vigilance accrue<\/strong> pourrait \u00eatre d\u00e9clench\u00e9e \u00e0 ce moment. Car le thermom\u00e8tre ne se montrera gu\u00e8re cl\u00e9ment dans les jours suivants, nonobstant la menace <strong>d\u2019orages<\/strong>. La barre des <strong>30\u00b0C<\/strong> la journ\u00e9e et des <strong>20\u00b0C<\/strong> la nuit sera d\u00e9pass\u00e9e jusqu\u2019au <strong>week-end prochain<\/strong>, a minima. Dans la capitale, le seuil des 31\u00b0C la journ\u00e9e et 21\u00b0C la nuit doit \u00eatre franchi durant trois jours pour <a href=\"https:\/\/actu.fr\/meteo\/carte-canicule-en-france-a-partir-de-quelle-temperature-l-alerte-est-declenchee-dans-votre-departement_62779253.html\" target=\"_blank\" rel=\"noopener\">basculer<\/a> en vigilance orange. La vigilance rouge s\u2019applique lors d\u2019une canicule extr\u00eame et exceptionnelle par sa dur\u00e9e et son intensit\u00e9.<\/p>\n<p class=\" wall-content\">Suivez toute l\u2019actualit\u00e9 de vos villes et m\u00e9dias favoris en vous inscrivant \u00e0 <a href=\"https:\/\/moncompte.actu.fr\" title=\"D\u00e9couvez Mon Actu\" rel=\"nofollow noopener\" data-trk=\"{&quot;cta&quot;:{&quot;action&quot;:&quot;https:\\\/\\\/moncompte.actu.fr&quot;,&quot;category&quot;:&quot;mon compte&quot;,&quot;from&quot;:&quot;article footer&quot;,&quot;name&quot;:&quot;Mon actu&quot;,&quot;type&quot;:&quot;cta&quot;}}\" target=\"_blank\">Mon Actu<\/a>.<\/p>\n","protected":false},"excerpt":{"rendered":"Par Antoine Grotteria Publi\u00e9 le 10 ao\u00fbt 2025 \u00e0 16h36 Jusqu\u2019\u00e0 pr\u00e9sent relativement \u00e9pargn\u00e9e, Paris s\u2019appr\u00eate \u00e0 basculer&hellip;\n","protected":false},"author":2,"featured_media":309623,"comment_status":"","ping_status":"","sticky":false,"template":"","format":"standard","meta":{"footnotes":""},"categories":[1888],"tags":[1111,1928,11,1927,6698,1777,674,1011,27,2357,12,1926,626,1925,25,104],"class_list":{"0":"post-309622","1":"post","2":"type-post","3":"status-publish","4":"format-standard","5":"has-post-thumbnail","7":"category-paris","8":"tag-actu","9":"tag-actu-paris","10":"tag-actualites","11":"tag-actualites-paris","12":"tag-canicule","13":"tag-eu","14":"tag-europe","15":"tag-fr","16":"tag-france","17":"tag-meteo-france","18":"tag-news","19":"tag-news-paris","20":"tag-paris","21":"tag-paris-news","22":"tag-republique-francaise","23":"tag-societe"},"share_on_mastodon":{"url":"https:\/\/pubeurope.com\/@fr\/115005094905942824","error":""},"_links":{"self":[{"href":"https:\/\/www.europesays.com\/fr\/wp-json\/wp\/v2\/posts\/309622","targetHints":{"allow":["GET"]}}],"collection":[{"href":"https:\/\/www.europesays.com\/fr\/wp-json\/wp\/v2\/posts"}],"about":[{"href":"https:\/\/www.europesays.com\/fr\/wp-json\/wp\/v2\/types\/post"}],"author":[{"embeddable":true,"href":"https:\/\/www.europesays.com\/fr\/wp-json\/wp\/v2\/users\/2"}],"replies":[{"embeddable":true,"href":"https:\/\/www.europesays.com\/fr\/wp-json\/wp\/v2\/comments?post=309622"}],"version-history":[{"count":0,"href":"https:\/\/www.europesays.com\/fr\/wp-json\/wp\/v2\/posts\/309622\/revisions"}],"wp:featuredmedia":[{"embeddable":true,"href":"https:\/\/www.europesays.com\/fr\/wp-json\/wp\/v2\/media\/309623"}],"wp:attachment":[{"href":"https:\/\/www.europesays.com\/fr\/wp-json\/wp\/v2\/media?parent=309622"}],"wp:term":[{"taxonomy":"category","embeddable":true,"href":"https:\/\/www.europesays.com\/fr\/wp-json\/wp\/v2\/categories?post=309622"},{"taxonomy":"post_tag","embeddable":true,"href":"https:\/\/www.europesays.com\/fr\/wp-json\/wp\/v2\/tags?post=309622"}],"curies":[{"name":"wp","href":"https:\/\/api.w.org\/{rel}","templated":true}]}}