{"id":309624,"date":"2025-08-10T15:07:18","date_gmt":"2025-08-10T15:07:18","guid":{"rendered":"https:\/\/www.europesays.com\/fr\/309624\/"},"modified":"2025-08-10T15:07:18","modified_gmt":"2025-08-10T15:07:18","slug":"tout-le-monde-ma-dit-non-ces-acteurs-francais-qui-refusent-de-rejoindre-la-serie-netflix","status":"publish","type":"post","link":"https:\/\/www.europesays.com\/fr\/309624\/","title":{"rendered":"\u00ab\u00a0Tout le monde m\u2019a dit non&#8230;\u00a0\u00bb Ces acteurs fran\u00e7ais qui refusent de rejoindre la s\u00e9rie Netflix"},"content":{"rendered":"<p>Si de nombreux acteurs fran\u00e7ais figurent au casting de la s\u00e9rie am\u00e9ricaine Emily in Paris, d\u2019autres sont au contraire tr\u00e8s frileux lorsqu\u2019on leur propose un r\u00f4le dans la fiction de Netflix. Pourtant, il peut y avoir des avantages inattendus \u00e0 tourner dans la s\u00e9rie men\u00e9e par Lily Collins\u2026 <\/p>\n<p>Voil\u00e0 bient\u00f4t cinq saisons que l\u2019h\u00e9ro\u00efne am\u00e9ricaine Emily Cooper a pos\u00e9 ses valises \u00e0 Paris ! Alors que les lieux de tournage de la s\u00e9rie de Netflix sont r\u00e9guli\u00e8rement envahis par les touristes, au point de <a href=\"https:\/\/www.programme-tv.net\/news\/series-tv\/316504-allez-voir-ailleurs-les-voisins-demily-in-paris-sont-exasperes-par-la-serie-de-netflix\/\" data-api-deeplink=\"teleloisirs:\/\/news\/316504\" target=\"_blank\" rel=\"noopener\">s\u2019attirer les foudres des voisins<\/a>, la production d\u2019Emily in Paris a d\u00e9couvert cette ann\u00e9e les al\u00e9as de filmer dans une autre capitale europ\u00e9enne. Cette <a href=\"https:\/\/www.programme-tv.net\/news\/series-tv\/362079-emily-in-paris-saison-5-netflix-casting-intrigues-les-premieres-informations-sur-les-prochains-episodes-de-la-serie\/\" data-api-deeplink=\"teleloisirs:\/\/news\/362079\" target=\"_blank\" rel=\"noopener\">saison 5 d\u2019Emily in Paris<\/a> se partagera en effet entre Paris et Rome, une scission qui a provoqu\u00e9 <a href=\"https:\/\/www.programme-tv.net\/news\/series-tv\/362486-emily-in-paris-detendez-vous-la-reponse-tres-drole-du-maire-de-rome-a-emmanuel-macron\/\" data-api-deeplink=\"teleloisirs:\/\/news\/362486\" target=\"_blank\" rel=\"noopener\">des d\u00e9bats jusque dans la sph\u00e8re politique entre Emmanuel Macron et le maire de Rome.<\/a> Sans savoir qu\u2019au moment du tournage,<a href=\"https:\/\/www.programme-tv.net\/news\/series-tv\/378564-emily-in-paris-le-tournage-de-la-saison-5-chamboule-par-lelection-du-nouveau-pape-leon-xiv\/\" data-api-deeplink=\"teleloisirs:\/\/news\/378564\" target=\"_blank\" rel=\"noopener\"> la capitale italienne se trouverait en plein conclave<\/a> ! Alors que de nouveaux acteurs rejoindront le casting pour cette cinqui\u00e8me saison, \u00e0 commencer par<a href=\"https:\/\/www.programme-tv.net\/news\/series-tv\/384668-ils-lont-tout-de-suite-adoree-michele-laroque-a-impressionne-lequipe-demily-in-paris-sur-le-tournage-de-la-saison-5\/\" data-api-deeplink=\"teleloisirs:\/\/news\/384668\" target=\"_blank\" rel=\"noopener\"> Mich\u00e8le Laroque, qui a d\u00e9j\u00e0 impressionn\u00e9 l\u2019\u00e9quipe,<\/a> la directrice du casting s\u2019est laiss\u00e9e aller \u00e0 quelques confidences \u00e0 propos de la s\u00e9rie am\u00e9ricaine de Netflix<\/p>\n<p>                        \u00ab\u00a0Un acteur fran\u00e7ais tr\u00e8s beau et tr\u00e8s sexy\u00a0\u00bb au casting de la saison 5 d\u2019Emily in Paris <\/p>\n<p>Et si l\u2019on aurait pu penser que tous les acteurs fran\u00e7ais, \u00e0 l\u2019image de <a href=\"https:\/\/www.programme-tv.net\/news\/series-tv\/382503-emily-in-paris-une-celebre-actrice-francaise-et-un-acteur-phare-des-freres-scott-rejoignent-la-saison-5\/\" data-api-deeplink=\"teleloisirs:\/\/news\/382503\" target=\"_blank\" rel=\"noopener\">Mich\u00e8le Laroque<\/a> ou de <a href=\"https:\/\/www.programme-tv.net\/news\/tv\/370331-j-ai-eu-un-moment-de-vertige-philippine-leroy-beaulieu-se-souvient-de-l-instant-ou-elle-a-appris-qu-elle-rejoignait-emily-in-paris-dans-un-dimanche-a-la-campagne\/\" data-api-deeplink=\"teleloisirs:\/\/news\/370331\" target=\"_blank\" rel=\"noopener\">Philippine Leroy-Beaulieu, devenue une v\u00e9ritable star gr\u00e2ce \u00e0 son r\u00f4le de Sylvie Grateau<\/a>, se presseraient pour int\u00e9grer le casting d\u2019Emily in Paris, il n\u2019en est rien. Comme le r\u00e9v\u00e8le Juliette M\u00e9nager, la directrice du casting de la s\u00e9rie, dans une interview au site am\u00e9ricain Variety, certains acteurs fran\u00e7ais sont encore \u00ab\u00a0prudes\u00a0\u00bb par rapport \u00e0 cette s\u00e9rie qu\u2019ils \u00ab\u00a0adorent d\u00e9tester\u00a0\u00bb. \u00ab\u00a0Quand j\u2019ai fait le casting pour la premi\u00e8re saison, c\u2019\u00e9tait plus facile parce que c\u2019\u00e9tait nouveau, c\u2019\u00e9tait frais, je pouvais mettre en avant le fait que c\u2019\u00e9tait une s\u00e9rie de Darren Star, le cr\u00e9ateur de Sex and the City. Mais r\u00e9cemment, j\u2019ai d\u00fb trouver un acteur fran\u00e7ais pour rejoindre la s\u00e9rie et tout le monde m\u2019a dit non \u00e0 Paris !\u00a0\u00bb, a-t-elle r\u00e9v\u00e9l\u00e9. Bonne nouvelle, elle a tout de m\u00eame r\u00e9ussi \u00e0 trouver \u00ab\u00a0un acteur fran\u00e7ais tr\u00e8s beau et tr\u00e8s sexy\u00a0\u00bb. Qui est donc ce myst\u00e9rieux nouveau venu ? Voil\u00e0 de quoi attiser notre curiosit\u00e9 !<\/p>\n<p>            \u00ab\u00a0Les femmes ne l\u2019ont jamais autant dragu\u00e9 !\u00a0\u00bb : cet acteur fran\u00e7ais se r\u00e9jouit de l\u2019effet secondaire inattendu de son r\u00f4le dans Emily in Paris <\/p>\n<p>Si certains acteurs fran\u00e7ais refusent de tourner dans Emily in Paris, d\u2019autres sont au contraire ravis de l\u2019exposition que leur a procur\u00e9e la s\u00e9rie. C\u2019est notamment le cas de<a href=\"https:\/\/www.programme-tv.net\/news\/series-tv\/348199-elle-va-encore-avoir-des-hesitations-bruno-gouery-fait-des-revelations-sur-la-saison-4-d-emily-in-paris-actuellement-en-tournage\/\" data-api-deeplink=\"teleloisirs:\/\/news\/348199\" target=\"_blank\" rel=\"noopener\"> Bruno Gouery,<\/a> l\u2019interpr\u00e8te de l\u2019excentrique Luc. Son r\u00f4le dans la s\u00e9rie de Netflix lui a ouvert des portes \u00e0 l\u2019international, puisqu\u2019on l\u2019a ensuite vu dans la s\u00e9rie The White Lotus et le film de <a href=\"https:\/\/www.programme-tv.net\/biographie\/311-depp-johnny\/\" data-link-people=\"b8ac3f44-9654-48d1-96f6-75b5dea3071e\" target=\"_blank\" rel=\"noopener\">Johnny Depp<\/a> Modi.<\/p>\n<p>\u00ab\u00a0Avant de jouer dans Emily in Paris, il \u00e9tait sur Canal Com\u00e9die et il \u00e9crivait des sketchs, mais il ne tournait pas beaucoup.\u00a0\u00bb Sans compter un effet secondaire inattendu pour l\u2019acteur : \u00ab\u00a0Maintenant c\u2019est une star et il me dit que les femmes ne l\u2019ont jamais autant dragu\u00e9 !\u00a0\u00bb <\/p>\n","protected":false},"excerpt":{"rendered":"Si de nombreux acteurs fran\u00e7ais figurent au casting de la s\u00e9rie am\u00e9ricaine Emily in Paris, d\u2019autres sont au&hellip;\n","protected":false},"author":2,"featured_media":309625,"comment_status":"","ping_status":"","sticky":false,"template":"","format":"standard","meta":{"footnotes":""},"categories":[1888],"tags":[1111,1928,11,1927,44945,244,11739,1777,674,1011,27,12512,127,12,1926,626,1925,1722,25,4496,129],"class_list":{"0":"post-309624","1":"post","2":"type-post","3":"status-publish","4":"format-standard","5":"has-post-thumbnail","7":"category-paris","8":"tag-actu","9":"tag-actu-paris","10":"tag-actualites","11":"tag-actualites-paris","12":"tag-bruno-gouery","13":"tag-commentaire","14":"tag-emily-in-paris","15":"tag-eu","16":"tag-europe","17":"tag-fr","18":"tag-france","19":"tag-lily-collins","20":"tag-netflix","21":"tag-news","22":"tag-news-paris","23":"tag-paris","24":"tag-paris-news","25":"tag-pub-streaming-netflix","26":"tag-republique-francaise","27":"tag-superstream","28":"tag-svod"},"share_on_mastodon":{"url":"https:\/\/pubeurope.com\/@fr\/115005098796311385","error":""},"_links":{"self":[{"href":"https:\/\/www.europesays.com\/fr\/wp-json\/wp\/v2\/posts\/309624","targetHints":{"allow":["GET"]}}],"collection":[{"href":"https:\/\/www.europesays.com\/fr\/wp-json\/wp\/v2\/posts"}],"about":[{"href":"https:\/\/www.europesays.com\/fr\/wp-json\/wp\/v2\/types\/post"}],"author":[{"embeddable":true,"href":"https:\/\/www.europesays.com\/fr\/wp-json\/wp\/v2\/users\/2"}],"replies":[{"embeddable":true,"href":"https:\/\/www.europesays.com\/fr\/wp-json\/wp\/v2\/comments?post=309624"}],"version-history":[{"count":0,"href":"https:\/\/www.europesays.com\/fr\/wp-json\/wp\/v2\/posts\/309624\/revisions"}],"wp:featuredmedia":[{"embeddable":true,"href":"https:\/\/www.europesays.com\/fr\/wp-json\/wp\/v2\/media\/309625"}],"wp:attachment":[{"href":"https:\/\/www.europesays.com\/fr\/wp-json\/wp\/v2\/media?parent=309624"}],"wp:term":[{"taxonomy":"category","embeddable":true,"href":"https:\/\/www.europesays.com\/fr\/wp-json\/wp\/v2\/categories?post=309624"},{"taxonomy":"post_tag","embeddable":true,"href":"https:\/\/www.europesays.com\/fr\/wp-json\/wp\/v2\/tags?post=309624"}],"curies":[{"name":"wp","href":"https:\/\/api.w.org\/{rel}","templated":true}]}}