{"id":309630,"date":"2025-08-10T15:10:12","date_gmt":"2025-08-10T15:10:12","guid":{"rendered":"https:\/\/www.europesays.com\/fr\/309630\/"},"modified":"2025-08-10T15:10:12","modified_gmt":"2025-08-10T15:10:12","slug":"en-direct-guerre-en-ukraine-kiev-affirme-avoir-repris-un-village-aux-forces-russes-dans-la-region-de-soumy","status":"publish","type":"post","link":"https:\/\/www.europesays.com\/fr\/309630\/","title":{"rendered":"EN DIRECT &#8211; Guerre en Ukraine : Kiev affirme avoir repris un village aux forces russes dans la r\u00e9gion de Soumy"},"content":{"rendered":"<p>Cinq personnes ont \u00e9t\u00e9 tu\u00e9es dimanche dans des frappes russes en Ukraine et deux dans des bombardements ukrainiens en Russie o\u00f9 une raffinerie de p\u00e9trole a \u00e9t\u00e9 touch\u00e9e, selon leurs autorit\u00e9s respectives.<\/p>\n<p>Dans la r\u00e9gion de Zaporijjia, dans le sud de l&rsquo;Ukraine, trois personnes ont \u00e9t\u00e9 tu\u00e9es et une autre bless\u00e9e par les attaques russes, a indiqu\u00e9 la police.<\/p>\n<p>Deux autres personnes sont mortes dans la r\u00e9gion de Donetsk, dans l&rsquo;est du pays, o\u00f9 se concentre l&rsquo;essentiel des combats, a-t-elle ajout\u00e9.<\/p>\n<p>En Russie, l&rsquo;arm\u00e9e ukrainienne a affirm\u00e9 avoir attaqu\u00e9 avec des drones une raffinerie de p\u00e9trole dans la r\u00e9gion de Saratov, dans l&rsquo;ouest du pays, \u00e0 pr\u00e8s de 1.000 kilom\u00e8tres de la ligne de front.<\/p>\n<p>Le gouverneur r\u00e9gional, Roman Boussarguine, a indiqu\u00e9 qu'\u00a0\u00bbune entreprise industrielle avait \u00e9t\u00e9 endommag\u00e9e\u00a0\u00bb, pr\u00e9cisant qu&rsquo;une personne \u00e9tait morte \u00e0 la suite de l&rsquo;attaque ukrainienne.<\/p>\n<p>Une autre femme a \u00e9t\u00e9 tu\u00e9e dans la r\u00e9gion russe de Belgorod, frontali\u00e8re de l&rsquo;Ukraine et tr\u00e8s souvent vis\u00e9e par des bombardements, a d\u00e9clar\u00e9 le gouverneur local.<\/p>\n","protected":false},"excerpt":{"rendered":"Cinq personnes ont \u00e9t\u00e9 tu\u00e9es dimanche dans des frappes russes en Ukraine et deux dans des bombardements ukrainiens&hellip;\n","protected":false},"author":2,"featured_media":309631,"comment_status":"","ping_status":"","sticky":false,"template":"","format":"standard","meta":{"footnotes":""},"categories":[1591],"tags":[1111,11,1921,75,1887,28083,1922,12,1885,1886,132,220,1917,133,1920,135,134],"class_list":{"0":"post-309630","1":"post","2":"type-post","3":"status-publish","4":"format-standard","5":"has-post-thumbnail","7":"category-russie","8":"tag-actu","9":"tag-actualites","10":"tag-article-video","11":"tag-donald-trump","12":"tag-federation-de-russie","13":"tag-guerre-en-ukraine-une-treve-sera-t-elle-possible","14":"tag-info","15":"tag-news","16":"tag-russia","17":"tag-russian-federation","18":"tag-russie","19":"tag-ukraine","20":"tag-ukraine-4-annee-de-guerre","21":"tag-video","22":"tag-video-international","23":"tag-vladimir-poutine","24":"tag-volodymyr-zelensky"},"share_on_mastodon":{"url":"https:\/\/pubeurope.com\/@fr\/115005110627745198","error":""},"_links":{"self":[{"href":"https:\/\/www.europesays.com\/fr\/wp-json\/wp\/v2\/posts\/309630","targetHints":{"allow":["GET"]}}],"collection":[{"href":"https:\/\/www.europesays.com\/fr\/wp-json\/wp\/v2\/posts"}],"about":[{"href":"https:\/\/www.europesays.com\/fr\/wp-json\/wp\/v2\/types\/post"}],"author":[{"embeddable":true,"href":"https:\/\/www.europesays.com\/fr\/wp-json\/wp\/v2\/users\/2"}],"replies":[{"embeddable":true,"href":"https:\/\/www.europesays.com\/fr\/wp-json\/wp\/v2\/comments?post=309630"}],"version-history":[{"count":0,"href":"https:\/\/www.europesays.com\/fr\/wp-json\/wp\/v2\/posts\/309630\/revisions"}],"wp:featuredmedia":[{"embeddable":true,"href":"https:\/\/www.europesays.com\/fr\/wp-json\/wp\/v2\/media\/309631"}],"wp:attachment":[{"href":"https:\/\/www.europesays.com\/fr\/wp-json\/wp\/v2\/media?parent=309630"}],"wp:term":[{"taxonomy":"category","embeddable":true,"href":"https:\/\/www.europesays.com\/fr\/wp-json\/wp\/v2\/categories?post=309630"},{"taxonomy":"post_tag","embeddable":true,"href":"https:\/\/www.europesays.com\/fr\/wp-json\/wp\/v2\/tags?post=309630"}],"curies":[{"name":"wp","href":"https:\/\/api.w.org\/{rel}","templated":true}]}}