{"id":309634,"date":"2025-08-10T15:12:12","date_gmt":"2025-08-10T15:12:12","guid":{"rendered":"https:\/\/www.europesays.com\/fr\/309634\/"},"modified":"2025-08-10T15:12:12","modified_gmt":"2025-08-10T15:12:12","slug":"responsables-syriens-et-americains-vont-se-reunir-en-jordanie-pour-preparer-la-reconstruction","status":"publish","type":"post","link":"https:\/\/www.europesays.com\/fr\/309634\/","title":{"rendered":"Responsables syriens et am\u00e9ricains vont se r\u00e9unir en Jordanie pour pr\u00e9parer la reconstruction"},"content":{"rendered":"<p>La <a href=\"https:\/\/www.20minutes.fr\/monde\/syrie\/\" target=\"_blank\" class=\"color-ultramarine c-link\" rel=\"noopener\">Syrie<\/a> regarde vers l\u2019avenir. Depuis la chute du r\u00e9gime de <a href=\"https:\/\/www.20minutes.fr\/monde\/bachar_el_assad\/\" target=\"_blank\" class=\"color-ultramarine c-link\" rel=\"noopener\">Bachar al-Assad<\/a> et apr\u00e8s 13 ann\u00e9es de guerre civile, le pays peut enfin penser \u00e0 la reconstruction. C\u2019est sur ce sujet que des responsables syriens et am\u00e9ricains vont se r\u00e9unir en <a href=\"https:\/\/www.20minutes.fr\/monde\/jordanie\/\" target=\"_blank\" class=\"color-ultramarine c-link\" rel=\"noopener\">Jordanie<\/a> mardi prochaine.<\/p>\n<p>\u00ab\u00a0La r\u00e9union examinera la situation en Syrie et les moyens de soutenir le processus de reconstruction du pays sur des bases garantissant sa s\u00e9curit\u00e9, sa stabilit\u00e9 et sa souverainet\u00e9 [\u2026] et pr\u00e9servant les droits de tous les Syriens\u00a0\u00bb, affirme un communiqu\u00e9 du minist\u00e8re jordanien des Affaire \u00e9trang\u00e8res.<\/p>\n<\/p>\n<p>Le texte pr\u00e9cise que \u00ab\u00a0cette rencontre, \u00e0 laquelle participeront le ministre syrien des Affaires \u00e9trang\u00e8res, Assaad al-Chibani, et l\u2019\u00e9missaire am\u00e9ricain pour la Syrie, Thomas Barrack, s\u2019inscrit dans le prolongement des discussions accueillies par Amman le 19\u00a0juillet 2025\u00a0\u00bb. Ces pr\u00e9c\u00e9dents \u00e9changes portaient sur les affrontements meurtriers survenus dans la province syrienne de Soueida, \u00e0 majorit\u00e9 druze.<\/p>\n<p>Violences communautaires<\/p>\n<p>En juillet, les <a href=\"https:\/\/www.20minutes.fr\/monde\/syrie\/4163868-20250716-syrie-frappes-israeliennes-minorite-druze-pourquoi-enorme-regain-tensions\" target=\"_blank\" class=\"color-ultramarine c-link\" rel=\"noopener\">violences communautaires entre combattants druzes et B\u00e9douins<\/a> sunnites avaient entra\u00een\u00e9 l\u2019intervention des forces gouvernementales et de combattants tribaux venus soutenir les B\u00e9douins, ainsi que celle de l\u2019arm\u00e9e isra\u00e9lienne, qui avait men\u00e9 des frappes en appui aux Druzes.<\/p>\n<p>Un cessez-le-feu avait mis fin \u00e0 une semaine d\u2019hostilit\u00e9s ayant fait 1.400 morts, selon un bilan de l\u2019Observatoire syrien des droits de l&rsquo;Homme, mais la situation est rest\u00e9e tendue, avec une reprise des violences en ao\u00fbt.<\/p>\n<p><a href=\"https:\/\/www.20minutes.fr\/monde\/syrie\/\" target=\"_blank\" class=\"c-link c-btn c-btn--primary\" rel=\"noopener\">Tous nos articles sur la Syrie<\/a><\/p>\n<p>Depuis d\u00e9cembre, les minorit\u00e9s syriennes expriment leurs craintes apr\u00e8s l\u2019offensive men\u00e9e par une coalition de groupes islamistes ayant renvers\u00e9 le pr\u00e9sident Bachar al-Assad, qui se pr\u00e9sentait comme le protecteur des minorit\u00e9s.<\/p>\n","protected":false},"excerpt":{"rendered":"La Syrie regarde vers l\u2019avenir. Depuis la chute du r\u00e9gime de Bachar al-Assad et apr\u00e8s 13 ann\u00e9es de&hellip;\n","protected":false},"author":2,"featured_media":309635,"comment_status":"","ping_status":"","sticky":false,"template":"","format":"standard","meta":{"footnotes":""},"categories":[1589],"tags":[47,11,14393,73,1866,13679,74,12,32,1864,1865,1863,308],"class_list":{"0":"post-309634","1":"post","2":"type-post","3":"status-publish","4":"format-standard","5":"has-post-thumbnail","7":"category-etats-unis","8":"tag-actualite","9":"tag-actualites","10":"tag-bachar-al-assad","11":"tag-etats-unis","12":"tag-etats-unis-damerique","13":"tag-jordanie","14":"tag-monde","15":"tag-news","16":"tag-syrie","17":"tag-united-states","18":"tag-united-states-of-america","19":"tag-us","20":"tag-usa"},"share_on_mastodon":{"url":"https:\/\/pubeurope.com\/@fr\/115005118548823849","error":""},"_links":{"self":[{"href":"https:\/\/www.europesays.com\/fr\/wp-json\/wp\/v2\/posts\/309634","targetHints":{"allow":["GET"]}}],"collection":[{"href":"https:\/\/www.europesays.com\/fr\/wp-json\/wp\/v2\/posts"}],"about":[{"href":"https:\/\/www.europesays.com\/fr\/wp-json\/wp\/v2\/types\/post"}],"author":[{"embeddable":true,"href":"https:\/\/www.europesays.com\/fr\/wp-json\/wp\/v2\/users\/2"}],"replies":[{"embeddable":true,"href":"https:\/\/www.europesays.com\/fr\/wp-json\/wp\/v2\/comments?post=309634"}],"version-history":[{"count":0,"href":"https:\/\/www.europesays.com\/fr\/wp-json\/wp\/v2\/posts\/309634\/revisions"}],"wp:featuredmedia":[{"embeddable":true,"href":"https:\/\/www.europesays.com\/fr\/wp-json\/wp\/v2\/media\/309635"}],"wp:attachment":[{"href":"https:\/\/www.europesays.com\/fr\/wp-json\/wp\/v2\/media?parent=309634"}],"wp:term":[{"taxonomy":"category","embeddable":true,"href":"https:\/\/www.europesays.com\/fr\/wp-json\/wp\/v2\/categories?post=309634"},{"taxonomy":"post_tag","embeddable":true,"href":"https:\/\/www.europesays.com\/fr\/wp-json\/wp\/v2\/tags?post=309634"}],"curies":[{"name":"wp","href":"https:\/\/api.w.org\/{rel}","templated":true}]}}