{"id":309638,"date":"2025-08-10T15:14:12","date_gmt":"2025-08-10T15:14:12","guid":{"rendered":"https:\/\/www.europesays.com\/fr\/309638\/"},"modified":"2025-08-10T15:14:12","modified_gmt":"2025-08-10T15:14:12","slug":"merz-defend-sa-decision-darreter-certaines-livraisons-darmes-a-israel","status":"publish","type":"post","link":"https:\/\/www.europesays.com\/fr\/309638\/","title":{"rendered":"Merz d\u00e9fend sa d\u00e9cision d&rsquo;arr\u00eater certaines livraisons d&rsquo;armes \u00e0 Isra\u00ebl"},"content":{"rendered":"<p class=\"ap-StoryElement ap-StoryElement--mb ap-StoryText\">Le chancelier a affirm\u00e9 avoir rassur\u00e9 le pr\u00e9sident isra\u00e9lien dimanche matin en lui affirmant que l&rsquo;Allemagne ne rompait pas son amiti\u00e9 traditionnelle avec Isra\u00ebl.<\/p>\n<p class=\"ap-StoryElement ap-StoryElement--mb ap-StoryText\">\u00ab\u00a0Nous avons un point de d\u00e9saccord, qui concerne l&rsquo;action militaire d&rsquo;Isra\u00ebl dans la bande de Gaza\u00a0\u00bb, a-t-il d\u00e9clar\u00e9. \u00ab\u00a0C&rsquo;est quelque chose qu&rsquo;une amiti\u00e9 peut supporter\u00a0\u00bb.<\/p>\n<p class=\"ap-StoryElement ap-StoryElement--mb ap-StoryText\">Jusqu&rsquo;\u00e0 r\u00e9cemment, Isra\u00ebl b\u00e9n\u00e9ficiait d&rsquo;un large soutien de la part de l&rsquo;ensemble du monde politique allemand. En raison de sa responsabilit\u00e9 historique dans l&rsquo;extermination de six millions de juifs pendant la Seconde Guerre mondiale, l&rsquo;Allemagne \u00e9tait jusqu&rsquo;ici, avec les Etats-Unis, l&rsquo;un des plus grands soutiens d&rsquo;Isra\u00ebl.<\/p>\n<p class=\"ap-StoryElement ap-StoryElement--mb ap-StoryText\">Contrairement \u00e0 la France, \u00e0 la Grande-Bretagne et au Canada, l&rsquo;Allemagne n&rsquo;a pas l&rsquo;intention de reconna\u00eetre un \u00c9tat palestinien en septembre, arguant que cette reconnaissance ne pourrait intervenir qu&rsquo;\u00e0 l&rsquo;issue des n\u00e9gociations isra\u00e9lo-palestiniennes.<\/p>\n<p><a href=\"https:\/\/www.lalibre.be\/international\/europe\/2025\/06\/03\/friedrich-merz-nest-pas-pret-a-baisser-les-bras-sur-limmigration-lunion-chretienne-democrate-joue-avec-le-feu-Y6CZOWIOXFCA3BE7CCE4PQGB54\/\" target=\"_blank\" rel=\"noopener noreferrer\" class=\"ap-StoryInterstitialLink ap-StoryElement ap-StoryElement--mb\">Friedrich Merz n&rsquo;est pas pr\u00eat \u00e0 baisser les bras sur l&rsquo;immigration: \u00ab\u00a0L&rsquo;Union chr\u00e9tienne-d\u00e9mocrate joue avec le feu\u00a0\u00bb<\/a><\/p>\n<p class=\"ap-StoryElement ap-StoryElement--mb ap-StoryText\">Mais le ton de M. Merz \u00e0 l&rsquo;\u00e9gard d&rsquo;Isra\u00ebl<a href=\"https:\/\/www.lalibre.be\/international\/moyen-orient\/2025\/05\/26\/pourquoi-lallemagne-menace-de-ne-plus-soutenir-israel-a-gaza-IEFX3RPRMZHQHFPIAQORLB4UM4\/\" target=\"_self\" rel=\"noopener\"> s&rsquo;est durci ces derniers mois<\/a>, alors que la situation humanitaire \u00e0 Gaza s&rsquo;est d\u00e9t\u00e9rior\u00e9e de mani\u00e8re dramatique, les experts des Nations Unies avertissant que la famine s&rsquo;installait dans ce territoire ravag\u00e9 par la guerre.<\/p>\n<p class=\"ap-StoryElement ap-StoryElement--mb ap-StoryText\">L&rsquo;offensive isra\u00e9lienne, qui dure depuis 22 mois, a tu\u00e9 au moins 61.430 Palestiniens, selon le minist\u00e8re de la Sant\u00e9 de Gaza, dirig\u00e9 par le Hamas, des chiffres que l&rsquo;ONU juge fiables.<\/p>\n<p class=\"ap-StoryElement ap-StoryElement--mb ap-StoryText\">La guerre a \u00e9t\u00e9 d\u00e9clench\u00e9e par l&rsquo;attaque du Hamas contre Isra\u00ebl en 2023, qui a fait 1.219 morts, principalement des civils, selon un d\u00e9compte de l&rsquo;AFP bas\u00e9 sur des chiffres officiels.<\/p>\n","protected":false},"excerpt":{"rendered":"Le chancelier a affirm\u00e9 avoir rassur\u00e9 le pr\u00e9sident isra\u00e9lien dimanche matin en lui affirmant que l&rsquo;Allemagne ne rompait&hellip;\n","protected":false},"author":2,"featured_media":309639,"comment_status":"","ping_status":"","sticky":false,"template":"","format":"standard","meta":{"footnotes":""},"categories":[1587],"tags":[11,672,1804,2120,1805,554,1803,312,1777,674,1801,693,664,12,7621,1802],"class_list":{"0":"post-309638","1":"post","2":"type-post","3":"status-publish","4":"format-standard","5":"has-post-thumbnail","7":"category-allemagne","8":"tag-actualites","9":"tag-allemagne","10":"tag-bundesrepublik-deutschland","11":"tag-conflit","12":"tag-de","13":"tag-defense","14":"tag-deutschland","15":"tag-diplomatie","16":"tag-eu","17":"tag-europe","18":"tag-germany","19":"tag-industrie","20":"tag-israel","21":"tag-news","22":"tag-palestiniens","23":"tag-republique-federale-dallemagne"},"share_on_mastodon":{"url":"https:\/\/pubeurope.com\/@fr\/115005126391436421","error":""},"_links":{"self":[{"href":"https:\/\/www.europesays.com\/fr\/wp-json\/wp\/v2\/posts\/309638","targetHints":{"allow":["GET"]}}],"collection":[{"href":"https:\/\/www.europesays.com\/fr\/wp-json\/wp\/v2\/posts"}],"about":[{"href":"https:\/\/www.europesays.com\/fr\/wp-json\/wp\/v2\/types\/post"}],"author":[{"embeddable":true,"href":"https:\/\/www.europesays.com\/fr\/wp-json\/wp\/v2\/users\/2"}],"replies":[{"embeddable":true,"href":"https:\/\/www.europesays.com\/fr\/wp-json\/wp\/v2\/comments?post=309638"}],"version-history":[{"count":0,"href":"https:\/\/www.europesays.com\/fr\/wp-json\/wp\/v2\/posts\/309638\/revisions"}],"wp:featuredmedia":[{"embeddable":true,"href":"https:\/\/www.europesays.com\/fr\/wp-json\/wp\/v2\/media\/309639"}],"wp:attachment":[{"href":"https:\/\/www.europesays.com\/fr\/wp-json\/wp\/v2\/media?parent=309638"}],"wp:term":[{"taxonomy":"category","embeddable":true,"href":"https:\/\/www.europesays.com\/fr\/wp-json\/wp\/v2\/categories?post=309638"},{"taxonomy":"post_tag","embeddable":true,"href":"https:\/\/www.europesays.com\/fr\/wp-json\/wp\/v2\/tags?post=309638"}],"curies":[{"name":"wp","href":"https:\/\/api.w.org\/{rel}","templated":true}]}}