{"id":309640,"date":"2025-08-10T15:15:21","date_gmt":"2025-08-10T15:15:21","guid":{"rendered":"https:\/\/www.europesays.com\/fr\/309640\/"},"modified":"2025-08-10T15:15:21","modified_gmt":"2025-08-10T15:15:21","slug":"la-france-est-le-pays-qui-importe-le-plus-de-biere-en-europe","status":"publish","type":"post","link":"https:\/\/www.europesays.com\/fr\/309640\/","title":{"rendered":"La France est le pays qui importe le plus de bi\u00e8re en Europe"},"content":{"rendered":"<p>    La France a import\u00e9 800 millions de litres de bi\u00e8re alcoolis\u00e9es en 2024.<br \/>\n                AdobeStock<\/p>\n<p>Les chiffres r\u00e9cemment parus sur l\u2019ann\u00e9e 2024 placent la France en t\u00eate de l\u2019importation de bi\u00e8re en Europe.<\/p>\n<p class=\"fig-paragraph\">Selon une \u00e9tude publi\u00e9e par Eurostat, 34,7 milliards de litres de bi\u00e8re ont \u00e9t\u00e9 brass\u00e9s dans l\u2019Union europ\u00e9enne en 2024. Dans le d\u00e9tail\u00a0: 32,7 milliards de litres de bi\u00e8re contenant plus de 0,5 % d\u2019alcool, auxquels s\u2019ajoutent 2 milliards de litres de bi\u00e8re sans alcool ou \u00e0 tr\u00e8s faible teneur (moins de 0,5 %). Des volumes en hausse par rapport \u00e0 2023, notamment du c\u00f4t\u00e9 des sans alcool, en plein essor\u00a0: +11,1 % en un an, soit 200 millions de litres suppl\u00e9mentaires. Un chiffre symbolique d\u2019un march\u00e9 en mutation, port\u00e9 par de\u00a0<a href=\"http:\/\/avis-vin.lefigaro.fr\/biere\/pourquoi-la-biere-a-ete-le-premier-alcool-a-explorer-la-piste-du-0-20250119\" target=\"_blank\" data-fig-type=\"Article\" rel=\"noopener\" data-gtm-custom-categorie=\"navigation\" data-gtm-custom-action=\"crossclick\" data-gtm-custom-label=\"Contextuel\" data-gtm-event=\"customEventSPE\" data-fig-domain=\"AVIS_VIN\">nouvelles habitudes de consommation<\/a>.<\/p>\n<p class=\"fig-paragraph\">Sans surprise,\u00a0<a href=\"http:\/\/avis-vin.lefigaro.fr\/biere\/du-jamais-vu-depuis-30-ans-en-allemagne-la-consommation-de-biere-est-en-berne-20250801\" target=\"_blank\" data-fig-type=\"Article\" rel=\"noopener\" data-gtm-custom-categorie=\"navigation\" data-gtm-custom-action=\"crossclick\" data-gtm-custom-label=\"Contextuel\" data-gtm-event=\"customEventSPE\" data-fig-domain=\"AVIS_VIN\">l\u2019Allemagne domine<\/a>\u00a0la production europ\u00e9enne, avec 7,2 milliards de litres brass\u00e9s en 2024, soit 22,2 % du total. L\u2019Espagne (4 milliards), la Pologne (3,4 milliards), les Pays-Bas (2,2 milliards) et la Belgique (2,1 milliards) compl\u00e8tent le top 5. La France, elle, arrive sixi\u00e8me, avec 2 milliards de litres produits.<\/p>\n<p>    Plus gros producteurs de bi\u00e8re dans l\u2019UE en 2024.<br \/>\n                Eurostat<\/p>\n<p>                                    <a class=\"fig-a11y-skip a11y-hidden\" href=\"#fig-a11y-skip-main-inarticle\"><br \/>\n        Passer la publicit\u00e9<br \/>\n    <\/a><\/p>\n<p><strong>La France, reine de l\u2019import<\/strong><\/p>\n<p class=\"fig-paragraph\">En revanche, lorsqu\u2019il s\u2019agit de consommer de la bi\u00e8re des autres, la France prend la t\u00eate du classement. En 2024, l\u2019Hexagone a import\u00e9 800 millions de litres de bi\u00e8re alcoolis\u00e9es, devant l\u2019Italie (plus de 700 millions), l\u2019Espagne et l\u2019Allemagne (pr\u00e8s de 600 millions chacune), ainsi que les Pays-Bas (pr\u00e8s de 500 millions). Une performance qui confirme l\u2019app\u00e9tit fran\u00e7ais pour les r\u00e9f\u00e9rences \u00e9trang\u00e8res.<\/p>\n<p>    Plus gros exportateurs (\u00e0 gauche) et importateurs dans l\u2019UE en 2024.<br \/>\n                Eurostat<\/p>\n<p class=\"fig-body-link\">\n            \u00c0 lire aussi<br \/>\n        <a class=\"fig-body-link__link\" href=\"http:\/\/avis-vin.lefigaro.fr\/biere\/du-jamais-vu-depuis-30-ans-en-allemagne-la-consommation-de-biere-est-en-berne-20250801\" target=\"_blank\" data-fig-type=\"Article\" rel=\"noopener\" data-gtm-custom-categorie=\"navigation\" data-gtm-custom-action=\"crossclick\" data-gtm-custom-label=\"Contextuel\" data-gtm-event=\"customEventSPE\" data-fig-domain=\"AVIS_VIN\">Du jamais vu depuis 30 ans\u00a0: en Allemagne, la consommation de bi\u00e8re est en berne<br \/>\n    <\/a>\n<\/p>\n<p class=\"fig-paragraph\">C\u00f4t\u00e9 export, ce sont justement les Pays-Bas qui conservent leur couronne, avec 1,5 milliard de litres exp\u00e9di\u00e9s dans l\u2019UE et au-del\u00e0. Un volume toutefois en baisse de 12 % par rapport \u00e0 2023, soit 200 millions de litres de moins. Derri\u00e8re, l\u2019Allemagne et la Belgique se disputent la deuxi\u00e8me place avec 1,4 milliard de litres export\u00e9s chacune, suivies par la\u00a0<a href=\"https:\/\/avis-vin.lefigaro.fr\/biere\/o157010-quels-sont-les-pays-qui-consomment-le-plus-de-biere-au-monde\" target=\"_blank\" data-fig-type=\"Article\" rel=\"noopener\" data-gtm-custom-categorie=\"navigation\" data-gtm-custom-action=\"crossclick\" data-gtm-custom-label=\"Contextuel\" data-gtm-event=\"customEventSPE\" data-fig-domain=\"AVIS_VIN\">R\u00e9publique tch\u00e8que<\/a>\u00a0(600 millions) et l\u2019Irlande (500 millions).<\/p>\n","protected":false},"excerpt":{"rendered":"La France a import\u00e9 800 millions de litres de bi\u00e8re alcoolis\u00e9es en 2024. AdobeStock Les chiffres r\u00e9cemment parus&hellip;\n","protected":false},"author":2,"featured_media":309641,"comment_status":"","ping_status":"","sticky":false,"template":"","format":"standard","meta":{"footnotes":""},"categories":[1586],"tags":[11,1777,674,1011,27,8407,12,25],"class_list":{"0":"post-309640","1":"post","2":"type-post","3":"status-publish","4":"format-standard","5":"has-post-thumbnail","7":"category-europe","8":"tag-actualites","9":"tag-eu","10":"tag-europe","11":"tag-fr","12":"tag-france","13":"tag-importations","14":"tag-news","15":"tag-republique-francaise"},"share_on_mastodon":{"url":"https:\/\/pubeurope.com\/@fr\/115005130374784277","error":""},"_links":{"self":[{"href":"https:\/\/www.europesays.com\/fr\/wp-json\/wp\/v2\/posts\/309640","targetHints":{"allow":["GET"]}}],"collection":[{"href":"https:\/\/www.europesays.com\/fr\/wp-json\/wp\/v2\/posts"}],"about":[{"href":"https:\/\/www.europesays.com\/fr\/wp-json\/wp\/v2\/types\/post"}],"author":[{"embeddable":true,"href":"https:\/\/www.europesays.com\/fr\/wp-json\/wp\/v2\/users\/2"}],"replies":[{"embeddable":true,"href":"https:\/\/www.europesays.com\/fr\/wp-json\/wp\/v2\/comments?post=309640"}],"version-history":[{"count":0,"href":"https:\/\/www.europesays.com\/fr\/wp-json\/wp\/v2\/posts\/309640\/revisions"}],"wp:featuredmedia":[{"embeddable":true,"href":"https:\/\/www.europesays.com\/fr\/wp-json\/wp\/v2\/media\/309641"}],"wp:attachment":[{"href":"https:\/\/www.europesays.com\/fr\/wp-json\/wp\/v2\/media?parent=309640"}],"wp:term":[{"taxonomy":"category","embeddable":true,"href":"https:\/\/www.europesays.com\/fr\/wp-json\/wp\/v2\/categories?post=309640"},{"taxonomy":"post_tag","embeddable":true,"href":"https:\/\/www.europesays.com\/fr\/wp-json\/wp\/v2\/tags?post=309640"}],"curies":[{"name":"wp","href":"https:\/\/api.w.org\/{rel}","templated":true}]}}