{"id":309642,"date":"2025-08-10T15:16:12","date_gmt":"2025-08-10T15:16:12","guid":{"rendered":"https:\/\/www.europesays.com\/fr\/309642\/"},"modified":"2025-08-10T15:16:12","modified_gmt":"2025-08-10T15:16:12","slug":"lunion-europeenne-va-se-reunir-durgence-lundi-avant-la-rencontre-trump-poutine-rts-ch","status":"publish","type":"post","link":"https:\/\/www.europesays.com\/fr\/309642\/","title":{"rendered":"L&rsquo;Union europ\u00e9enne va se r\u00e9unir d&rsquo;urgence lundi avant la rencontre Trump-Poutine &#8211; rts.ch"},"content":{"rendered":"<p>La cheffe de la diplomatie de l&rsquo;Union europ\u00e9enne Kaja Kallas a annonc\u00e9 dimanche la convocation d&rsquo;une \u00ab\u00a0r\u00e9union extraordinaire\u00a0\u00bb des ministres des Affaires \u00e9trang\u00e8res de l&rsquo;UE lundi, quatre jours avant la r\u00e9union des pr\u00e9sidents am\u00e9ricain Donald Trump et russe Vladimir Poutine sur la guerre en Ukraine. Elle se tiendra en ligne.<\/p>\n<p>\u00ab\u00a0Tout accord entre les Etats-Unis et la Russie doit inclure l&rsquo;Ukraine et l&rsquo;UE, car c&rsquo;est une question de s\u00e9curit\u00e9 pour l&rsquo;Ukraine et pour l&rsquo;ensemble de l&rsquo;Europe,\u00a0\u00bb a insist\u00e9 Kaja Kallas. Elle a \u00e9galement averti qu&rsquo;aucun accord ne devait \u00ab\u00a0servir de tremplin \u00e0 une nouvelle agression russe contre l&rsquo;Ukraine, l&rsquo;alliance transatlantique et l&rsquo;Europe\u00a0\u00bb.<\/p>\n<p>La rencontre entre Donald Trump et Vladimir Poutine, pr\u00e9vue vendredi, fait craindre un accord d\u00e9favorable \u00e0 l&rsquo;Ukraine. \u00ab\u00a0Alors que nous \u0153uvrons en faveur d&rsquo;une paix durable et juste, le droit international est clair: tous les territoires temporairement occup\u00e9s appartiennent \u00e0 l&rsquo;Ukraine\u00a0\u00bb, a soulign\u00e9 Kaja Kallas.<\/p>\n<p>Les principaux dirigeants europ\u00e9ens avaient d\u00e9j\u00e0 appel\u00e9 dimanche matin \u00e0 maintenir la pression sur la Russie pour obtenir la paix et r\u00e9it\u00e9r\u00e9 leur soutien \u00e0 l&rsquo;Ukraine dans une d\u00e9claration commune.<\/p>\n<p><strong class=\"inline-title\">&gt;&gt; Plus de d\u00e9tails dans notre article\u00a0: <\/strong><a href=\"https:\/\/www.rts.ch\/info\/monde\/2025\/article\/l-europe-maintient-la-pression-sur-moscou-avant-le-sommet-trump-poutine-28964132.html\" data-item-id=\"richtext_link\" target=\"_blank\" rel=\"noopener\">Avec ou sans Volodymyr Zelensky, l&rsquo;Europe maintient sa pression sur Moscou avant le sommet Trump-Poutine<\/a><\/p>\n<p>Echange de territoires \u00e9voqu\u00e9<\/p>\n<p>Les pr\u00e9sidents russe et am\u00e9ricain doivent se retrouver le 15 ao\u00fbt en Alaska, aux Etats-Unis, dans le cadre des efforts du pr\u00e9sident am\u00e9ricain pour trouver une issue au conflit que la Russie a d\u00e9clench\u00e9 en f\u00e9vrier 2022. Un r\u00e8glement du conflit comprendra des \u00e9changes de territoires \u00ab\u00a0au b\u00e9n\u00e9fice de chacun\u00a0\u00bb, avait affirm\u00e9 Donald Trump vendredi dernier, sans fournir plus de d\u00e9tails.<\/p>\n<p><strong class=\"inline-title\">&gt;&gt; Lire \u00e0 ce sujet\u00a0: <\/strong><a href=\"https:\/\/www.rts.ch\/info\/monde\/2025\/article\/donald-trump-confirme-une-rencontre-imminente-avec-poutine-sur-l-ukraine-28963442.html\" data-item-id=\"richtext_link\" target=\"_blank\" rel=\"noopener\">Donald Trump annonce qu&rsquo;il rencontrera Vladimir Poutine le 15 ao\u00fbt en Alaska<\/a><\/p>\n<p>Cette rencontre tr\u00e8s attendue se d\u00e9roulera en principe sans le pr\u00e9sident ukrainien Volodymyr Zelensky, qui ne cesse pourtant d&rsquo;exiger d&rsquo;\u00eatre partie prenante. Des bruits dimanche font toutefois \u00e9tat d&rsquo;une invitation en Alaska, mais sans qu&rsquo;il y rencontre directement Vladimir Poutine.<\/p>\n<p>Volodymyr Zelensky a exhort\u00e9 ses alli\u00e9s europ\u00e9ens \u00e0 prendre des \u00ab\u00a0mesures claires\u00a0\u00bb pour d\u00e9finir une approche commune, alors que ces derniers sont aussi \u00e9cart\u00e9s des pourparlers.<\/p>\n<p><strong class=\"inline-title\">&gt;&gt; Lire aussi\u00a0: <\/strong><a href=\"https:\/\/www.rts.ch\/info\/monde\/2025\/article\/zelensky-s-oppose-aux-decisions-sur-l-ukraine-prises-sans-son-pays-28963640.html\" data-item-id=\"richtext_link\" target=\"_blank\" rel=\"noopener\">Volodymyr Zelensky rejette tout compromis territorial avant le sommet Trump-Poutine<\/a><\/p>\n<p> &gt;&gt; Vers un sommet Trump-Poutine sans l&rsquo;Ukraine? R\u00e9\u00e9couter l&rsquo;interview de Camille Grand dans l&rsquo;\u00e9mission Tout un monde vendredi\u00a0:    Vers un sommet Trump\/Poutine mais sans l&rsquo;Ukraine | Interview de Camille Grand \/ Tout un monde \/ 6 min. \/ vendredi \u00e0 08:12 <\/p>\n<p class=\"sources\">ats\/vic<\/p>\n","protected":false},"excerpt":{"rendered":"La cheffe de la diplomatie de l&rsquo;Union europ\u00e9enne Kaja Kallas a annonc\u00e9 dimanche la convocation d&rsquo;une \u00ab\u00a0r\u00e9union extraordinaire\u00a0\u00bb&hellip;\n","protected":false},"author":2,"featured_media":309643,"comment_status":"","ping_status":"","sticky":false,"template":"","format":"standard","meta":{"footnotes":""},"categories":[1586],"tags":[34131,11,312,75,1777,674,1779,1011,27,5229,74,12,44947,316,1325,2543,5486,25,2764,1778,220,364,3083,135,7137],"class_list":{"0":"post-309642","1":"post","2":"type-post","3":"status-publish","4":"format-standard","5":"has-post-thumbnail","7":"category-europe","8":"tag-accord-q32183951","9":"tag-actualites","10":"tag-diplomatie","11":"tag-donald-trump","12":"tag-eu","13":"tag-europe","14":"tag-european-union","15":"tag-fr","16":"tag-france","17":"tag-kaja-kallas","18":"tag-monde","19":"tag-news","20":"tag-organisation-internationale","21":"tag-politique","22":"tag-president-des-etats-unis","23":"tag-relations-internationales","24":"tag-rencontre","25":"tag-republique-francaise","26":"tag-sommet","27":"tag-ue","28":"tag-ukraine","29":"tag-union-europeenne","30":"tag-urgence","31":"tag-vladimir-poutine","32":"tag-volodymyr-zelenskyy"},"share_on_mastodon":{"url":"https:\/\/pubeurope.com\/@fr\/115005134275247817","error":""},"_links":{"self":[{"href":"https:\/\/www.europesays.com\/fr\/wp-json\/wp\/v2\/posts\/309642","targetHints":{"allow":["GET"]}}],"collection":[{"href":"https:\/\/www.europesays.com\/fr\/wp-json\/wp\/v2\/posts"}],"about":[{"href":"https:\/\/www.europesays.com\/fr\/wp-json\/wp\/v2\/types\/post"}],"author":[{"embeddable":true,"href":"https:\/\/www.europesays.com\/fr\/wp-json\/wp\/v2\/users\/2"}],"replies":[{"embeddable":true,"href":"https:\/\/www.europesays.com\/fr\/wp-json\/wp\/v2\/comments?post=309642"}],"version-history":[{"count":0,"href":"https:\/\/www.europesays.com\/fr\/wp-json\/wp\/v2\/posts\/309642\/revisions"}],"wp:featuredmedia":[{"embeddable":true,"href":"https:\/\/www.europesays.com\/fr\/wp-json\/wp\/v2\/media\/309643"}],"wp:attachment":[{"href":"https:\/\/www.europesays.com\/fr\/wp-json\/wp\/v2\/media?parent=309642"}],"wp:term":[{"taxonomy":"category","embeddable":true,"href":"https:\/\/www.europesays.com\/fr\/wp-json\/wp\/v2\/categories?post=309642"},{"taxonomy":"post_tag","embeddable":true,"href":"https:\/\/www.europesays.com\/fr\/wp-json\/wp\/v2\/tags?post=309642"}],"curies":[{"name":"wp","href":"https:\/\/api.w.org\/{rel}","templated":true}]}}