{"id":309644,"date":"2025-08-10T15:17:13","date_gmt":"2025-08-10T15:17:13","guid":{"rendered":"https:\/\/www.europesays.com\/fr\/309644\/"},"modified":"2025-08-10T15:17:13","modified_gmt":"2025-08-10T15:17:13","slug":"12-departements-du-sud-ouest-places-en-vigilance-rouge-ce-lundi","status":"publish","type":"post","link":"https:\/\/www.europesays.com\/fr\/309644\/","title":{"rendered":"12\u00a0d\u00e9partements du Sud-Ouest plac\u00e9s en vigilance rouge ce lundi"},"content":{"rendered":"<p>        <img decoding=\"async\" loading=\"lazy\" src=\"https:\/\/www.europesays.com\/fr\/wp-content\/uploads\/2025\/08\/dc69002_upload-1-mw2wtjkwtx4z-000-33ry3ct.jpg\"  width=\"728\" height=\"410\" alt=\"12\u00a0d\u00e9partements plac\u00e9s en vigilance rouge \u00e0 la canicule ce lundi\"\/>  <\/p>\n<p>MIGUEL MEDINA \/ AFP<\/p>\n<p>12\u00a0d\u00e9partements plac\u00e9s en vigilance rouge \u00e0 la canicule ce lundi<\/p>\n<p class=\"asset asset-text\">METEO &#8211; C\u2019est la 8e fois depuis 2019\u00a0(et sa cr\u00e9ation) que ce niveau d\u2019alerte est d\u00e9clench\u00e9 en France. 12\u00a0d\u00e9partements du Sud-Ouest ont \u00e9t\u00e9 plac\u00e9s en vigilance rouge <a href=\"https:\/\/www.huffingtonpost.fr\/france\/article\/canicule-sante-publique-france-dresse-un-premier-bilan-sur-les-morts-en-exces-au-debut-de-l-ete_252919.html\" target=\"_blank\" rel=\"noopener\">canicule<\/a> pour ce lundi 11\u00a0ao\u00fbt, t\u00e9moignant de <a href=\"https:\/\/www.huffingtonpost.fr\/france\/article\/une-nouvelle-vague-de-chaleur-gagne-la-france-tout-savoir-du-coin-le-plus-frais-aux-departements-les-plus-chauds_253410.html\" target=\"_blank\" rel=\"noopener\">l\u2019\u00e9pisode caniculaire extr\u00eame<\/a> qui va toucher cette partie du pays en ce d\u00e9but de semaine.<\/p>\n<p class=\"asset asset-text\">Dans le d\u00e9tail, la Charente-Maritime, la Charente, la Gironde, la Dordogne, les Landes, le Lot-et-Garonne, le Lot, le Tarn-et-Garonne, le Gers, la Haute-Garonne, le Tarn et l\u2019Aude ont \u00e9t\u00e9 plac\u00e9s en vigilance rouge canicule.<\/p>\n<p class=\"asset asset-text\">\u00ab\u00a0Le niveau de vigilance rouge correspond \u00e0 une canicule extr\u00eame, exceptionnelle par sa dur\u00e9e, son intensit\u00e9, son extension g\u00e9ographique, et pr\u00e9sente un fort impact sanitaire pour l\u2019ensemble de la population et des impacts soci\u00e9taux (s\u00e9cheresse, approvisionnement en eau potable, am\u00e9nagement ou arr\u00eat de certaines activit\u00e9s, etc.)\u00a0\u00bb, explique M\u00e9t\u00e9o-France.<\/p>\n<p> La lecture de ce contenu est susceptible d\u2019entra\u00eener un d\u00e9p\u00f4t de cookies de la part de l\u2019op\u00e9rateur tiers qui l\u2019h\u00e9berge. Compte-tenu des choix que vous avez exprim\u00e9s en mati\u00e8re de d\u00e9p\u00f4t de cookies, nous avons bloqu\u00e9 l\u2019affichage de ce contenu. Si vous souhaitez y acc\u00e9der, vous devez accepter la cat\u00e9gorie de cookies \u201cContenus tiers\u201d en cliquant sur le bouton ci-dessous. <\/p>\n<p> Lire la Vid\u00e9o        <\/p>\n<p class=\"asset asset-text\">M\u00e9t\u00e9o France d\u00e9crit un \u00ab\u00a0\u00e9pisode de canicule n\u00e9cessitant une vigilance particuli\u00e8re notamment pour les personnes sensibles ou expos\u00e9es avec un pic, bref, mais extr\u00eamement intense dans le Sud-Ouest\u00a0\u00bb.<\/p>\n<p>                     Des records de temp\u00e9ratures attendus dans le Sud-Ouest    <\/p>\n<p class=\"asset asset-text\">Pour ce lundi, l\u2019institut m\u00e9t\u00e9orologique pr\u00e9voit des temp\u00e9ratures maximales \u00ab\u00a0tr\u00e8s fr\u00e9quemment sup\u00e9rieures \u00e0 40\u00a0\u00b0C\u00a0\u00bb dans un \u00ab\u00a0vaste Sud-Ouest\u00a0\u00bb. Des pointes sont m\u00eame attendues \u00e0 42\u00a0\u00b0C et \u00ab\u00a0peut-\u00eatre plus\u00a0\u00bb, et\u00a0des records de temp\u00e9ratures \u00ab\u00a0sont probables\u00a0\u00bb.<\/p>\n<p class=\"asset asset-text\">Sur le reste du pays, M\u00e9t\u00e9o France pr\u00e9voit des temp\u00e9ratures d\u00e9passera les 30\u00a0\u00b0C partout en France, avec \u00ab\u00a0des pointes \u00e0 36\/38\u00a0\u00b0C en Centre-Val-de-Loire\u00a0\u00bb et \u00e0 \u00ab\u00a032\/34\u00a0\u00b0C en \u00cele-de-France\u00a0\u00bb.<\/p>\n<p class=\"asset asset-text\">En outre, quelque 41 autres d\u00e9partements, situ\u00e9s principalement dans la moiti\u00e9 sud du pays, seront class\u00e9s en vigilance orange lors de cette nouvelle journ\u00e9e de tr\u00e8s grosse chaleur, qui a d\u00e9but\u00e9 vendredi et \u00ab\u00a0progresse vers le nord\u00a0\u00bb, a ajout\u00e9 l\u2019institut de pr\u00e9vision dans son dernier bulletin actualis\u00e9 dimanche.<\/p>\n<p class=\"asset asset-text\">Lors de la pr\u00e9c\u00e9dente vague de chaleur \u00e0 la fin du mois de juin, seize d\u00e9partements, principalement dans le centre du pays et en Ile-de-France, avait \u00e9t\u00e9 class\u00e9s en vigilance rouge canicule.<\/p>\n","protected":false},"excerpt":{"rendered":"MIGUEL MEDINA \/ AFP 12\u00a0d\u00e9partements plac\u00e9s en vigilance rouge \u00e0 la canicule ce lundi METEO &#8211; C\u2019est la&hellip;\n","protected":false},"author":2,"featured_media":309645,"comment_status":"","ping_status":"","sticky":false,"template":"","format":"standard","meta":{"footnotes":""},"categories":[2],"tags":[11,6698,1011,27,2487,2357,12,25,15637,35567],"class_list":{"0":"post-309644","1":"post","2":"type-post","3":"status-publish","4":"format-standard","5":"has-post-thumbnail","7":"category-actualites","8":"tag-actualites","9":"tag-canicule","10":"tag-fr","11":"tag-france","12":"tag-meteo","13":"tag-meteo-france","14":"tag-news","15":"tag-republique-francaise","16":"tag-vague-de-chaleur","17":"tag-vigilance-rouge"},"share_on_mastodon":{"url":"https:\/\/pubeurope.com\/@fr\/115005138634159266","error":""},"_links":{"self":[{"href":"https:\/\/www.europesays.com\/fr\/wp-json\/wp\/v2\/posts\/309644","targetHints":{"allow":["GET"]}}],"collection":[{"href":"https:\/\/www.europesays.com\/fr\/wp-json\/wp\/v2\/posts"}],"about":[{"href":"https:\/\/www.europesays.com\/fr\/wp-json\/wp\/v2\/types\/post"}],"author":[{"embeddable":true,"href":"https:\/\/www.europesays.com\/fr\/wp-json\/wp\/v2\/users\/2"}],"replies":[{"embeddable":true,"href":"https:\/\/www.europesays.com\/fr\/wp-json\/wp\/v2\/comments?post=309644"}],"version-history":[{"count":0,"href":"https:\/\/www.europesays.com\/fr\/wp-json\/wp\/v2\/posts\/309644\/revisions"}],"wp:featuredmedia":[{"embeddable":true,"href":"https:\/\/www.europesays.com\/fr\/wp-json\/wp\/v2\/media\/309645"}],"wp:attachment":[{"href":"https:\/\/www.europesays.com\/fr\/wp-json\/wp\/v2\/media?parent=309644"}],"wp:term":[{"taxonomy":"category","embeddable":true,"href":"https:\/\/www.europesays.com\/fr\/wp-json\/wp\/v2\/categories?post=309644"},{"taxonomy":"post_tag","embeddable":true,"href":"https:\/\/www.europesays.com\/fr\/wp-json\/wp\/v2\/tags?post=309644"}],"curies":[{"name":"wp","href":"https:\/\/api.w.org\/{rel}","templated":true}]}}