{"id":309650,"date":"2025-08-10T15:20:15","date_gmt":"2025-08-10T15:20:15","guid":{"rendered":"https:\/\/www.europesays.com\/fr\/309650\/"},"modified":"2025-08-10T15:20:15","modified_gmt":"2025-08-10T15:20:15","slug":"carre-et-boulay-remportent-la-classique-charlevoix-mazda","status":"publish","type":"post","link":"https:\/\/www.europesays.com\/fr\/309650\/","title":{"rendered":"Carr\u00e9 et Boulay remportent la Classique Charlevoix Mazda"},"content":{"rendered":"<p><strong>La comp\u00e9tition \u00e9tait f\u00e9roce \u00e0 la Classique Charlevoix Mazda pr\u00e9sent\u00e9e ce 9 ao\u00fbt sur les all\u00e9es de Golf Baie-Saint-Paul. Trois duos, dont celui des nouveaux champions Marc-Andr\u00e9 Carr\u00e9 et Jeff Boulay du Ki-8-Eb, ont du faire du temps suppl\u00e9mentaire pour s\u2019emparer des titres.<\/strong><\/p>\n<p>Carr\u00e9 et Boulay ont jou\u00e9 65. La paire form\u00e9e de William Boudreault et F\u00e9lix-Antoine Froment s\u2019est point\u00e9e au chalet avec le m\u00eame pointage. Des oiselets sur les deux derniers trous, dont un d\u2019une quinzaine de pieds au 18e, de la part de ceux qui allaient \u00e9ventuellement gagner ont forc\u00e9 la prolongation. Un oiselet de Carr\u00e9 a scell\u00e9 l\u2019issue du duel dans la classe AAA.<\/p>\n<p><img loading=\"lazy\" decoding=\"async\" width=\"890\" height=\"500\" src=\"https:\/\/www.europesays.com\/fr\/wp-content\/uploads\/2025\/08\/527581282_3203578309789139_2973471044004604545_n-890x500.jpg\" alt=\"\" class=\"wp-image-272469 lazy\"  data-\/><\/p>\n<p>Dans le AA, \u00c9ric Lavoie et Alexandre Pilote ont jou\u00e9 67 pour l\u2019emporter par deux coups sur Maxime Ricard et Sylvain Isabel.<\/p>\n<p><img loading=\"lazy\" decoding=\"async\" width=\"890\" height=\"500\" src=\"https:\/\/www.europesays.com\/fr\/wp-content\/uploads\/2025\/08\/528012629_1039375058278657_8160463926009519596_n-890x500.jpg\" alt=\"\" class=\"wp-image-272470 lazy\"  data-\/><\/p>\n<p>Ga\u00e9tan Bureau et R\u00e9my Couture du club h\u00f4te ont enlev\u00e9 les honneurs dans le A avec une ronde de 72. Andr\u00e9 Bacon et Nelson Hervieux prennent le second rang \u00e0 77.<\/p>\n<p><img loading=\"lazy\" decoding=\"async\" width=\"890\" height=\"500\" src=\"https:\/\/www.europesays.com\/fr\/wp-content\/uploads\/2025\/08\/527576558_958621639719234_5708436463234792732_n-890x500.jpg\" alt=\"\" class=\"wp-image-272471 lazy\"  data-\/><\/p>\n<p>Claude Mailloux et Louis Girard ont eu besoin de trois trous suppl\u00e9mentaires pour s\u2019emparer du titre dans le BB. Gilles L\u00e9vesque et Sylvain Deschamps avaient eux aussi boucl\u00e9 les 18 trous en 75 coups.<\/p>\n<p><img loading=\"lazy\" decoding=\"async\" width=\"890\" height=\"500\" src=\"https:\/\/www.europesays.com\/fr\/wp-content\/uploads\/2025\/08\/527576558_752302881020503_443922769150776455_n-890x500.jpg\" alt=\"\" class=\"wp-image-272472 lazy\"  data-\/><\/p>\n<p>Dans le B, le duo p\u00e8re-fils Gaston et Marck Duchesne a pris le premier rang avec une carte de 74. Normand Harvey et Alain Turcotte ont fini au 2e rang \u00e0 77.<\/p>\n<p><img loading=\"lazy\" decoding=\"async\" width=\"890\" height=\"500\" src=\"https:\/\/www.europesays.com\/fr\/wp-content\/uploads\/2025\/08\/530806656_2319038918512098_2672623187063798655_n-890x500.jpg\" alt=\"\" class=\"wp-image-272468 lazy\"  data-\/>\u00c9ric LAvoie avec les gagnantes de la classe f\u00e9minine, Marl\u00e8ne Desbiens et \u00c9lizabeth Villeneuve, Lucille Vandal et Laurence Morin<\/p>\n<p>Marl\u00e8ne Desbiens et \u00c9lizabeth Villeneuve du Murray Bay ont eu besoin d\u2019un trou de plus pour gagner sur C\u00e9line Bradet et Andr\u00e9e Bergeron. Les deux duos ont compl\u00e9t\u00e9 le parcours avec un pointage net de 68.<\/p>\n<p>La formule de jeu \u00e9tait\u00a0:Mulligan sur le premier neuf et deux balles meilleure balle sur le neuf de retour.<\/p>\n<p>La Classique Charlevoix Mazda a r\u00e9uni 92 joueurs.<\/p>\n","protected":false},"excerpt":{"rendered":"La comp\u00e9tition \u00e9tait f\u00e9roce \u00e0 la Classique Charlevoix Mazda pr\u00e9sent\u00e9e ce 9 ao\u00fbt sur les all\u00e9es de Golf&hellip;\n","protected":false},"author":2,"featured_media":309651,"comment_status":"","ping_status":"","sticky":false,"template":"","format":"standard","meta":{"footnotes":""},"categories":[1418],"tags":[1011,27,1472,60],"class_list":{"0":"post-309650","1":"post","2":"type-post","3":"status-publish","4":"format-standard","5":"has-post-thumbnail","7":"category-golf","8":"tag-fr","9":"tag-france","10":"tag-golf","11":"tag-sports"},"share_on_mastodon":{"url":"https:\/\/pubeurope.com\/@fr\/115005150186240200","error":""},"_links":{"self":[{"href":"https:\/\/www.europesays.com\/fr\/wp-json\/wp\/v2\/posts\/309650","targetHints":{"allow":["GET"]}}],"collection":[{"href":"https:\/\/www.europesays.com\/fr\/wp-json\/wp\/v2\/posts"}],"about":[{"href":"https:\/\/www.europesays.com\/fr\/wp-json\/wp\/v2\/types\/post"}],"author":[{"embeddable":true,"href":"https:\/\/www.europesays.com\/fr\/wp-json\/wp\/v2\/users\/2"}],"replies":[{"embeddable":true,"href":"https:\/\/www.europesays.com\/fr\/wp-json\/wp\/v2\/comments?post=309650"}],"version-history":[{"count":0,"href":"https:\/\/www.europesays.com\/fr\/wp-json\/wp\/v2\/posts\/309650\/revisions"}],"wp:featuredmedia":[{"embeddable":true,"href":"https:\/\/www.europesays.com\/fr\/wp-json\/wp\/v2\/media\/309651"}],"wp:attachment":[{"href":"https:\/\/www.europesays.com\/fr\/wp-json\/wp\/v2\/media?parent=309650"}],"wp:term":[{"taxonomy":"category","embeddable":true,"href":"https:\/\/www.europesays.com\/fr\/wp-json\/wp\/v2\/categories?post=309650"},{"taxonomy":"post_tag","embeddable":true,"href":"https:\/\/www.europesays.com\/fr\/wp-json\/wp\/v2\/tags?post=309650"}],"curies":[{"name":"wp","href":"https:\/\/api.w.org\/{rel}","templated":true}]}}