{"id":309655,"date":"2025-08-10T15:25:16","date_gmt":"2025-08-10T15:25:16","guid":{"rendered":"https:\/\/www.europesays.com\/fr\/309655\/"},"modified":"2025-08-10T15:25:16","modified_gmt":"2025-08-10T15:25:16","slug":"comment-les-pilotes-depassent-ils-la-peur-et-la-souffrance-apres-un-accident","status":"publish","type":"post","link":"https:\/\/www.europesays.com\/fr\/309655\/","title":{"rendered":"Comment les pilotes d\u00e9passent-ils la peur et la souffrance apr\u00e8s un accident ?"},"content":{"rendered":"<p>Au moment de se retourner sur les premiers mois de l&rsquo;ann\u00e9e, force est de constater que la saison 2025 nous a confront\u00e9s \u00e0 un vocabulaire m\u00e9dical dont on se serait bien pass\u00e9s. Plusieurs gros accidents ont \u00e9maill\u00e9 cette moiti\u00e9 d&rsquo;ann\u00e9e, d\u00e8s les premiers essais d&rsquo;avant-saison, avec au c\u0153ur de ces \u00e9v\u00e9nements des pilotes durement malmen\u00e9s.<\/p>\n<p>Le champion du monde en titre <a href=\"https:\/\/fr.motorsport.com\/driver\/jorge-martin\/109391\/\" target=\"_blank\" rel=\"noopener nofollow\">Jorge Mart\u00edn<\/a> en a pay\u00e9 le prix fort, victime\u00a0de plusieurs gros accidents, notamment au guidon de sa MotoGP. D\u00e8s son premier jour de piste de l&rsquo;ann\u00e9e, l&rsquo;Espagnol a subi un impressionnant choc \u00e0 la t\u00eate, ainsi que des fractures \u00e0 la main et au pied. Trois semaines plus tard, une chute en supermotard lui valait une fracture complexe du radius, plusieurs fractures du scapho\u00efde et une autre au talon.<\/p>\n<p>Le pire \u00e9tait \u00e0 venir, car un mois et demi plus tard, c&rsquo;est avec plus de dix c\u00f4tes fractur\u00e9es et un h\u00e9mopneumothorax qu&rsquo;il \u00e9tait hospitalis\u00e9, percut\u00e9 apr\u00e8s \u00eatre tomb\u00e9 devant un autre pilote lors du Grand Prix qui marquait timidement son retour. Il allait lui falloir trois mois pour remonter \u00e0 nouveau sur une moto et reprendre la comp\u00e9tition.<\/p>\n<p>Si sa propre situation a, sur le moment, \u00e9t\u00e9 moins m\u00e9diatis\u00e9e, <a href=\"https:\/\/fr.motorsport.com\/driver\/luca-marini\/201098\/\" target=\"_blank\" rel=\"noopener nofollow\">Luca Marini<\/a> a \u00e9galement subi un choc colossal cette ann\u00e9e, dont on a pris la mesure progressivement lorsqu&rsquo;il est revenu en Europe. Le pilote italien participait \u00e0 des essais d&rsquo;endurance pour Honda, sur un circuit de Suzuka qui ne figure plus au calendrier MotoGP, lorsqu&rsquo;il a subi un violent accident. Bilan : luxation de la hanche, l\u00e9sions ligamentaires au genou, pneumothorax, fracture de la clavicule et, ce qui allait le g\u00eaner le plus par la suite, fracture du sternum.<\/p>\n<p>Ni vous ni moi n&rsquo;aurions repris la moindre activit\u00e9 physique pendant des mois apr\u00e8s un tel bilan. Marini, lui, il \u00e9tait de retour sur une MotoGP au bout de cinq semaines et il relan\u00e7ait son championnat une semaine plus tard. Il ne fait aucun doute que cela a \u00e9t\u00e9 <a href=\"https:\/\/fr.motorsport.com\/motogp\/news\/marini-convalescence-pire-accident-carriere\/10733442\/\" target=\"_self\" rel=\"noopener nofollow\">le plus gros accident de sa vie<\/a>, pourtant, le pilote italien n&rsquo;avait pas perdu son sourire lorsqu&rsquo;il a retrouv\u00e9 le paddock, et c&rsquo;est tr\u00e8s pos\u00e9ment qu&rsquo;il a livr\u00e9 le r\u00e9cit de ce qui lui est arriv\u00e9, laissant ses interlocuteurs bouche-b\u00e9e.<\/p>\n<p>\u00ab\u00a0\u00c7a a clairement \u00e9t\u00e9 un accident tr\u00e8s grave mais qui m&rsquo;a aussi fait comprendre plusieurs choses. J&rsquo;en retire des exp\u00e9riences positives malgr\u00e9 l&rsquo;aspect n\u00e9gatif de l&rsquo;accident. J&rsquo;aime prendre le c\u00f4t\u00e9 positif des choses\u00a0\u00bb, expliquait-il \u00e0 son retour, en Allemagne, n&rsquo;ayant rien perdu de son pragmatisme.<\/p>\n<p>   <img decoding=\"async\" draggable=\"false\" src=\"https:\/\/www.europesays.com\/fr\/wp-content\/uploads\/2025\/05\/1748705230_114_luca-marini-honda-hrc.jpg\" alt=\"Luca Marini, Honda HRC\" width=\"1200\" height=\"800\" loading=\"lazy\"\/> <\/p>\n<p class=\"title\">Luca Marini<\/p>\n<p class=\"photographer\">Photo de: Mirco Lazzari GP &#8211; Getty Images<\/p>\n<p>\u00ab\u00a0Derni\u00e8rement, beaucoup de gens, qui n&rsquo;ont aucun rapport avec le milieu de la moto, m&rsquo;ont demand\u00e9 comment on fait, les pilotes, \u00e0 remonter en selle. Et je me suis moi-m\u00eame pos\u00e9 la question parce que c&rsquo;est quelque chose qui me parait tr\u00e8s naturel, donc c&rsquo;est difficile \u00e0 comprendre\u00a0\u00bb, r\u00e9fl\u00e9chissait alors Marini.<\/p>\n<p>\u00ab\u00a0C&rsquo;est aussi un travail mental \u00e0 faire avec soi-m\u00eame mais on est tellement habitu\u00e9s \u00e0 le faire depuis toujours, depuis qu&rsquo;on est enfant, que pour nous c&rsquo;est normal. J&rsquo;ai conscience que c&rsquo;est un sport dans lequel on risque notre vie chaque fois qu&rsquo;on prend la piste, mais on le fait toujours avec une grande passion, avec beaucoup d&rsquo;envie, parce que \u00e7a transmet plus d&rsquo;\u00e9motions que n&rsquo;importe quelle autre chose qu&rsquo;on peut faire au monde.\u00a0\u00bb<\/p>\n<blockquote>\n<p>J&rsquo;ai eu un flash et je me suis dit : &lsquo;Mais pourquoi je hurle ?&rsquo;. Donc j&rsquo;ai essay\u00e9 de me retenir, mais j&rsquo;avais tellement mal que j&rsquo;ai d\u00fb me remettre \u00e0 hurler.<\/p>\n<\/blockquote>\n<p>Lorsque le commun des mortels l&rsquo;interroge sur le naturel avec lequel un pilote remonte \u00e0 moto apr\u00e8s un tel choc, pour comprendre si c&rsquo;est quelque chose qu&rsquo;il a au fond de lui ou bien si cela s&rsquo;apprend, Luca Marini peine \u00e0 r\u00e9pondre : \u00ab\u00a0Je ne sais pas. Il faudrait que tous les pilotes qui ont eu un accident aussi grave se r\u00e9unissent et qu&rsquo;on essaye de transmettre son exp\u00e9rience aux autres, et alors peut-\u00eatre qu&rsquo;on arriverait \u00e0 comprendre s&rsquo;il y a des points communs ou pas. En ce qui me concerne, \u00e7a a \u00e9t\u00e9 quelque chose d&rsquo;assez normal, d&rsquo;assez naturel.\u00a0\u00bb<\/p>\n<p>C&rsquo;est ce qui fait qu&rsquo;il n&rsquo;a \u00ab\u00a0pas du tout\u00a0\u00bb eu peur lorsqu&rsquo;il s&rsquo;est relanc\u00e9 pour la premi\u00e8re fois \u00e0 grande vitesse. \u00ab\u00a0J&rsquo;ai souvent pens\u00e9 \u00e0 cette peur, \u00e0 cette \u00e9motion, mais en r\u00e9alit\u00e9 je ne l&rsquo;ai jamais eue. Si je repense \u00e0 la chute, plus que la peur, c&rsquo;est la douleur qui me revient \u00e0 l&rsquo;esprit\u00a0\u00bb, r\u00e9fl\u00e9chit-il en effet.<\/p>\n<p>   <img decoding=\"async\" draggable=\"false\" src=\"https:\/\/www.europesays.com\/fr\/wp-content\/uploads\/2025\/08\/1754839515_821_luca-marini-honda-hrc.jpg\" alt=\"Luca Marini, Honda HRC\" width=\"1200\" height=\"800\" loading=\"lazy\"\/> <\/p>\n<p class=\"title\">Luca Marini<\/p>\n<p class=\"photographer\">Photo de: Honda Racing<\/p>\n<p>Et on comprend ais\u00e9ment pourquoi la douleur a pris le pas sur la peur lorsque l&rsquo;on entend le r\u00e9cit qu&rsquo;il livre de ce qu&rsquo;il a v\u00e9cu \u00e0 Suzuka. \u00ab\u00a0Cette douleur a \u00e9t\u00e9 impressionnante, incroyable. Sur le moment, quand j&rsquo;\u00e9tais l\u00e0 avec la hanche dehors et tout caboss\u00e9, j&rsquo;essayais d&rsquo;arr\u00eater de hurler. Parce que j&rsquo;ai eu un flash et je me suis dit : &lsquo;Mais pourquoi je hurle ? Je vais essayer d&rsquo;arr\u00eater&rsquo;. Donc j&rsquo;ai essay\u00e9 de me retenir, mais j&rsquo;avais tellement mal que j&rsquo;ai d\u00fb me remettre \u00e0 hurler.\u00a0\u00bb<\/p>\n<p>\u00ab\u00a0J&rsquo;ai pass\u00e9 plus d&rsquo;une heure et demie \u00e0 me plaindre comme \u00e7a et \u00e0 hurler sans cesse, parce que c&rsquo;\u00e9tait vraiment impossible \u00e0 supporter. Ensuite, une fois qu&rsquo;on m&rsquo;a donn\u00e9 des antidouleurs, et qu&rsquo;on m&rsquo;a endormi pour me remettre la jambe en place, \u00e7a allait.\u00a0\u00bb<\/p>\n<p>Lire aussi :<\/p>\n<p>\u00ab\u00a0On n&rsquo;est jamais pr\u00e9par\u00e9 \u00e0 passer pr\u00e8s de la mort\u00a0\u00bb<\/p>\n<p>Si Luca Marini a relat\u00e9 ses m\u00e9saventures en en souriant, montrant qu&rsquo;il avait dig\u00e9r\u00e9 les faits pour les observer avec suffisamment de d\u00e9tachement et ne pas, en apparence du moins, tra\u00eener le poids de ces douloureux souvenirs, Jorge Mart\u00edn a de toute \u00e9vidence eu un peu plus de mal \u00e0 g\u00e9rer ses \u00e9motions.<\/p>\n<p>Lorsqu&rsquo;il faisait parler de lui pour sa volont\u00e9 \u00e0 se lib\u00e9rer de son contrat avec Aprilia, son ami <a href=\"https:\/\/fr.motorsport.com\/motogp\/news\/espargaro-jamais-pousse-martin-rejoindre-honda\/10725232\/\" target=\"_self\" rel=\"noopener nofollow\">Aleix Espargar\u00f3 nous avait avertis<\/a> : \u00ab\u00a0Il a beaucoup souffert \u00e0 l&rsquo;h\u00f4pital. Personne dans cette pi\u00e8ce, et pas m\u00eame moi, ne peut comprendre \u00e0 quel point il a souffert pendant les deux ou trois premiers mois de l&rsquo;ann\u00e9e, \u00e0 cause des blessures, de la frustration. Quand on est dans cette position, on ne sait jamais ce qu&rsquo;on va faire, ce que notre t\u00eate va d\u00e9cider. Il faut respecter \u00e7a.\u00a0\u00bb<\/p>\n<p>Et c&rsquo;est pr\u00e9cis\u00e9ment en levant un voile pudique sur cette souffrance, autant physique que morale, que <a href=\"https:\/\/fr.motorsport.com\/motogp\/news\/jorge-martin-explique-doutes-accident\/10742889\/\" target=\"_self\" rel=\"noopener nofollow\">Mart\u00edn a tent\u00e9 d&rsquo;expliquer \u00e0 son retour tout ce qu&rsquo;il a pu vivre durant son absence<\/a>. \u00ab\u00a0\u00c7a a \u00e9t\u00e9 six ou sept mois tr\u00e8s difficiles pour moi. J&rsquo;ai beaucoup souffert, j&rsquo;ai eu beaucoup de blessures\u00a0\u00bb, d\u00e9crivait-il. \u00ab\u00a0Je pense que personne ne peut comprendre ce qui vous passe par la t\u00eate quand vous \u00eates \u00e0 l&rsquo;h\u00f4pital avec 12 c\u00f4tes cass\u00e9es et que vous n&rsquo;arrivez pas \u00e0 dormir pendant une semaine.\u00a0\u00bb<\/p>\n<p>\u00ab\u00a0Je crois qu&rsquo;on n&rsquo;est jamais pr\u00e9par\u00e9 \u00e0 passer pr\u00e8s de la mort. Il y a toujours diff\u00e9rentes situations dans la vie mais il y a parfois des situations auxquelles on ne s&rsquo;attend pas, et quand elles arrivent elles sont tr\u00e8s dures \u00e0 accepter. Le Qatar a \u00e9t\u00e9 l&rsquo;une de ces situations\u00a0\u00bb, expliquait le Madril\u00e8ne, refusant d&rsquo;entrer dans les d\u00e9tails mais refoulant ses larmes. \u00ab\u00a0Je me suis retrouv\u00e9 dans une situation tr\u00e8s mauvaise. Je pense que seuls mon p\u00e8re et ma petite amie savent ce qui m&rsquo;a travers\u00e9 l&rsquo;esprit et ce que j&rsquo;ai ressenti dans mon corps.\u00a0\u00bb<\/p>\n<p>   <img decoding=\"async\" draggable=\"false\" src=\"https:\/\/www.europesays.com\/fr\/wp-content\/uploads\/2025\/08\/jorge-martin-aprilia-racing.jpg\" alt=\"Jorge Martin, Aprilia Racing\" width=\"1200\" height=\"800\" loading=\"lazy\"\/> <\/p>\n<p class=\"title\">Jorge Mart\u00edn<\/p>\n<p class=\"photographer\">Photo de: Gold and Goose Photography \/ LAT Images \/ via Getty Images<\/p>\n<p>Comme Marini, plus que la peur, c&rsquo;est la douleur ressentie apr\u00e8s l&rsquo;accident qu&rsquo;a d\u00e9crite Mart\u00edn et les doutes qui l&rsquo;ont assailli en cons\u00e9quence, avec un lien direct vers ce qu&rsquo;il a tent\u00e9 de faire pour quitter Aprilia. \u00ab\u00a0Quand j&rsquo;\u00e9tais \u00e0 l&rsquo;h\u00f4pital, je ne savais pas si j&rsquo;allais pouvoir courir \u00e0 nouveau. J&rsquo;ai pass\u00e9 quatre jours en soins intensifs et \u00e7a a \u00e9t\u00e9 un moment vraiment dur. Je parlais avec ma compagne, mon p\u00e8re, avec Aleix parfois, et je ne savais pas si j&rsquo;allais un jour pouvoir remonter sur une MotoGP. Donc \u00e0 partir de l\u00e0, j&rsquo;ai dout\u00e9 de tout : est-ce que j&rsquo;allais \u00eatre rapide \u00e0 nouveau ? Est-ce que j&rsquo;allais redevenir fort ? Beaucoup de choses.\u00a0\u00bb<\/p>\n<p>Jorge Mart\u00edn a pourtant d\u00e9j\u00e0 souffert, et on ne peut oublier son accident de 2021 qui lui avait d\u00e9j\u00e0 fait craindre que sa carri\u00e8re s&rsquo;arr\u00eate \u00e0 23 ans. Pour lui, les deux situations n&rsquo;ont \u00ab\u00a0rien \u00e0 voir\u00a0\u00bb. \u00ab\u00a0C&rsquo;est peut-\u00eatre d\u00fb au fait que j&rsquo;\u00e9tais plus jeune, je ne sais pas, mais \u00e0 l&rsquo;\u00e9poque je voulais juste gu\u00e9rir et remonter sur la moto. Maintenant, j&rsquo;ai tous ces nuages de pens\u00e9es [qui m&rsquo;entourent]\u00a0\u00bb, a-t-il d\u00e9peint.<\/p>\n<p>Lire aussi :<\/p>\n<p>Aujourd&rsquo;hui parmi les pilotes les plus exp\u00e9riment\u00e9s du championnat, <a href=\"https:\/\/fr.motorsport.com\/driver\/marc-marquez\/92646\/\" target=\"_blank\" rel=\"noopener nofollow\">Marc M\u00e1rquez<\/a> est aussi celui qui a certainement le plus souffert physiquement au cours de sa carri\u00e8re. Tandis qu&rsquo;il retrouve aujourd&rsquo;hui les sommets apr\u00e8s cinq ann\u00e9es chamboul\u00e9es par sa fracture de l&rsquo;hum\u00e9rus \u00e0 Jerez et ses nombreux effets collat\u00e9raux, on ne peut oublier les blessures pr\u00e9c\u00e9dentes. Or, en se rem\u00e9morant notamment celle qui l&rsquo;a priv\u00e9 du titre 2011 en Moto2 et lui a valu un premier, et long, \u00e9pisode de diplopie, il fait \u00e9cho aux propos de Mart\u00edn en estimant qu&rsquo;il encaissait mieux les chutes mentalement \u00e0 cet \u00e2ge-l\u00e0.<\/p>\n<p>\u00ab\u00a0Je vais \u00eatre honn\u00eate : \u00e0 cet \u00e2ge-l\u00e0, lorsque \u00e7a m&rsquo;est arriv\u00e9, \u00e7a ne m&rsquo;a pas tellement affect\u00e9. Bien s\u00fbr, c&rsquo;\u00e9tait sensible ce jour-l\u00e0, mais \u00e7a ne m&rsquo;a pas affect\u00e9 dans ma mani\u00e8re de penser, de piloter. Au final, c&rsquo;est mon job. \u00c9videmment, on n&rsquo;a jamais envie de r\u00e9p\u00e9ter cela malgr\u00e9 tout. Mais aujourd&rsquo;hui, \u00e0 32 ans, je pense un peu diff\u00e9remment qu&rsquo;\u00e0 17 ans, l&rsquo;\u00e2ge que j&rsquo;avais \u00e0 l&rsquo;\u00e9poque. \u00c0 cet \u00e2ge-l\u00e0, on n&rsquo;est pas encore conscient de ce qu&rsquo;est la vie, honn\u00eatement.\u00a0\u00bb<\/p>\n<p>Plus chamboul\u00e9 peut-\u00eatre parce que plus m\u00fbr, donc, Jorge Mart\u00edn dit en tout cas avoir retir\u00e9 de cette \u00e9preuve une force, une plus grande confiance en lui. \u00ab\u00a0J&rsquo;ai clairement eu du mal quand j&rsquo;\u00e9tais \u00e0 l&rsquo;h\u00f4pital, au Qatar, mais je crois que je me suis parfaitement bien entra\u00een\u00e9, que je suis mieux pr\u00e9par\u00e9 que jamais. Et je crois que je ne savais pas combien de courage je pouvais avoir et que maintenant je le sais. C&rsquo;est en moi et je vais le garder pour toute ma carri\u00e8re\u00a0\u00bb, affirme-t-il.<\/p>\n<p>\u00ab\u00a0Je vais en tirer des enseignements. Si \u00e7a se reproduit \u2013 car \u00e7a peut se reproduire, je l&rsquo;accepte, j&rsquo;accepte le fait qu&rsquo;on est en MotoGP et qu&rsquo;on risque notre vie chaque fois qu&rsquo;on prend la piste -, alors j&rsquo;essaierai d&rsquo;\u00eatre meilleur.\u00a0\u00bb<\/p>\n<p>Dans cet article<\/p>\n<p>Soyez le premier inform\u00e9 et souscrivez aux alertes mails pour recevoir les infos en temps r\u00e9el<\/p>\n<p>    S&rsquo;abonner aux alertes de news<\/p>\n","protected":false},"excerpt":{"rendered":"Au moment de se retourner sur les premiers mois de l&rsquo;ann\u00e9e, force est de constater que la saison&hellip;\n","protected":false},"author":2,"featured_media":309656,"comment_status":"","ping_status":"","sticky":false,"template":"","format":"standard","meta":{"footnotes":""},"categories":[1413],"tags":[3563,44949,4950,1011,27,3345,3564,15966,5038,1457,1456,1458,60],"class_list":{"0":"post-309655","1":"post","2":"type-post","3":"status-publish","4":"format-standard","5":"has-post-thumbnail","7":"category-moto","8":"tag-aprilia-racing-team","9":"tag-comment-les-pilotes-du00e9passent-ils-la-peur-et-la-souffrance-apru00e8s-un-accident","10":"tag-ducati-team","11":"tag-fr","12":"tag-france","13":"tag-honda-hrc","14":"tag-jorge-martu00edn","15":"tag-luca-marini","16":"tag-marc-mu00e1rquez","17":"tag-moto","18":"tag-motocycle","19":"tag-motogp","20":"tag-sports"},"share_on_mastodon":{"url":"https:\/\/pubeurope.com\/@fr\/115005169642224202","error":""},"_links":{"self":[{"href":"https:\/\/www.europesays.com\/fr\/wp-json\/wp\/v2\/posts\/309655","targetHints":{"allow":["GET"]}}],"collection":[{"href":"https:\/\/www.europesays.com\/fr\/wp-json\/wp\/v2\/posts"}],"about":[{"href":"https:\/\/www.europesays.com\/fr\/wp-json\/wp\/v2\/types\/post"}],"author":[{"embeddable":true,"href":"https:\/\/www.europesays.com\/fr\/wp-json\/wp\/v2\/users\/2"}],"replies":[{"embeddable":true,"href":"https:\/\/www.europesays.com\/fr\/wp-json\/wp\/v2\/comments?post=309655"}],"version-history":[{"count":0,"href":"https:\/\/www.europesays.com\/fr\/wp-json\/wp\/v2\/posts\/309655\/revisions"}],"wp:featuredmedia":[{"embeddable":true,"href":"https:\/\/www.europesays.com\/fr\/wp-json\/wp\/v2\/media\/309656"}],"wp:attachment":[{"href":"https:\/\/www.europesays.com\/fr\/wp-json\/wp\/v2\/media?parent=309655"}],"wp:term":[{"taxonomy":"category","embeddable":true,"href":"https:\/\/www.europesays.com\/fr\/wp-json\/wp\/v2\/categories?post=309655"},{"taxonomy":"post_tag","embeddable":true,"href":"https:\/\/www.europesays.com\/fr\/wp-json\/wp\/v2\/tags?post=309655"}],"curies":[{"name":"wp","href":"https:\/\/api.w.org\/{rel}","templated":true}]}}