{"id":309659,"date":"2025-08-10T15:27:09","date_gmt":"2025-08-10T15:27:09","guid":{"rendered":"https:\/\/www.europesays.com\/fr\/309659\/"},"modified":"2025-08-10T15:27:09","modified_gmt":"2025-08-10T15:27:09","slug":"cyclisme-tour-de-pologne-brandon-mcnulty-rafle-tout-chrono-de-la-7e-etape-et-general","status":"publish","type":"post","link":"https:\/\/www.europesays.com\/fr\/309659\/","title":{"rendered":"Cyclisme. Tour de Pologne &#8211; Brandon McNulty rafle tout : chrono de la 7e \u00e9tape et g\u00e9n\u00e9ral"},"content":{"rendered":"<p>Jour de v\u00e9rit\u00e9 sur le <strong><a href=\"https:\/\/www.cyclismactu.net\/..\/news-tour-de-pologne-route-victor-langellotti-6e-etape-un-final-fou-et-lapeira-a-cede-89529.html\" target=\"_blank\" rel=\"nofollow noopener\">Tour de Pologne 2025<\/a><\/strong> ! La 82e \u00e9dition de la l&rsquo;\u00e9preuve WorldTour polonaise se terminait ce dimanche par une 7e \u00e9tape d\u00e9cisive pour la victoire finale, sous la forme d&rsquo;un contre-la-montre de 12,5 km autour de\u00a0Wieliczka. Un chrono pour sp\u00e9cialiste et homme fort qui a souri au favori du jour\u00a0<strong>Brandon McNulty<\/strong> (UAE Team Emirates-XRG) ! Avant-dernier coureur \u00e0 s&rsquo;\u00e9lancer, l&rsquo;Am\u00e9ricain a tu\u00e9 tout suspense d\u00e8s le premier interm\u00e9diaire, \u00e9crasant la concurrence lors des 6 premiers kilom\u00e8tres vallonn\u00e9s avec plus de 20 secondes de marge sur tous ses rivaux. Un \u00e9cart abyssal qui s&rsquo;est certes l\u00e9g\u00e8rement r\u00e9duit \u00e0 l&rsquo;arriv\u00e9e, mais son temps canon de 14 minutes et 31 secondes lui suffit largement pour\u00a0comme pr\u00e9vu tout rafler : l&rsquo;\u00e9tape et le classement g\u00e9n\u00e9ral, son tout premier au niveau WorldTour ! Il offre \u00e9galement \u00e0 sa formation \u00e9miratie une 9e\u00a0course par \u00e9tapes World Tour en 2025&#8230; sur les 12 disput\u00e9es !<\/p>\n<p>Vid\u00e9o &#8211; Victor Langellotti n&rsquo;a sans surprise pas r\u00e9sist\u00e9 \u00e0 McNulty Lire la suite de l&rsquo;article&#13;<\/p>\n<p>\u00a0<\/p>\n<p>&#13;<br \/>\nBrandon McNulty succ\u00e8de \u00e0 Jonas Vingegaard, deux Italiens sur le podium&#13;<\/p>\n<p>Un chrono qui a inspir\u00e9 les coureurs italiens, puisque cinq d&rsquo;entre eux int\u00e8grent le top 10 du jour&#8230; dont trois juste derri\u00e8re <strong>Mcnulty<\/strong> !\u00a0<strong>Lorenzo Milesi<\/strong> (Movistar Team, 2e \u00e0 12&Prime;),\u00a0<strong>Matteo Sobrero<\/strong> (Red Bull-BORA-hansgrohe, 3e \u00e0 15&Prime;) et\u00a0<strong>Antonio Tiberi<\/strong> (Bahrain Victorious, 4e \u00e0 16&Prime;) ont tous but\u00e9 sur l&rsquo;Am\u00e9ricain. Pour les deux derniers, ce bons r\u00e9sultats leur permet malgr\u00e9 tout de monter sur le podium final du g\u00e9n\u00e9ral, <strong>Tiberi<\/strong> finissant 2e devant <strong>Sobrero<\/strong>. <\/p>\n<p>&#13;<\/p>\n<p>D\u00e9nouement cruel pour le h\u00e9ros de la veille\u00a0<strong>Victor Langellotti<\/strong> (INEOS Grenadiers), le maillot Jaune ne r\u00e9alisant pas un mauvais temps (21e \u00e0 46&Prime;) mais reculant de quatre places pour finir en 5e position, \u00e0 \u00e9galit\u00e9 avec <strong>Jan Christen<\/strong> (UAE Team Emirates-XRG). Pour son dernier <strong>Tour de Pologne<\/strong> en carri\u00e8re, <strong>Rafal Majka<\/strong>\u00a0(UAE Team Emirates-XRG) conclut son \u00e9preuve nationale avec une 8e place au g\u00e9n\u00e9ral. C\u00f4t\u00e9 fran\u00e7ais, <strong>Thibaud Gruel<\/strong> a \u00e9t\u00e9 le plus rapide ce dimanche et est le seul \u00e0 rentrer dans le top 20 (19e \u00e0 43&Prime;), tandis que son co\u00e9quipier\u00a0<strong>Rudy Molard<\/strong>\u00a0(67e) recule sans surprise au 15e rang du g\u00e9n\u00e9ral. Toujours dans l&rsquo;\u00e9quipe fran\u00e7aise, d\u00e9ception pour <strong>Stefan K\u00fcng<\/strong>, le double champion d&rsquo;Europe confirmant sa petite forme en Pologne avec une 6e place sur ce chrono.<\/p>\n<p>Tour de Pologne &#8211; Classement de la 7\u00e8 \u00e9tape Tour de Pologne &#8211; Classement g\u00e9n\u00e9ral<\/p>\n","protected":false},"excerpt":{"rendered":"Jour de v\u00e9rit\u00e9 sur le Tour de Pologne 2025 ! La 82e \u00e9dition de la l&rsquo;\u00e9preuve WorldTour polonaise&hellip;\n","protected":false},"author":2,"featured_media":309660,"comment_status":"","ping_status":"","sticky":false,"template":"","format":"standard","meta":{"footnotes":""},"categories":[1411],"tags":[1154,207,211,1011,27,209,60,210,43054,212,208,213],"class_list":{"0":"post-309659","1":"post","2":"type-post","3":"status-publish","4":"format-standard","5":"has-post-thumbnail","7":"category-cyclisme","8":"tag-cycling","9":"tag-cyclisme","10":"tag-ffc","11":"tag-fr","12":"tag-france","13":"tag-route","14":"tag-sports","15":"tag-tour-de-france","16":"tag-tour-de-pologne","17":"tag-uci","18":"tag-velo","19":"tag-world-tour"},"share_on_mastodon":{"url":"https:\/\/pubeurope.com\/@fr\/115005177458981344","error":""},"_links":{"self":[{"href":"https:\/\/www.europesays.com\/fr\/wp-json\/wp\/v2\/posts\/309659","targetHints":{"allow":["GET"]}}],"collection":[{"href":"https:\/\/www.europesays.com\/fr\/wp-json\/wp\/v2\/posts"}],"about":[{"href":"https:\/\/www.europesays.com\/fr\/wp-json\/wp\/v2\/types\/post"}],"author":[{"embeddable":true,"href":"https:\/\/www.europesays.com\/fr\/wp-json\/wp\/v2\/users\/2"}],"replies":[{"embeddable":true,"href":"https:\/\/www.europesays.com\/fr\/wp-json\/wp\/v2\/comments?post=309659"}],"version-history":[{"count":0,"href":"https:\/\/www.europesays.com\/fr\/wp-json\/wp\/v2\/posts\/309659\/revisions"}],"wp:featuredmedia":[{"embeddable":true,"href":"https:\/\/www.europesays.com\/fr\/wp-json\/wp\/v2\/media\/309660"}],"wp:attachment":[{"href":"https:\/\/www.europesays.com\/fr\/wp-json\/wp\/v2\/media?parent=309659"}],"wp:term":[{"taxonomy":"category","embeddable":true,"href":"https:\/\/www.europesays.com\/fr\/wp-json\/wp\/v2\/categories?post=309659"},{"taxonomy":"post_tag","embeddable":true,"href":"https:\/\/www.europesays.com\/fr\/wp-json\/wp\/v2\/tags?post=309659"}],"curies":[{"name":"wp","href":"https:\/\/api.w.org\/{rel}","templated":true}]}}