{"id":309665,"date":"2025-08-10T15:30:13","date_gmt":"2025-08-10T15:30:13","guid":{"rendered":"https:\/\/www.europesays.com\/fr\/309665\/"},"modified":"2025-08-10T15:30:13","modified_gmt":"2025-08-10T15:30:13","slug":"quand-je-fais-de-la-photo-je-veux-faire-des-tableaux-fete-du-bruit-dans-landerneau-a-travers-lobjectif-de-nicolas-kerleroux","status":"publish","type":"post","link":"https:\/\/www.europesays.com\/fr\/309665\/","title":{"rendered":"\u00ab\u00a0Quand je fais de la photo, je veux faire des tableaux\u00a0\u00bb\u00a0: F\u00eate du bruit dans Landerneau \u00e0 travers l\u2019objectif de Nicolas Kerleroux"},"content":{"rendered":"<p>Si vous \u00eates de ceux qui aiment \u00eatre scotch\u00e9s aux crashs barri\u00e8re, vous les avez remarqu\u00e9s. Les photographes en fosse font partie du paysage en festival, <a href=\"https:\/\/www.letelegramme.fr\/culture-loisirs\/festivals\/fete-du-bruit\/\" title=\"www.letelegramme.fr\" target=\"_blank\" rel=\"noopener\">F\u00eate du bruit dans Landerneau, qui se d\u00e9roule du 8 au 10 ao\u00fbt 2025<\/a>, ne fait pas exception. Parmi les habitu\u00e9s des festivit\u00e9s landern\u00e9ennes, Thomas Kerleroux, alias TKX, fournit l\u2019organisateur R\u00e9gie Sc\u00e8ne. Ses clich\u00e9s d\u2019artistes, dont une partie a \u00e9t\u00e9 prise dans les jardins de la Palud,<a href=\"https:\/\/www.letelegramme.fr\/finistere\/landerneau-29800\/a-landerneau-tkx-immortalise-la-musique-a-lurbatypik-6840311.php\" title=\"www.letelegramme.fr\" target=\"_blank\" rel=\"noopener\"> \u00e9taient visibles en juillet \u00e0 la galerie l\u2019Urbatypik, situ\u00e9e rue de Lafayette<\/a>. Sa came, ce sont les photos de concert. \u00ab\u00a0J\u2019ai d\u00e9marr\u00e9 au Vauban\u00a0\u00bb, rapporte le Brestois d\u2019adoption, attabl\u00e9 \u00e0 une terrasse du Moulin-Blanc, bracelet bleu de la F\u00eate du bruit au poignet.<\/p>\n<p>\u00ab\u00a0Je veux faire des tableaux\u00a0\u00bb<\/p>\n<p>Pas de style particulier. Lui, assure \u00e9couter de tout. \u00ab\u00a0Tout, mais pas n\u2019importe quoi, se marre-t-il. Il faut que j\u2019aime pour prendre de la bonne photo\u00a0!\u00a0\u00bb. Si la magie n\u2019op\u00e8re pas sur sc\u00e8ne, il pr\u00e9f\u00e8re ranger l\u2019objectif et se barrer. \u00ab\u00a0C\u2019est sensoriel, la lumi\u00e8re est tr\u00e8s importante. Quand je fais de la photo, je veux faire des tableaux. Le jeu de lumi\u00e8res va beaucoup jouer. Et quand tu en vois une momentan\u00e9ment sur le visage d\u2019un artiste, alors tu peux \u00eatre s\u00fbr qu\u2019elle va revenir\u00a0\u00bb.<\/p>\n<p>\u00c0 force d\u2019appuyer sur le d\u00e9clencheur de son appareil, il devient plus \u00e9conome. \u00ab\u00a0Je ne veux plus faire de la photo classique. Fini les clich\u00e9s avec des artistes qui mangent leur micro\u00a0\u00bb, assure-t-il. Maintenant, il veut capturer le non-visible ou le moment o\u00f9 tout rel\u00e2che. \u00ab\u00a0Je pr\u00e9f\u00e8re les photos quand le morceau s\u2019arr\u00eate ou prendre les artistes dans les loges\u00a0\u00bb.<\/p>\n<p><img decoding=\"async\" src=\"https:\/\/www.europesays.com\/fr\/wp-content\/uploads\/2025\/08\/689762fcef54c6dd91019be4.1.jpeg\" width=\"480\" height=\"300\" class=\"web_golden_m\" loading=\"lazy\" alt=\"Thomas Kerleroux, alias TKX, passionn\u00e9 de musique et photographe d\u2019artistes, lors de son exposition \u00e0 L\u2019Urbatypik en juillet\u00a02025.\"\/>Thomas Kerleroux, alias TKX, passionn\u00e9 de musique et photographe d\u2019artistes, lors de son exposition \u00e0 L\u2019Urbatypik en juillet\u00a02025. (Photo d\u2019archives Le T\u00e9l\u00e9gramme\/Paolo Cadena)Une activit\u00e9 b\u00e9n\u00e9vole<\/p>\n<p>Dans l\u2019exercice de sa passion \u2013 il n\u2019en retire quasiment pas de revenus \u2013, il doit se faire le plus discret possible, pour ne pas d\u00e9ranger les artistes ou perturber l\u2019exp\u00e9rience du public. Mais parmi les spectateurs, des pratiques l\u2019exasp\u00e8rent\u00a0: la vid\u00e9o au t\u00e9l\u00e9phone. \u00ab\u00a0Les t\u00e9l\u00e9phones polluent les concerts. La vid\u00e9o que les gens prennent en festival, le rendu sera pourri et ils ne la regarderont jamais apr\u00e8s coup\u00a0\u00bb, soupire le photographe.<\/p>\n<p>La photographie de concert, \u00e7a ne se fait pas au pif. \u00ab\u00a0J\u2019\u00e9tudie un peu avant d\u2019y aller. Est-ce que la personne sur sc\u00e8ne est gauch\u00e8re ou droiti\u00e8re\u00a0? C\u2019est quoi son jeu\u00a0? Par exemple, le nouveau chanteur de Prodigy adore envoyer du bord de la sc\u00e8ne, donc si je veux des clich\u00e9s corrects, il me faut du recul\u00a0\u00bb, explique celui qui est conducteur de travaux \u00e0 c\u00f4t\u00e9. Il faut conna\u00eetre son terrain aussi. Une fois l\u2019acc\u00e8s \u00e0 la fosse ferm\u00e9 aux photographes, il doit continuer ses clich\u00e9s depuis le public. Les artistes donnent leurs conditions pour \u00eatre pris en photo et tr\u00e8s souvent, c\u2019est autoris\u00e9 sans validation pour les trois premiers titres, apr\u00e8s zou\u00a0!<\/p>\n<p>Asaf Avidan, la pluie et l\u2019objectif p\u00e9t\u00e9<\/p>\n<p>\u00ab\u00a0Pour les concerts de rap, \u00e7a peut \u00eatre compliqu\u00e9 de prendre de la photo depuis le public\u00a0\u00bb, raconte-t-il, avec un frisson dans le dos, s\u00fbrement avec des pogos monstrueux en t\u00eate. Les mauvaises exp\u00e9riences peuvent aussi venir de la m\u00e9t\u00e9o bretonne. \u00ab\u00a0Devant Asaf Avidan, en 2021, il y a eu une pluie torrentielle\u00a0\u00bb, se rem\u00e9more-t-il. Le pire ennemi d\u2019un appareil, surtout quand il co\u00fbte, parfois plusieurs centaines voire un millier d\u2019euros, c\u2019est l\u2019eau. \u00ab\u00a0Je me suis r\u00e9fugi\u00e9 avec les autres photographes sous la sc\u00e8ne. Mon bo\u00eetier, neuf, a percut\u00e9 le d\u00e9cor. J\u2019ai p\u00e9t\u00e9 l\u2019\u00e9cran\u00a0\u00bb.<\/p>\n<p><img decoding=\"async\" src=\"https:\/\/www.europesays.com\/fr\/wp-content\/uploads\/2025\/08\/689762fcf623c0bbf404e6df.1.jpeg\" width=\"480\" height=\"300\" class=\"web_golden_m\" loading=\"lazy\" alt=\"Le clich\u00e9 favori de TKX est celui de Joey Starr, lors du passage de NTM en 2018.\"\/>Le clich\u00e9 favori de TKX est celui de Joey Starr, lors du passage de NTM en 2018. (Thomas Kerleroux\/TKX)<\/p>\n<p>Son clich\u00e9 favori \u00e0 F\u00eate du bruit\u00a0? Une photo de Joey Starr, tonitruant, lors du passage de NTM en 2018. \u00ab\u00a0Je suis n\u00e9 en 1981, j\u2019\u00e9coutais leur groupe, mais aussi IAM ou Solaar. Je les ai tous photographi\u00e9s\u00a0!\u00a0\u00bb, affiche-t-il fi\u00e8rement. Quand Joey Starr est pass\u00e9 \u00e0 Brest pour tourner sa s\u00e9rie \u00ab\u00a0Le Rempla\u00e7ant\u00a0\u00bb, l\u2019hiver dernier, Thomas a pu le rencontrer. \u00ab\u00a0Je lui ai montr\u00e9 la photo lors d\u2019une soir\u00e9e au Vauban, je lui disais que j\u2019\u00e9tais super fier. Il a regard\u00e9 mon t\u00e9l\u00e9phone, il m\u2019a r\u00e9pondu qu\u2019il ne voyait rien et m\u2019a propos\u00e9 de boire un verre\u00a0\u00bb, rapporte le fan avec un rire.<\/p>\n<p>Pratique<\/p>\n","protected":false},"excerpt":{"rendered":"Si vous \u00eates de ceux qui aiment \u00eatre scotch\u00e9s aux crashs barri\u00e8re, vous les avez remarqu\u00e9s. Les photographes&hellip;\n","protected":false},"author":2,"featured_media":309666,"comment_status":"","ping_status":"","sticky":false,"template":"","format":"standard","meta":{"footnotes":""},"categories":[1358],"tags":[1348,1384,1385,1687,1386,58,59,3337,44951,1011,27],"class_list":{"0":"post-309665","1":"post","2":"type-post","3":"status-publish","4":"format-standard","5":"has-post-thumbnail","7":"category-arts-et-design","8":"tag-arts","9":"tag-arts-and-design","10":"tag-arts-et-design","11":"tag-culture-loisirs","12":"tag-design","13":"tag-divertissement","14":"tag-entertainment","15":"tag-festivals","16":"tag-fete-du-bruit","17":"tag-fr","18":"tag-france"},"share_on_mastodon":{"url":"https:\/\/pubeurope.com\/@fr\/115005189456333867","error":""},"_links":{"self":[{"href":"https:\/\/www.europesays.com\/fr\/wp-json\/wp\/v2\/posts\/309665","targetHints":{"allow":["GET"]}}],"collection":[{"href":"https:\/\/www.europesays.com\/fr\/wp-json\/wp\/v2\/posts"}],"about":[{"href":"https:\/\/www.europesays.com\/fr\/wp-json\/wp\/v2\/types\/post"}],"author":[{"embeddable":true,"href":"https:\/\/www.europesays.com\/fr\/wp-json\/wp\/v2\/users\/2"}],"replies":[{"embeddable":true,"href":"https:\/\/www.europesays.com\/fr\/wp-json\/wp\/v2\/comments?post=309665"}],"version-history":[{"count":0,"href":"https:\/\/www.europesays.com\/fr\/wp-json\/wp\/v2\/posts\/309665\/revisions"}],"wp:featuredmedia":[{"embeddable":true,"href":"https:\/\/www.europesays.com\/fr\/wp-json\/wp\/v2\/media\/309666"}],"wp:attachment":[{"href":"https:\/\/www.europesays.com\/fr\/wp-json\/wp\/v2\/media?parent=309665"}],"wp:term":[{"taxonomy":"category","embeddable":true,"href":"https:\/\/www.europesays.com\/fr\/wp-json\/wp\/v2\/categories?post=309665"},{"taxonomy":"post_tag","embeddable":true,"href":"https:\/\/www.europesays.com\/fr\/wp-json\/wp\/v2\/tags?post=309665"}],"curies":[{"name":"wp","href":"https:\/\/api.w.org\/{rel}","templated":true}]}}