{"id":309667,"date":"2025-08-10T15:31:21","date_gmt":"2025-08-10T15:31:21","guid":{"rendered":"https:\/\/www.europesays.com\/fr\/309667\/"},"modified":"2025-08-10T15:31:21","modified_gmt":"2025-08-10T15:31:21","slug":"a-biarritz-les-auteures-a-succes-dedicacent-en-bord-de-mer","status":"publish","type":"post","link":"https:\/\/www.europesays.com\/fr\/309667\/","title":{"rendered":"\u00e0 Biarritz, les auteures \u00e0 succ\u00e8s d\u00e9dicacent en bord de mer"},"content":{"rendered":"<p>Sous les arbres des jardins de la Grande Plage de Biarritz, cinq tables recouvertes de nappes rouges attirent les curieux. En toile de fond, l\u2019oc\u00e9an. Fanny, premi\u00e8re d\u2019une longue file de lecteurs tr\u00e9pigne. \u00ab\u00a0J\u2019attends depuis presque deux heures, je ne tiens pas en place\u00a0!\u00a0\u00bb sourit-elle. D\u2019ici quelques minutes, elle rencontrera Virginie Grimaldi, son auteure pr\u00e9f\u00e9r\u00e9e.<\/p>\n<p>La sc\u00e8ne n\u2019a rien des salons litt\u00e9raires bond\u00e9s ni des librairies \u00e9triqu\u00e9es. Ce samedi 9\u00a0ao\u00fbt, cette s\u00e9ance de d\u00e9dicace en plein air est organis\u00e9e par le Camion qui livre, tourn\u00e9e estivale des \u00c9ditions du Livre de poche, en partenariat avec la Maison de la presse Darrigade. Pour la troisi\u00e8me ann\u00e9e cons\u00e9cutive, l\u2019ultime \u00e9tape biarrote s\u2019impose comme un rendez-vous attendu. Parmi les habitu\u00e9s, Morgane, Biarrote, ne manque jamais l\u2019\u00e9v\u00e9nement\u00a0: \u00ab\u00a0chaque ann\u00e9e, j\u2019attends avec impatience de conna\u00eetre la date.\u00a0\u00bb<\/p>\n<p>Une tr\u00eave rompue<\/p>\n<p>L\u2019\u00e9t\u00e9, la plupart des \u00e9crivains l\u00e8vent le poignet sur les signatures. Ici, ils brisent cette tr\u00eave estivale. \u00ab\u00a0L\u2019ambiance n\u2019a rien \u00e0 voir avec des d\u00e9dicaces habituelles. Les gens sont plus d\u00e9tendus, on n\u2019a pas un bruit constant en fond\u2026 Sauf celui de la mer. Il y a pire\u00a0!\u00a0\u00bb, plaisante Serena Giuliano.<\/p>\n<p>Dans la file, certains ne sont pas habitu\u00e9s aux d\u00e9dicaces. \u00ab\u00a0C\u2019est une occasion simple d\u2019avoir un livre sign\u00e9 dans ma biblioth\u00e8que, moi qui ne voudrais pas patienter des heures dans un magasin\u00a0\u00bb, admet une jeune femme, un sac plein d\u2019ouvrages des auteures \u00e0 la main.<\/p>\n<p>C\u2019est aussi la force de l\u2019\u00e9v\u00e9nement, \u00ab\u00a0les gens appr\u00e9cient qu\u2019on vienne \u00e0 eux\u00a0\u00bb, d\u00e9crit Sylvie Navellou, directrice marketing et communication des \u00c9ditions Livre de poche. Pour <a href=\"https:\/\/youtu.be\/bjjlZb7QJjU?si=88zj3gAOEv1hsStv\" target=\"_blank\" rel=\"nofollow noopener\">Marie Valreille, auteure de \u00ab\u00a0La Derni\u00e8re Allumette\u00a0\u00bb<\/a>, l\u2019\u00e9v\u00e9nement \u00ab\u00a0am\u00e8ne d\u2019autres rendez-vous\u00a0\u00bb\u00a0: beaucoup reviennent d\u2019une ann\u00e9e sur l\u2019autre apr\u00e8s une premi\u00e8re lecture achet\u00e9e au camion.<\/p>\n<blockquote><p>Beaucoup m\u2019ont dit que \u00e7a les avait aid\u00e9s \u00e0 s\u2019identifier aux personnages<\/p><\/blockquote>\n<p>        <img decoding=\"async\" id=\"25518708\" src=\"https:\/\/www.europesays.com\/fr\/wp-content\/uploads\/2025\/08\/img-8701.jpg\" alt=\"Le camion qui Livre, librairie ambulante estivale des \u00c9ditions Livre de Poche.\" itemprop=\"contentURL\"\/><\/p>\n<p>    Le camion qui Livre, librairie ambulante estivale des \u00c9ditions Livre de Poche.<\/p>\n<p>Philippine Boulet<\/p>\n<p>\u00ab\u00a0Nous, on \u00e9crit seules\u00a0\u00bb, rappelle Serena Guiliano. \u00ab\u00a0\u00c7a fait du bien de mettre des visages sur nos lecteurs et on partage ce moment entre auteures, il y a un go\u00fbt de colonie de vacances plus que de travail\u00a0\u00bb, reconna\u00eet-elle.<\/p>\n<p>Virginie Grimaldi, elle, a situ\u00e9 deux de ses romans \u00e0 Biarritz. \u00ab\u00a0Les lecteurs m\u2019ont pos\u00e9 plein de questions dessus. Beaucoup m\u2019ont dit que \u00e7a les avait aid\u00e9s \u00e0 s\u2019identifier aux personnages.\u00a0\u00bb<\/p>\n<p>Quelques heures plus tard, Fanny lance un \u00ab\u00a0on reviendra l\u2019an prochain, c\u2019est s\u00fbr\u00a0\u00bb, en serrant son roman d\u00e9dicac\u00e9. M\u00eame son de cloche du c\u00f4t\u00e9 des auteures, ravies de cette parenth\u00e8se au grand air.<\/p>\n","protected":false},"excerpt":{"rendered":"Sous les arbres des jardins de la Grande Plage de Biarritz, cinq tables recouvertes de nappes rouges attirent&hellip;\n","protected":false},"author":2,"featured_media":309668,"comment_status":"","ping_status":"","sticky":false,"template":"","format":"standard","meta":{"footnotes":""},"categories":[1357],"tags":[1379,58,59,1011,27,1380],"class_list":{"0":"post-309667","1":"post","2":"type-post","3":"status-publish","4":"format-standard","5":"has-post-thumbnail","7":"category-livres","8":"tag-books","9":"tag-divertissement","10":"tag-entertainment","11":"tag-fr","12":"tag-france","13":"tag-livres"},"share_on_mastodon":{"url":"https:\/\/pubeurope.com\/@fr\/115005193402117156","error":""},"_links":{"self":[{"href":"https:\/\/www.europesays.com\/fr\/wp-json\/wp\/v2\/posts\/309667","targetHints":{"allow":["GET"]}}],"collection":[{"href":"https:\/\/www.europesays.com\/fr\/wp-json\/wp\/v2\/posts"}],"about":[{"href":"https:\/\/www.europesays.com\/fr\/wp-json\/wp\/v2\/types\/post"}],"author":[{"embeddable":true,"href":"https:\/\/www.europesays.com\/fr\/wp-json\/wp\/v2\/users\/2"}],"replies":[{"embeddable":true,"href":"https:\/\/www.europesays.com\/fr\/wp-json\/wp\/v2\/comments?post=309667"}],"version-history":[{"count":0,"href":"https:\/\/www.europesays.com\/fr\/wp-json\/wp\/v2\/posts\/309667\/revisions"}],"wp:featuredmedia":[{"embeddable":true,"href":"https:\/\/www.europesays.com\/fr\/wp-json\/wp\/v2\/media\/309668"}],"wp:attachment":[{"href":"https:\/\/www.europesays.com\/fr\/wp-json\/wp\/v2\/media?parent=309667"}],"wp:term":[{"taxonomy":"category","embeddable":true,"href":"https:\/\/www.europesays.com\/fr\/wp-json\/wp\/v2\/categories?post=309667"},{"taxonomy":"post_tag","embeddable":true,"href":"https:\/\/www.europesays.com\/fr\/wp-json\/wp\/v2\/tags?post=309667"}],"curies":[{"name":"wp","href":"https:\/\/api.w.org\/{rel}","templated":true}]}}