{"id":309669,"date":"2025-08-10T15:32:13","date_gmt":"2025-08-10T15:32:13","guid":{"rendered":"https:\/\/www.europesays.com\/fr\/309669\/"},"modified":"2025-08-10T15:32:13","modified_gmt":"2025-08-10T15:32:13","slug":"la-participation-dethan-a-failli-serieusemen","status":"publish","type":"post","link":"https:\/\/www.europesays.com\/fr\/309669\/","title":{"rendered":"la participation d\u2019Ethan a failli s\u00e9rieusemen &#8230;"},"content":{"rendered":"<p>EN BREF<\/p>\n<ul class=\"bloc_resume_post_list\">\n<li>Secret Story revient sur TF1 le 10 juin 2025 \u00e0 23h30,<br \/>\npr\u00e9sent\u00e9 par Christophe Beaugrand.<\/li>\n<li>La nouvelle maison des secrets est d\u00e9voil\u00e9e, promettant<br \/>\ndes strat\u00e9gies complexes sous l\u00a0\u00bb\u0153il de la Joconde.<\/li>\n<li>Ethan, fr\u00e8re d&rsquo;Eden Hazard, participe et atteint la<br \/>\nfinale, mais son secret menace une interview avec Zack<br \/>\nNani.<\/li>\n<\/ul>\n<p>Programme embl\u00e9matique de TF1. Secret Story a effectu\u00e9 son grand<br \/>\nretour sur l&rsquo;antenne de la premi\u00e8re cha\u00eene le mardi 10 juin 2025 \u00e0<br \/>\n23h30. Ce jour-l\u00e0,\u00a0<a href=\"https:\/\/www.closermag.fr\/people\/christophe-beaugrand-et-son-mari-agresses-sa-reponse-au-vitriol-aux-terribles-sous-entendus-3553098\" data-mrf-link=\"https:\/\/www.closermag.fr\/people\/christophe-beaugrand-et-son-mari-agresses-sa-reponse-au-vitriol-aux-terribles-sous-entendus-3553098\" target=\"_blank\" rel=\"noopener\">Christophe<br \/>\nBeaugrand<\/a>\u00a0a officiellement pr\u00e9sent\u00e9\u00a0<a href=\"https:\/\/www.telestar.fr\/tele_realite\/secret-story-2025-un-secret-deja-trouve-cette-candidate-deja-virale-1727037\" data-mrf-link=\"https:\/\/www.telestar.fr\/tele_realite\/secret-story-2025-un-secret-deja-trouve-cette-candidate-deja-virale-1727037\" target=\"_blank\" rel=\"noopener\">les<br \/>\ncandidats<\/a>\u00a0de la nouvelle saison du programme aux<br \/>\nt\u00e9l\u00e9spectateurs. Il a \u00e9galement d\u00e9voil\u00e9\u00a0<strong>la toute<br \/>\nnouvelle maison des secrets.<\/strong> Dans laquelle les<br \/>\nparticipants ont v\u00e9cu au quotidien durant les prochaines<br \/>\nsemaines.<\/p>\n<p>\u00ab\u00a0Cette saison, La Voix a d\u00e9cid\u00e9 d\u2019investir une toute<br \/>\nnouvelle\u00a0<a href=\"https:\/\/www.telestar.fr\/tele_realite\/secret-story-saurez-vous-retrouver-les-tonnes-de-references-cachees-dans-la-maison-ouvrez-loeil-1726393\" data-mrf-link=\"https:\/\/www.telestar.fr\/tele_realite\/secret-story-saurez-vous-retrouver-les-tonnes-de-references-cachees-dans-la-maison-ouvrez-loeil-1726393\" target=\"_blank\" rel=\"noopener\">Maison<br \/>\ndes Secrets<\/a>. Sous l\u2019\u0153il iconique de la Joconde, cette maison<br \/>\nsera aussi myst\u00e9rieuse que les secrets qu\u2019elle abrite. Les<br \/>\nhabitants devront redoubler de strat\u00e9gie dans un lieu o\u00f9 cacher son<br \/>\nsecret n\u2019a jamais \u00e9t\u00e9 aussi difficile. Une chose est s\u00fbre. Entre<br \/>\nalliances, mensonges et trahisons.\u00a0<strong>Rien n\u2019\u00e9chappera \u00e0<br \/>\nLa Voix !<\/strong>\u00ab\u00a0, avait notamment indiqu\u00e9 TF1 dans un<br \/>\ncommuniqu\u00e9.<\/p>\n<p>Secret Story 2025 : Ethan a largement perdu face \u00e0 Romy en<br \/>\nfinale<\/p>\n<p>Par la suite, Christophe Beaugrand a pr\u00e9sent\u00e9 la quotidienne<br \/>\ndiffus\u00e9e en access prime time sur TFX. Ainsi que les primes<br \/>\nhebdomadaires du jeudi soir. Eux aussi programm\u00e9s sur la cha\u00eene du<br \/>\ngroupe TF1. Parmi tous les participants de cette nouvelle \u00e9dition<br \/>\nde Secret Story. On peut notamment citer Ethan, qui est<br \/>\n<strong>parvenu \u00e0 se hisser jusqu&rsquo;en finale<\/strong>. Mais qui<br \/>\ns&rsquo;est inclin\u00e9 face \u00e0 Romy le jeudi 7 ao\u00fbt 2025.<\/p>\n<p>Le secret que le jeune homme devait pr\u00e9server \u00e9tait le suivant :<br \/>\n\u00ab\u00a0<strong>Je suis le fr\u00e8re d&rsquo;un c\u00e9l\u00e8bre joueur de<br \/>\nfootball<\/strong>\u00ab\u00a0. En r\u00e9alit\u00e9, Ethan est l&rsquo;un des fr\u00e8res<br \/>\nd&rsquo;<a href=\"https:\/\/www.telestar.fr\/tele_realite\/secret_story\/secret-story-2025-ethan-est-lie-avec-un-ex-gagnant-grace-a-son-frere-eden-hazard-1733798\" target=\"_blank\" rel=\"noopener\">Eden<br \/>\nHazard<\/a>, qui a notamment jou\u00e9 pour Chelsea et le Real Madrid<br \/>\ndurant sa carri\u00e8re. Cependant, la participation d&rsquo;Ethan \u00e0 Secret<br \/>\nStory a failli mettre en p\u00e9ril celle de son fr\u00e8re \u00e0 l&rsquo;une des<br \/>\n\u00e9missions du c\u00e9l\u00e8bre streamer Zack Nani. En fait, ce dernier \u00e9tait<br \/>\npass\u00e9 par le jeune homme pour obtenir une interview d&rsquo;Eden<br \/>\nHazard.<\/p>\n<p><img decoding=\"async\" src=\"https:\/\/www.europesays.com\/fr\/wp-content\/uploads\/2025\/08\/1754839933_155_hqdefault.jpg\" width=\"100%\" height=\"auto\"\/><\/p>\n<p>Zack Nani : \u00ab\u00a0Il a cr\u00e9\u00e9 l\u2019\u00e9mission<br \/>\npresque \u00e0 lui tout seul, donc d\u00e9dicace \u00e0 Ethan\u00a0\u00bb<\/p>\n<p>\u00ab\u00a0Je rentre en contact avec Ethan sur Insta (\u2026) Pendant sept<br \/>\nou huit mois, je reparle avec Ethan, je luis demande si c\u2019est<br \/>\ntoujours bon. (\u2026) Vraiment Ethan me fait le plus du d\u00e9but \u00e0 la fin,<br \/>\n<strong>il a g\u00e9r\u00e9 de ouf.<\/strong> Il a cr\u00e9\u00e9 l\u2019\u00e9mission presque \u00e0<br \/>\nlui tout seul, donc d\u00e9dicace \u00e0 Ethan\u00a0\u00bb, a premi\u00e8rement indiqu\u00e9<br \/>\nZack Nani \u00e0 ce sujet sur sa cha\u00eene Twitch. Mais apr\u00e8s avoir vu<br \/>\nEthan int\u00e9grer la maison des secrets, le streamer d\u00e9chante.<\/p>\n<p>\u00ab\u00a0Je me dis : &lsquo;Mais comment je fais ? Je regarde le prime de<br \/>\nla premi\u00e8re semaine et j\u2019esp\u00e8re qu\u2019il se fasse \u00e9liminer ?'\u00a0\u00bb,<br \/>\na-t-il ainsi soulign\u00e9. Finalement, il est parvenu \u00e0 obtenir<br \/>\nl&rsquo;interview d&rsquo;Eden Hazard en passant par <a href=\"https:\/\/www.telestar.fr\/people\/adil-rami-en-couple-avec-une-ex-candidate-de-telerealite-les-tourtereaux-tres-tactiles-a-monaco-1723157\" target=\"_blank\" rel=\"noopener\"><br \/>\nAdil Rami<\/a>, qui fut son co\u00e9quipier \u00e0 Lille. \u00ab\u00a0Je lui ai<br \/>\nenvoy\u00e9 un message et il m\u2019a permis de rentrer en contact avec une<br \/>\npersonne qui travaille dans l\u2019\u00e9quipe d\u2019Eden (\u2026). Et gr\u00e2ce \u00e0 cette<br \/>\npersonne, <strong>l\u2019\u00e9mission a pu avoir lieu<\/strong>\u00ab\u00a0, a<br \/>\nfinalement conclu Zack Nani.<\/p>\n","protected":false},"excerpt":{"rendered":"EN BREF Secret Story revient sur TF1 le 10 juin 2025 \u00e0 23h30, pr\u00e9sent\u00e9 par Christophe Beaugrand. La&hellip;\n","protected":false},"author":2,"featured_media":309670,"comment_status":"","ping_status":"","sticky":false,"template":"","format":"standard","meta":{"footnotes":""},"categories":[1356],"tags":[548,58,59,1011,27,252,199,1364,729],"class_list":{"0":"post-309669","1":"post","2":"type-post","3":"status-publish","4":"format-standard","5":"has-post-thumbnail","7":"category-television","8":"tag-article-simple","9":"tag-divertissement","10":"tag-entertainment","11":"tag-fr","12":"tag-france","13":"tag-television","14":"tag-tf1","15":"tag-tv","16":"tag-yout_video"},"share_on_mastodon":{"url":"https:\/\/pubeurope.com\/@fr\/115005197301587005","error":""},"_links":{"self":[{"href":"https:\/\/www.europesays.com\/fr\/wp-json\/wp\/v2\/posts\/309669","targetHints":{"allow":["GET"]}}],"collection":[{"href":"https:\/\/www.europesays.com\/fr\/wp-json\/wp\/v2\/posts"}],"about":[{"href":"https:\/\/www.europesays.com\/fr\/wp-json\/wp\/v2\/types\/post"}],"author":[{"embeddable":true,"href":"https:\/\/www.europesays.com\/fr\/wp-json\/wp\/v2\/users\/2"}],"replies":[{"embeddable":true,"href":"https:\/\/www.europesays.com\/fr\/wp-json\/wp\/v2\/comments?post=309669"}],"version-history":[{"count":0,"href":"https:\/\/www.europesays.com\/fr\/wp-json\/wp\/v2\/posts\/309669\/revisions"}],"wp:featuredmedia":[{"embeddable":true,"href":"https:\/\/www.europesays.com\/fr\/wp-json\/wp\/v2\/media\/309670"}],"wp:attachment":[{"href":"https:\/\/www.europesays.com\/fr\/wp-json\/wp\/v2\/media?parent=309669"}],"wp:term":[{"taxonomy":"category","embeddable":true,"href":"https:\/\/www.europesays.com\/fr\/wp-json\/wp\/v2\/categories?post=309669"},{"taxonomy":"post_tag","embeddable":true,"href":"https:\/\/www.europesays.com\/fr\/wp-json\/wp\/v2\/tags?post=309669"}],"curies":[{"name":"wp","href":"https:\/\/api.w.org\/{rel}","templated":true}]}}