{"id":309679,"date":"2025-08-10T15:38:09","date_gmt":"2025-08-10T15:38:09","guid":{"rendered":"https:\/\/www.europesays.com\/fr\/309679\/"},"modified":"2025-08-10T15:38:09","modified_gmt":"2025-08-10T15:38:09","slug":"une-erreur-de-professeur-sur-parcoursup-lavenir-dune-bacheliere-en-peril-a-cause-dune-decision-administrative-incomprehensible","status":"publish","type":"post","link":"https:\/\/www.europesays.com\/fr\/309679\/","title":{"rendered":"\u00ab Une erreur de professeur sur Parcoursup \u00bb : l\u2019avenir d\u2019une bacheli\u00e8re en p\u00e9ril \u00e0 cause d\u2019une d\u00e9cision administrative incompr\u00e9hensible"},"content":{"rendered":"<tr>\n<td><strong>EN BREF<\/strong><\/td>\n<\/tr>\n<tr>\n<td>\n<ul>\n<li>\ud83c\udf93 Lilly Vialla r\u00eave de devenir <strong>orthophoniste<\/strong> depuis l\u2019enfance, inspir\u00e9e par les besoins de son fr\u00e8re.<\/li>\n<li>\ud83d\udcda Elle a suivi une pr\u00e9paration <strong>intensive<\/strong> en ligne pour maximiser ses chances d\u2019acc\u00e9der \u00e0 cette carri\u00e8re.<\/li>\n<li>\u26a0\ufe0f Une <strong>erreur<\/strong> sur Parcoursup menace son admission, soulevant des doutes sur le syst\u00e8me.<\/li>\n<li>\ud83d\udd0d La situation met en lumi\u00e8re la n\u00e9cessit\u00e9 de renforcer la <strong>fiabilit\u00e9<\/strong> et l\u2019\u00e9quit\u00e9 du processus d\u2019\u00e9valuation.<\/li>\n<\/ul>\n<\/td>\n<\/tr>\n<p>Depuis son plus jeune \u00e2ge, Lilly Vialla nourrit une passion : devenir orthophoniste. Inspir\u00e9e par les besoins sp\u00e9cifiques de son petit fr\u00e8re, elle a orient\u00e9 son parcours scolaire vers cet objectif ambitieux. Malgr\u00e9 les obstacles rencontr\u00e9s, elle a pers\u00e9v\u00e9r\u00e9, int\u00e9grant une pr\u00e9paration intensive pour maximiser ses chances de succ\u00e8s. Cependant, une erreur administrative pourrait bien compromettre ses efforts.<\/p>\n<p>La vocation n\u00e9e d\u2019une exp\u00e9rience personnelle<\/p>\n<p>La d\u00e9termination de Lilly \u00e0 devenir orthophoniste trouve son origine dans une exp\u00e9rience familiale. Son petit fr\u00e8re, confront\u00e9 \u00e0 des troubles de la communication, a b\u00e9n\u00e9fici\u00e9 de l\u2019aide pr\u00e9cieuse d\u2019un orthophoniste. Ce sp\u00e9cialiste a non seulement am\u00e9lior\u00e9 sa qualit\u00e9 de vie, mais a \u00e9galement \u00e9veill\u00e9 chez Lilly une vocation. Elle a ainsi d\u00e9cid\u00e9 de se lancer dans cette carri\u00e8re pour aider \u00e0 son tour d\u2019autres enfants. <\/p>\n<p>La jeune fille a suivi un parcours acad\u00e9mique rigoureux pour atteindre son objectif. En plus de son cursus scolaire traditionnel, elle a int\u00e9gr\u00e9 une classe pr\u00e9paratoire priv\u00e9e en ligne, Ortho acad\u00e9mie, durant son ann\u00e9e de terminale. Cet engagement t\u00e9moigne de sa volont\u00e9 d\u2019exceller et de sa passion pour ce m\u00e9tier.<\/p>\n<blockquote class=\"wp-embedded-content\" data-secret=\"nUHQXuE3uc\">\n<p><a href=\"https:\/\/newsly.fr\/2025\/07\/31\/les-perles-du-bac-2025-explosent-si-lamour-comptait-dans-ma-moyenne-je-serais-major-un-eclat-de-rire-amer-face-a-une-jeunesse-sous-pression-et-au-systeme-educatif-critique\/\" rel=\"nofollow noopener\" target=\"_blank\">Les perles du bac 2025 explosent \u00ab si l\u2019amour comptait dans ma moyenne je serais major \u00bb un \u00e9clat de rire amer face \u00e0 une jeunesse sous pression et au syst\u00e8me \u00e9ducatif critiqu\u00e9<\/a><\/p>\n<\/blockquote>\n<p>Un parcours scolaire exemplaire mais fragile<\/p>\n<p>Lilly Vialla a consacr\u00e9 de nombreuses heures \u00e0 ses \u00e9tudes. Elle a jongl\u00e9 entre les cours de terminale et la pr\u00e9paration priv\u00e9e, accumulant les connaissances n\u00e9cessaires pour r\u00e9ussir dans le milieu de l\u2019orthophonie. Son investissement personnel est remarquable, faisant d\u2019elle une \u00e9l\u00e8ve mod\u00e8le, d\u00e9termin\u00e9e \u00e0 r\u00e9aliser son r\u00eave d\u2019enfant.<\/p>\n<p>Malgr\u00e9 son parcours brillant, une erreur administrative a soudainement \u00e9branl\u00e9 ses projets. Une faute d\u2019un enseignant sur la plateforme Parcoursup pourrait remettre en cause son admission en orthophonie. Cette situation soul\u00e8ve des questions sur la fiabilit\u00e9 du syst\u00e8me et la pression exerc\u00e9e sur les \u00e9tudiants.<\/p>\n<blockquote class=\"wp-embedded-content\" data-secret=\"jvR5kLrQzS\">\n<p><a href=\"https:\/\/newsly.fr\/2025\/08\/04\/quand-un-eleve-confond-kant-avec-un-pokemon-une-copie-du-bac-recolte-un-4-sur-20-et-laisse-les-correcteurs-entre-hilarite-et-desespoir\/\" rel=\"nofollow noopener\" target=\"_blank\">Quand un \u00e9l\u00e8ve confond Kant avec un Pok\u00e9mon : une copie du bac r\u00e9colte un 4 sur 20 et laisse les correcteurs entre hilarit\u00e9 et d\u00e9sespoir<\/a><\/p>\n<\/blockquote>\n<p>Les implications d\u2019une erreur sur Parcoursup<\/p>\n<p>Parcoursup est une plateforme essentielle pour les futurs \u00e9tudiants fran\u00e7ais, centralisant les demandes d\u2019admission dans l\u2019enseignement sup\u00e9rieur. Une erreur, m\u00eame minime, peut avoir des cons\u00e9quences d\u00e9sastreuses. Dans le cas de Lilly, une mauvaise \u00e9valuation de son dossier par un professeur a mis en p\u00e9ril son avenir acad\u00e9mique.<\/p>\n<p>Ce type d\u2019erreur met en lumi\u00e8re les d\u00e9fis auxquels font face de nombreux \u00e9tudiants. L\u2019impact psychologique et \u00e9motionnel est aussi \u00e0 consid\u00e9rer. Pour Lilly, cette situation est source de stress et d\u2019incertitude, d\u2019autant plus qu\u2019elle avait tout mis en \u0153uvre pour r\u00e9ussir.<\/p>\n<blockquote class=\"wp-embedded-content\" data-secret=\"cVkKsGkfQp\">\n<p><a href=\"https:\/\/newsly.fr\/2025\/03\/30\/personne-nosait-en-parler-ce-secret-fulgurant-fait-exploser-les-vues-youtube-en-seulement-24-heures\/\" rel=\"nofollow noopener\" target=\"_blank\">\u00ab Personne n\u2019osait en parler \u00bb : ce secret fulgurant fait exploser les vues YouTube en seulement 24 heures<\/a><\/p>\n<\/blockquote>\n<p>Quelles solutions pour \u00e9viter de tels incidents ?<\/p>\n<p>La situation de Lilly Vialla soul\u00e8ve des questions importantes sur le fonctionnement de Parcoursup. Comment \u00e9viter que des erreurs humaines n\u2019affectent de mani\u00e8re si significative l\u2019avenir des \u00e9tudiants ? Une transparence accrue dans le processus d\u2019\u00e9valuation pourrait \u00eatre une piste \u00e0 explorer.<\/p>\n<p>Des contr\u00f4les renforc\u00e9s et des recours efficaces sont \u00e9galement n\u00e9cessaires pour garantir l\u2019\u00e9quit\u00e9. Les \u00e9tudiants devraient pouvoir contester les d\u00e9cisions avec des m\u00e9canismes clairs et accessibles. De telles mesures pourraient \u00e9viter que d\u2019autres jeunes se retrouvent dans la m\u00eame situation que Lilly.<\/p>\n<p>Face \u00e0 cette situation complexe, Lilly Vialla garde espoir. Elle esp\u00e8re que son cas incitera \u00e0 une r\u00e9flexion sur l\u2019am\u00e9lioration du syst\u00e8me d\u2019\u00e9valuation des candidatures. Quelles r\u00e9formes pourraient \u00eatre envisag\u00e9es pour renforcer la fiabilit\u00e9 de Parcoursup et garantir une v\u00e9ritable \u00e9quit\u00e9 pour tous les \u00e9tudiants ?<\/p>\n<p>Cet article s\u2019appuie sur des sources v\u00e9rifi\u00e9es et l\u2019assistance de technologies \u00e9ditoriales.<\/p>\n<p id=\"rating\">\u00c7a vous a plu ?\u00a04.5\/5 (26)<\/p>\n","protected":false},"excerpt":{"rendered":"EN BREF \ud83c\udf93 Lilly Vialla r\u00eave de devenir orthophoniste depuis l\u2019enfance, inspir\u00e9e par les besoins de son fr\u00e8re.&hellip;\n","protected":false},"author":2,"featured_media":309680,"comment_status":"","ping_status":"","sticky":false,"template":"","format":"standard","meta":{"footnotes":""},"categories":[7],"tags":[1011,27,43,40,41,39,42,44],"class_list":{"0":"post-309679","1":"post","2":"type-post","3":"status-publish","4":"format-standard","5":"has-post-thumbnail","7":"category-sciences-et-technologies","8":"tag-fr","9":"tag-france","10":"tag-science","11":"tag-science-and-technology","12":"tag-sciences","13":"tag-sciences-et-technologies","14":"tag-technologies","15":"tag-technology"},"share_on_mastodon":{"url":"https:\/\/pubeurope.com\/@fr\/115005220773075483","error":""},"_links":{"self":[{"href":"https:\/\/www.europesays.com\/fr\/wp-json\/wp\/v2\/posts\/309679","targetHints":{"allow":["GET"]}}],"collection":[{"href":"https:\/\/www.europesays.com\/fr\/wp-json\/wp\/v2\/posts"}],"about":[{"href":"https:\/\/www.europesays.com\/fr\/wp-json\/wp\/v2\/types\/post"}],"author":[{"embeddable":true,"href":"https:\/\/www.europesays.com\/fr\/wp-json\/wp\/v2\/users\/2"}],"replies":[{"embeddable":true,"href":"https:\/\/www.europesays.com\/fr\/wp-json\/wp\/v2\/comments?post=309679"}],"version-history":[{"count":0,"href":"https:\/\/www.europesays.com\/fr\/wp-json\/wp\/v2\/posts\/309679\/revisions"}],"wp:featuredmedia":[{"embeddable":true,"href":"https:\/\/www.europesays.com\/fr\/wp-json\/wp\/v2\/media\/309680"}],"wp:attachment":[{"href":"https:\/\/www.europesays.com\/fr\/wp-json\/wp\/v2\/media?parent=309679"}],"wp:term":[{"taxonomy":"category","embeddable":true,"href":"https:\/\/www.europesays.com\/fr\/wp-json\/wp\/v2\/categories?post=309679"},{"taxonomy":"post_tag","embeddable":true,"href":"https:\/\/www.europesays.com\/fr\/wp-json\/wp\/v2\/tags?post=309679"}],"curies":[{"name":"wp","href":"https:\/\/api.w.org\/{rel}","templated":true}]}}