{"id":309683,"date":"2025-08-10T15:40:10","date_gmt":"2025-08-10T15:40:10","guid":{"rendered":"https:\/\/www.europesays.com\/fr\/309683\/"},"modified":"2025-08-10T15:40:10","modified_gmt":"2025-08-10T15:40:10","slug":"les-touristes-interdits-sur-les-flancs-du-vesuve-en-feu","status":"publish","type":"post","link":"https:\/\/www.europesays.com\/fr\/309683\/","title":{"rendered":"Les touristes interdits sur les flancs du V\u00e9suve en feu"},"content":{"rendered":"<p>C\u2019est un terrible<a href=\"https:\/\/www.20minutes.fr\/faits_divers\/4167372-20250810-herault-pyromane-presume-reconnait-trois-departs-feux\" target=\"_blank\" class=\"color-ultramarine c-link\" rel=\"noopener\"> incendie<\/a> qui ravage le parc national du <a href=\"https:\/\/www.20minutes.fr\/planete\/environnement\/4156838-20250605-carte-etna-vesuve-merapi-anak-krakatoa-volcans-plus-dangereux-monde\" class=\"color-ultramarine c-link\" target=\"_blank\" rel=\"noopener\">V\u00e9suve<\/a> (Italie) depuis vendredi. Des pompiers luttent ce dimanche sur les flancs du volcan, apr\u00e8s avoir ferm\u00e9 aux touristes tous les sentiers de randonn\u00e9e.<\/p>\n<p>Douze \u00e9quipes sont d\u00e9ploy\u00e9es sur le terrain ainsi que six avions <a href=\"https:\/\/www.20minutes.fr\/planete\/rechauffement-climatique\/4162521-20250708-incendie-geant-aude-pourquoi-france-met-autant-temps-equiper-nouveaux-canadairs\" target=\"_blank\" class=\"color-ultramarine c-link\" rel=\"noopener\">Canadair<\/a>. Des pompiers ont \u00e9galement \u00e9t\u00e9 appel\u00e9s en renfort d\u2019autres r\u00e9gions italiennes.<\/p>\n<p>Toutes activit\u00e9s suspendues<\/p>\n<p>\u00ab\u00a0Pour des raisons de s\u00e9curit\u00e9 et\u2026 afin de faciliter les op\u00e9rations de lutte contre l\u2019incendie et de nettoyage dans les zones touch\u00e9es, toutes les activit\u00e9s sur le r\u00e9seau de sentiers du parc national du V\u00e9suve sont suspendues jusqu\u2019\u00e0 nouvel ordre\u00a0\u00bb, a annonc\u00e9 samedi le parc dans un communiqu\u00e9.<\/p>\n<\/p>\n<p>La fum\u00e9e de l\u2019incendie \u00e9tait visible dimanche depuis le site arch\u00e9ologique de<a href=\"https:\/\/www.20minutes.fr\/dossier\/pompei\" target=\"_blank\" class=\"color-ultramarine c-link\" rel=\"noopener\"> Pomp\u00e9i<\/a>, non loin, qui est toutefois rest\u00e9 ouvert aux touristes.<\/p>\n<p>Pr\u00e8s de 620.000 personnes ont visit\u00e9 le crat\u00e8re du volcan en\u00a02024, selon des statistiques du parc.<\/p>\n","protected":false},"excerpt":{"rendered":"C\u2019est un terrible incendie qui ravage le parc national du V\u00e9suve (Italie) depuis vendredi. Des pompiers luttent ce&hellip;\n","protected":false},"author":2,"featured_media":309684,"comment_status":"","ping_status":"","sticky":false,"template":"","format":"standard","meta":{"footnotes":""},"categories":[5],"tags":[47,11,1011,27,1310,14,452,74,16248,12,20275,28],"class_list":{"0":"post-309683","1":"post","2":"type-post","3":"status-publish","4":"format-standard","5":"has-post-thumbnail","7":"category-international","8":"tag-actualite","9":"tag-actualites","10":"tag-fr","11":"tag-france","12":"tag-incendie","13":"tag-international","14":"tag-italie","15":"tag-monde","16":"tag-naples","17":"tag-news","18":"tag-volcan","19":"tag-world"},"share_on_mastodon":{"url":"https:\/\/pubeurope.com\/@fr\/115005228598051496","error":""},"_links":{"self":[{"href":"https:\/\/www.europesays.com\/fr\/wp-json\/wp\/v2\/posts\/309683","targetHints":{"allow":["GET"]}}],"collection":[{"href":"https:\/\/www.europesays.com\/fr\/wp-json\/wp\/v2\/posts"}],"about":[{"href":"https:\/\/www.europesays.com\/fr\/wp-json\/wp\/v2\/types\/post"}],"author":[{"embeddable":true,"href":"https:\/\/www.europesays.com\/fr\/wp-json\/wp\/v2\/users\/2"}],"replies":[{"embeddable":true,"href":"https:\/\/www.europesays.com\/fr\/wp-json\/wp\/v2\/comments?post=309683"}],"version-history":[{"count":0,"href":"https:\/\/www.europesays.com\/fr\/wp-json\/wp\/v2\/posts\/309683\/revisions"}],"wp:featuredmedia":[{"embeddable":true,"href":"https:\/\/www.europesays.com\/fr\/wp-json\/wp\/v2\/media\/309684"}],"wp:attachment":[{"href":"https:\/\/www.europesays.com\/fr\/wp-json\/wp\/v2\/media?parent=309683"}],"wp:term":[{"taxonomy":"category","embeddable":true,"href":"https:\/\/www.europesays.com\/fr\/wp-json\/wp\/v2\/categories?post=309683"},{"taxonomy":"post_tag","embeddable":true,"href":"https:\/\/www.europesays.com\/fr\/wp-json\/wp\/v2\/tags?post=309683"}],"curies":[{"name":"wp","href":"https:\/\/api.w.org\/{rel}","templated":true}]}}