{"id":309685,"date":"2025-08-10T15:41:09","date_gmt":"2025-08-10T15:41:09","guid":{"rendered":"https:\/\/www.europesays.com\/fr\/309685\/"},"modified":"2025-08-10T15:41:09","modified_gmt":"2025-08-10T15:41:09","slug":"bouchons-de-20-km-dans-les-deux-sens","status":"publish","type":"post","link":"https:\/\/www.europesays.com\/fr\/309685\/","title":{"rendered":"bouchons de 20 km dans les deux sens"},"content":{"rendered":"<p>Ce dimanche 10 ao\u00fbt apr\u00e8s-midi, la circulation, qui s\u2019annon\u00e7ait fortement charg\u00e9e sur l\u2019autoroute A7, est encore plus impact\u00e9e par deux incendies.<\/p>\n<p>Depuis 14h45, les sapeurs-pompiers dr\u00f4mois sont engag\u00e9s sur un\u00a0sinistre qui a provoqu\u00e9 plusieurs d\u00e9parts de feu \u00e0 proximit\u00e9 de l\u2019autoroute A7, sur le secteur de Saint-Paul-Trois-Ch\u00e2teaux. Vers 16 heures, 20 soldats du feu et six engins sont toujours mobilis\u00e9s sur place. Les flammes, pouss\u00e9es par le vent, ont parcouru une longueur d\u2019environ un kilom\u00e8tre sur 20 m\u00e8tres de large.<\/p>\n<p>Un premier feu se serait d\u00e9clar\u00e9 \u00e0 hauteur d\u2019un rond-point sur la route d\u00e9partementale 458, avant de se propager \u00e0 la v\u00e9g\u00e9tation puis \u00e0 l\u2019aire de Tricastin, sur l\u2019A7, dans le sens Sud\/Nord. Un deuxi\u00e8me feu a d\u00e9but\u00e9 le long des voies de l\u2019A7, toujours sur le secteur de Saint-Paul-Trois-Ch\u00e2teaux.<\/p>\n<p>Des bouchons de 20 km sont en cours, dans les deux sens de circulation.<\/p>\n","protected":false},"excerpt":{"rendered":"Ce dimanche 10 ao\u00fbt apr\u00e8s-midi, la circulation, qui s\u2019annon\u00e7ait fortement charg\u00e9e sur l\u2019autoroute A7, est encore plus impact\u00e9e&hellip;\n","protected":false},"author":2,"featured_media":309686,"comment_status":"","ping_status":"","sticky":false,"template":"","format":"standard","meta":{"footnotes":""},"categories":[4],"tags":[11,3542,2730,6436,274,107,1011,27,1310,12,25,8518,4520],"class_list":{"0":"post-309685","1":"post","2":"type-post","3":"status-publish","4":"format-standard","5":"has-post-thumbnail","7":"category-france","8":"tag-actualites","9":"tag-circulation","10":"tag-drome","11":"tag-edition-montelimar-drome-provencale","12":"tag-faits-divers-justice","13":"tag-fil-info","14":"tag-fr","15":"tag-france","16":"tag-incendie","17":"tag-news","18":"tag-republique-francaise","19":"tag-saint-paul-trois-chateaux","20":"tag-vaucluse"},"share_on_mastodon":{"url":"https:\/\/pubeurope.com\/@fr\/115005232494215143","error":""},"_links":{"self":[{"href":"https:\/\/www.europesays.com\/fr\/wp-json\/wp\/v2\/posts\/309685","targetHints":{"allow":["GET"]}}],"collection":[{"href":"https:\/\/www.europesays.com\/fr\/wp-json\/wp\/v2\/posts"}],"about":[{"href":"https:\/\/www.europesays.com\/fr\/wp-json\/wp\/v2\/types\/post"}],"author":[{"embeddable":true,"href":"https:\/\/www.europesays.com\/fr\/wp-json\/wp\/v2\/users\/2"}],"replies":[{"embeddable":true,"href":"https:\/\/www.europesays.com\/fr\/wp-json\/wp\/v2\/comments?post=309685"}],"version-history":[{"count":0,"href":"https:\/\/www.europesays.com\/fr\/wp-json\/wp\/v2\/posts\/309685\/revisions"}],"wp:featuredmedia":[{"embeddable":true,"href":"https:\/\/www.europesays.com\/fr\/wp-json\/wp\/v2\/media\/309686"}],"wp:attachment":[{"href":"https:\/\/www.europesays.com\/fr\/wp-json\/wp\/v2\/media?parent=309685"}],"wp:term":[{"taxonomy":"category","embeddable":true,"href":"https:\/\/www.europesays.com\/fr\/wp-json\/wp\/v2\/categories?post=309685"},{"taxonomy":"post_tag","embeddable":true,"href":"https:\/\/www.europesays.com\/fr\/wp-json\/wp\/v2\/tags?post=309685"}],"curies":[{"name":"wp","href":"https:\/\/api.w.org\/{rel}","templated":true}]}}