{"id":309695,"date":"2025-08-10T15:46:19","date_gmt":"2025-08-10T15:46:19","guid":{"rendered":"https:\/\/www.europesays.com\/fr\/309695\/"},"modified":"2025-08-10T15:46:19","modified_gmt":"2025-08-10T15:46:19","slug":"zinedine-zidane-de-retour-dans-un-vestiaire-ligue-2-j1-rodez-nancy-0-0","status":"publish","type":"post","link":"https:\/\/www.europesays.com\/fr\/309695\/","title":{"rendered":"Zin\u00e9dine Zidane de retour dans un vestiaire ! &#8211; Ligue 2 &#8211; J1 &#8211; Rodez-Nancy (0-0)"},"content":{"rendered":"<p>Un invit\u00e9 de gala dans l\u2019Aveyron.<\/p>\n<p>Apr\u00e8s leur match nul \u00e0 domicile contre Nancy (0-0) samedi pour <a target=\"_blank\" href=\"https:\/\/www.sofoot.com\/breves\/ligue-2-pau-premier-leader-de-la-saison-belle-bagarre-et-match-nul-entre-laval-et-las-saint-etienne\" rel=\"noopener nofollow\">leur premier match de Ligue 2 cette saison<\/a>, les joueurs du Rodez Aveyron Football ont eu le droit \u00e0 une belle surprise. Celle-ci s\u2019appelle tout simplement <strong>Zin\u00e9dine Zidane, qui a pass\u00e9 une t\u00eate dans le vestiaire ruth\u00e9nois<\/strong> apr\u00e8s la rencontre.<\/p>\n<blockquote class=\"twitter-tweet\">\n<p lang=\"fr\" dir=\"ltr\">\ud835\udc19\ud835\udc22\ud835\udc27\ud835\udc1e\u0301\ud835\udc1d\ud835\udc22\ud835\udc27\ud835\udc1e \ud835\udc19\ud835\udc22\ud835\udc1d\ud835\udc1a\ud835\udc27\ud835\udc1e \u00e9tait pr\u00e9sent \u00e0 Paul-Lignon hier \ud83e\udd29<br \/>\nSympathisant du club, il a pu \ud835\udc1a\ud835\udc1d\ud835\udc26\ud835\udc22\ud835\udc2b\ud835\udc1e\ud835\udc2b \ud835\udc25\ud835\udc1e \ud835\udc2c\ud835\udc2d\ud835\udc1a\ud835\udc1d\ud835\udc1e \ud835\udc2d\ud835\udc1e\ud835\udc2b\ud835\udc26\ud835\udc22\ud835\udc27\ud835\udc1e\u0301 et regarder cette \u00e9quipe prometteuse \ud83d\udc8a<br \/>\n\ud835\udc04\ud835\udc27\ud835\udc2c\ud835\udc1e\ud835\udc26\ud835\udc1b\ud835\udc25\ud835\udc1e, \ud835\udc1c&rsquo;\ud835\udc1e\ud835\udc2c\ud835\udc2d \ud835\udc2d\ud835\udc28\ud835\udc2e\ud835\udc2d \u2764\ufe0f\ud83d\udc9b <a target=\"_blank\" href=\"https:\/\/twitter.com\/hashtag\/RAFASNL?src=hash&amp;ref_src=twsrc%5Etfw\" rel=\"nofollow noopener\">#RAFASNL<\/a> <a target=\"_blank\" href=\"https:\/\/t.co\/TYQ2I4Bmj9\" rel=\"nofollow\">pic.twitter.com\/TYQ2I4Bmj9<\/a><\/p>\n<p>\u2014 Rodez Aveyron Football (@OfficielRAF) <a target=\"_blank\" href=\"https:\/\/twitter.com\/OfficielRAF\/status\/1954490439748239464?ref_src=twsrc%5Etfw\" rel=\"nofollow noopener\">August 10, 2025<\/a><\/p><\/blockquote>\n<p>Un lien particulier avec le club<\/p>\n<p>Reli\u00e9 au club de Rodez par son fils Enzo (qui y a jou\u00e9 une saison en 2021-2022) et sa femme V\u00e9ronique, originaire du coin, <strong>\u00ab\u00a0ZZ\u00a0\u00bb en a profit\u00e9 pour constater les travaux qui ont \u00e9t\u00e9 effectu\u00e9s au stade Paul-Lignon<\/strong> et passer du bon temps, malgr\u00e9 la purge que nous ont offert Ruth\u00e9nois et Nanc\u00e9iens. L\u2019ancien num\u00e9ro dix de l\u2019\u00e9quipe de France avait par le pass\u00e9 mis quelques billes dans le RAF, <a target=\"_blank\" href=\"https:\/\/www.sofoot.com\/breves\/zidane-actionnaire-de-rodez-france\" rel=\"nofollow noopener\">notamment en 2012 quand le club \u00e9tait en proie \u00e0 d\u2019importantes difficult\u00e9s financi\u00e8res<\/a>.<\/p>\n<p>Altruiste sur le terrain comme en dehors.<\/p>\n<p>\t\t\t\t\t\t\t\t\t\t<a class=\"lien-connexe\" href=\"https:\/\/www.sofoot.com\/articles\/vercruysse-paris-pallois-les-jeunes-pepites-de-ligue-2-a-suivre-cette-saison-2025-2026\" rel=\"nofollow noopener\" target=\"_blank\">Ils vont illuminer cette saison de Ligue 2<\/a>\t\t\t\t\t<script async src=\"https:\/\/platform.twitter.com\/widgets.js\" charset=\"utf-8\"><\/script><\/p>\n","protected":false},"excerpt":{"rendered":"Un invit\u00e9 de gala dans l\u2019Aveyron. Apr\u00e8s leur match nul \u00e0 domicile contre Nancy (0-0) samedi pour leur&hellip;\n","protected":false},"author":2,"featured_media":309696,"comment_status":"","ping_status":"","sticky":false,"template":"","format":"standard","meta":{"footnotes":""},"categories":[9635],"tags":[1111,47,11,61,69,65,64,1777,674,63,1011,27,775,68,66,1702,12,62,70,25,67],"class_list":{"0":"post-309695","1":"post","2":"type-post","3":"status-publish","4":"format-standard","5":"has-post-thumbnail","7":"category-nancy","8":"tag-actu","9":"tag-actualite","10":"tag-actualites","11":"tag-actus-football","12":"tag-bundesliga","13":"tag-championnats-europeens","14":"tag-equipe-de-france","15":"tag-eu","16":"tag-europe","17":"tag-football","18":"tag-fr","19":"tag-france","20":"tag-grand-est","21":"tag-ligua","22":"tag-ligue-1","23":"tag-nancy","24":"tag-news","25":"tag-news-foot","26":"tag-premier-league","27":"tag-republique-francaise","28":"tag-serie-a"},"share_on_mastodon":{"url":"https:\/\/pubeurope.com\/@fr\/115005252165884697","error":""},"_links":{"self":[{"href":"https:\/\/www.europesays.com\/fr\/wp-json\/wp\/v2\/posts\/309695","targetHints":{"allow":["GET"]}}],"collection":[{"href":"https:\/\/www.europesays.com\/fr\/wp-json\/wp\/v2\/posts"}],"about":[{"href":"https:\/\/www.europesays.com\/fr\/wp-json\/wp\/v2\/types\/post"}],"author":[{"embeddable":true,"href":"https:\/\/www.europesays.com\/fr\/wp-json\/wp\/v2\/users\/2"}],"replies":[{"embeddable":true,"href":"https:\/\/www.europesays.com\/fr\/wp-json\/wp\/v2\/comments?post=309695"}],"version-history":[{"count":0,"href":"https:\/\/www.europesays.com\/fr\/wp-json\/wp\/v2\/posts\/309695\/revisions"}],"wp:featuredmedia":[{"embeddable":true,"href":"https:\/\/www.europesays.com\/fr\/wp-json\/wp\/v2\/media\/309696"}],"wp:attachment":[{"href":"https:\/\/www.europesays.com\/fr\/wp-json\/wp\/v2\/media?parent=309695"}],"wp:term":[{"taxonomy":"category","embeddable":true,"href":"https:\/\/www.europesays.com\/fr\/wp-json\/wp\/v2\/categories?post=309695"},{"taxonomy":"post_tag","embeddable":true,"href":"https:\/\/www.europesays.com\/fr\/wp-json\/wp\/v2\/tags?post=309695"}],"curies":[{"name":"wp","href":"https:\/\/api.w.org\/{rel}","templated":true}]}}