{"id":309706,"date":"2025-08-10T15:57:16","date_gmt":"2025-08-10T15:57:16","guid":{"rendered":"https:\/\/www.europesays.com\/fr\/309706\/"},"modified":"2025-08-10T15:57:16","modified_gmt":"2025-08-10T15:57:16","slug":"on-tient-parce-que-les-plus-ages-continuent-de-travailler-lalerte-de-cette-dermatologue-bretonne-sur-le-manque-de-ces-medecins-en-bretagne","status":"publish","type":"post","link":"https:\/\/www.europesays.com\/fr\/309706\/","title":{"rendered":"\u00ab\u00a0On tient parce que les plus \u00e2g\u00e9s continuent de travailler\u00a0\u00bb\u00a0: l\u2019alerte de cette dermatologue bretonne sur le manque de\u00a0ces\u00a0m\u00e9decins en Bretagne"},"content":{"rendered":"<p>Quelle est la situation de la dermatologie en Bretagne\u00a0?<\/p>\n<p>Je suis abasourdie par l\u2019\u00e9tat de la sp\u00e9cialit\u00e9 aujourd\u2019hui. Le 31 juillet, est paru au journal officiel le nombre de postes d\u2019interne pour la sp\u00e9cialit\u00e9 dermatologie pour l\u2019ann\u00e9e universitaire 2025-2026\u00a0: 102 pour toute la France, sept pour la Bretagne. C\u2019est trop peu par rapport aux besoins de sant\u00e9 \u00e9normes en France et dans la r\u00e9gion. Et, en plus de cela, c\u2019est une r\u00e9gression\u00a0! En 2023, le nombre de postes ouverts \u00e9tait fix\u00e9 \u00e0 113. Pour rappel, la Bretagne est trois fois plus touch\u00e9e par les cancers de la peau que le reste de la France. Et, avec le vieillissement de la population, mais aussi des professionnels, la situation n\u2019est pas vou\u00e9e \u00e0 s\u2019am\u00e9liorer. Il faut plus de postes\u00a0! La profession ne demande pas la lune\u00a0: 50 postes d\u2019interne en plus, soit \u00e0 peine un demi par d\u00e9partement dans toute la France. Ce manque de professionnels, particuli\u00e8rement en lib\u00e9ral, n\u2019est pas sp\u00e9cifique \u00e0 la dermatologie. Mais, dans certains d\u00e9partements, notre sp\u00e9cialit\u00e9 tient parce que les plus \u00e2g\u00e9s continuent de travailler et, dans quatre d\u00e9partements, il n\u2019y a m\u00eame plus de dermatologues.<\/p>\n<p>Les jeunes ne sont-ils plus attir\u00e9s par la dermatologie\u00a0?<\/p>\n<p>En lib\u00e9ral, presque la moiti\u00e9 des dermatologues sont \u00e2g\u00e9s de 60 ans et plus. 17\u00a0% d\u2019entre eux sont en cumul emploi retraite. Un de mes coll\u00e8gues \u00e0 Rennes est \u00e2g\u00e9 de 82 ans. Mais l\u2019id\u00e9e que les \u00e9tudiants ne veulent pas rejoindre la sp\u00e9cialit\u00e9 est fausse\u00a0: c\u2019est la deuxi\u00e8me sp\u00e9cialit\u00e9 la plus demand\u00e9e par les \u00e9tudiants. Or, l\u2019\u00c9tat fixe le nombre de places par sp\u00e9cialit\u00e9 et ce sont donc les mieux class\u00e9s qui peuvent se permettre de choisir. L\u2019avenir de la sp\u00e9cialit\u00e9 ne peut pas reposer sur les plus \u00e2g\u00e9s. On ne peut pas continuer \u00e0 restreindre encore plus l\u2019acc\u00e8s \u00e0 la profession aux plus jeunes.<\/p>\n<p>Ce manque de professionnels doit certainement peser sur les dermatologues en activit\u00e9\u2026<\/p>\n<p>Je lance aussi une alerte sur la sant\u00e9 mentale d\u00e9ficiente des soignants, m\u00eame si cela fait des ann\u00e9es que l\u2019on tire la sonnette d\u2019alarme. Pour ma part, j\u2019ai 60 ans et j\u2019ai 3\u00a0200 personnes dans ma file active annuelle, c\u2019est-\u00e0-dire l\u2019ensemble des personnes que j\u2019ai vues en consultation au moins une fois pendant l\u2019ann\u00e9e. Je compte m\u2019arr\u00eater parce que j\u2019ai trouv\u00e9 deux jeunes dermatologues qui pourront reprendre mon cabinet. Mais, avant cela, c\u2019\u00e9tait une culpabilit\u00e9 incroyable. Les dermatologues ont \u00e9videmment la conscience et la peur de se dire \u00ab\u00a0Que vont devenir mes patients\u00a0?\u00a0\u00bb s\u2019ils partent en retraite. C\u2019est le cas pour beaucoup de mes coll\u00e8gues \u00e2g\u00e9s qui ne sont toujours pas partis.<\/p>\n<p>Quels moyens d\u2019urgence peuvent-ils \u00eatre mis en place pour pallier le manque de professionnels\u00a0?<\/p>\n<p>Depuis fin 2021, un r\u00e9seau de t\u00e9l\u00e9-expertise s\u2019est d\u00e9velopp\u00e9 en Bretagne, <a href=\"https:\/\/app.omnidoc.fr\/group\/86e0bce3-51a5-4f8e-a03f-5332449cc10f\" rel=\"nofollow noopener\" target=\"_blank\">Onco Breizh<\/a> avec une cinquantaine de dermatologues qui exercent en lib\u00e9ral. Ces derniers peuvent \u00eatre sollicit\u00e9s par d\u2019autres professionnels de sant\u00e9 pour r\u00e9aliser des expertises \u00e0 distance. Mais c\u2019est loin d\u2019\u00eatre la solution id\u00e9ale\u00a0: elles sont faites sur le temps de travail, tard le soir ou entre deux consultations, et c\u2019est un travail dantesque compte tenu du nombre de demandes que l\u2019on re\u00e7oit\u00a0: plus de 1\u00a0000 par mois. Mais c\u2019est dans un souci d\u2019efficacit\u00e9 pour voir les patients qui ont besoin d\u2019\u00eatre vus le plus rapidement et pour ne pas laisser errer ceux qui pourraient avoir un grave souci. On continue de r\u00e9clamer \u00e0 cor et \u00e0 cri la formation de plus de jeunes.<\/p>\n","protected":false},"excerpt":{"rendered":"Quelle est la situation de la dermatologie en Bretagne\u00a0? Je suis abasourdie par l\u2019\u00e9tat de la sp\u00e9cialit\u00e9 aujourd\u2019hui.&hellip;\n","protected":false},"author":2,"featured_media":309707,"comment_status":"","ping_status":"","sticky":false,"template":"","format":"standard","meta":{"footnotes":""},"categories":[2821],"tags":[1111,11,829,1777,674,1011,27,12,584,25],"class_list":{"0":"post-309706","1":"post","2":"type-post","3":"status-publish","4":"format-standard","5":"has-post-thumbnail","7":"category-rennes","8":"tag-actu","9":"tag-actualites","10":"tag-bretagne","11":"tag-eu","12":"tag-europe","13":"tag-fr","14":"tag-france","15":"tag-news","16":"tag-rennes","17":"tag-republique-francaise"},"share_on_mastodon":{"url":"https:\/\/pubeurope.com\/@fr\/115005295467017134","error":""},"_links":{"self":[{"href":"https:\/\/www.europesays.com\/fr\/wp-json\/wp\/v2\/posts\/309706","targetHints":{"allow":["GET"]}}],"collection":[{"href":"https:\/\/www.europesays.com\/fr\/wp-json\/wp\/v2\/posts"}],"about":[{"href":"https:\/\/www.europesays.com\/fr\/wp-json\/wp\/v2\/types\/post"}],"author":[{"embeddable":true,"href":"https:\/\/www.europesays.com\/fr\/wp-json\/wp\/v2\/users\/2"}],"replies":[{"embeddable":true,"href":"https:\/\/www.europesays.com\/fr\/wp-json\/wp\/v2\/comments?post=309706"}],"version-history":[{"count":0,"href":"https:\/\/www.europesays.com\/fr\/wp-json\/wp\/v2\/posts\/309706\/revisions"}],"wp:featuredmedia":[{"embeddable":true,"href":"https:\/\/www.europesays.com\/fr\/wp-json\/wp\/v2\/media\/309707"}],"wp:attachment":[{"href":"https:\/\/www.europesays.com\/fr\/wp-json\/wp\/v2\/media?parent=309706"}],"wp:term":[{"taxonomy":"category","embeddable":true,"href":"https:\/\/www.europesays.com\/fr\/wp-json\/wp\/v2\/categories?post=309706"},{"taxonomy":"post_tag","embeddable":true,"href":"https:\/\/www.europesays.com\/fr\/wp-json\/wp\/v2\/tags?post=309706"}],"curies":[{"name":"wp","href":"https:\/\/api.w.org\/{rel}","templated":true}]}}