{"id":309708,"date":"2025-08-10T15:58:16","date_gmt":"2025-08-10T15:58:16","guid":{"rendered":"https:\/\/www.europesays.com\/fr\/309708\/"},"modified":"2025-08-10T15:58:16","modified_gmt":"2025-08-10T15:58:16","slug":"un-gros-transfert-a-rennes-ca-saccelebre-subitement","status":"publish","type":"post","link":"https:\/\/www.europesays.com\/fr\/309708\/","title":{"rendered":"Un gros transfert \u00e0 Rennes, \u00e7a s\u2019acc\u00e9l\u00e8bre subitement"},"content":{"rendered":"<p><strong>En pleine fin de pr\u00e9paration pour le prochain exercice de Ligue 1, le Stade Rennais a encore des doutes sur certains \u00e9l\u00e9ments de son effectif. Selon Ouest France, Arnaud Kalimuendo va alimenter la fin du mercato en Bretagne.<\/strong><\/p>\n<p>Tout va s\u2019acc\u00e9l\u00e9rer pour Arnaud Kalimuendo. L\u2019attaquant du <a href=\"https:\/\/www.foot01.com\/equipe\/rennes\/\" rel=\"nofollow noopener\" target=\"_blank\">Stade Rennais<\/a> est rest\u00e9 sur le banc pour la derni\u00e8re rencontre amicale du club breton face au Genoa (2-2). Alors que le Stade Rennais termine de pr\u00e9parer sa saison, le poste de num\u00e9ro neuf est toujours une interrogation au sein de la formation d\u2019Habib Beye. \u00c0 une semaine de la r\u00e9ception de l\u2019Olympique de Marseille du c\u00f4t\u00e9 du Roazhon Park, Rennes pourrait perdre son joueur. Initialement annonc\u00e9 partant cet \u00e9t\u00e9, l\u2019attaquant de 23 ans est toujours l\u00e0, mais Ouest France annonce qu\u2019un club passe \u00e0 l\u2019action pour tenter de signer l\u2019international espoirs. La formation d\u2019Habib Beye a d\u00e9j\u00e0 perdu de nombreux cadres dans le vestiaire cet \u00e9t\u00e9 \u00e0 l\u2019image d\u2019Adrien Truffert mais encore Lorenz Assignon notamment. La formation bretonne a d\u00fb d\u00e9graisser pour limiter l\u2019impact d\u2019un mercato estival rat\u00e9 l\u2019an pass\u00e9.<\/p>\n<p>Kalimuendo sur le d\u00e9part<\/p>\n<blockquote class=\"twitter-tweet\"><p>&#13;<\/p>\n<p lang=\"fr\" dir=\"ltr\">\ud83d\udea8 \ud83d\udd34\u26ab UN CLUB ACC\u00c9L\u00c8RE POUR ARNAUD KALIMUENDO \ud83c\uddeb\ud83c\uddf7 \ud83d\udca3\u203c\ufe0f<\/p>\n<p>\u25b6\ufe0f Un club dont l&rsquo;identit\u00e9 n&rsquo;a pas filtr\u00e9 a acc\u00e9l\u00e9rer ses d\u00e9marches de recrutement pour Kalimuendo<\/p>\n<p>\u25b6\ufe0f Dans le m\u00eame temps, Rennes va essayer de conclure une de ses cibles offensives prioritaires<\/p>\n<p>(<a href=\"https:\/\/twitter.com\/gui_tog?ref_src=twsrc%5Etfw\" rel=\"nofollow noopener\" target=\"_blank\">@gui_tog<\/a>) <a href=\"https:\/\/twitter.com\/hashtag\/MercatoSRFC?src=hash&amp;ref_src=twsrc%5Etfw\" rel=\"nofollow noopener\" target=\"_blank\">#MercatoSRFC<\/a> <a href=\"https:\/\/t.co\/rfdhbqe0IJ\" rel=\"nofollow\">pic.twitter.com\/rfdhbqe0IJ<\/a><\/p>\n<p>&#13;<br \/>\n\u2014 SRFC_Mercato (@RoazhonMercato) <a href=\"https:\/\/twitter.com\/RoazhonMercato\/status\/1954466819953098866?ref_src=twsrc%5Etfw\" rel=\"nofollow noopener\" target=\"_blank\">August 10, 2025<\/a><\/p><\/blockquote>\n<p>Le quotidien r\u00e9gional \u00e9voque que le cas Arnaud Kalimuendo va animer les prochains jours du mercato rennais. L\u2019attaquant aux 18 r\u00e9alisations l\u2019an pass\u00e9 en Ligue 1 fait partie des cadres qui doivent quitter l\u2019effectif lors de la p\u00e9riode estivale. Plusieurs \u00e9curies europ\u00e9ennes sont int\u00e9ress\u00e9es par l\u2019ancien parisien, mais l&rsquo;identit\u00e9 de celle voulant acc\u00e9l\u00e9rer les choses n\u2019a pas encore fuit\u00e9. Pour rappel Kalimuendo est en fin de contrat en 2027 du c\u00f4t\u00e9 de la Bretagne et il est \u00e9valu\u00e9 \u00e0 22 millions d\u2019euros sur Transfermarkt. Le montant du potentiel transfert n\u2019a pas non plus \u00e9t\u00e9 \u00e9voqu\u00e9. Ouest France ne pr\u00e9cise pas non plus si Arnaud Kalimuendo sera pr\u00e9sent au Roazhon Park la semaine prochaine pour la premi\u00e8re journ\u00e9e de championnat face \u00e0 l\u2019Olympique de Marseille. Les premiers \u00e9l\u00e9ments de r\u00e9ponse ne devraient toutefois pas tarder, les Rouge et Noir ne pouvant pas se permettre de se passer de leur meilleur buteur sans compenser son d\u00e9part.\u00a0<\/p>\n<p>          <script async src=\"https:\/\/platform.twitter.com\/widgets.js\" charset=\"utf-8\"><\/script><\/p>\n","protected":false},"excerpt":{"rendered":"En pleine fin de pr\u00e9paration pour le prochain exercice de Ligue 1, le Stade Rennais a encore des&hellip;\n","protected":false},"author":2,"featured_media":309709,"comment_status":"","ping_status":"","sticky":false,"template":"","format":"standard","meta":{"footnotes":""},"categories":[2821],"tags":[1111,11,829,1777,674,1011,27,12,584,25],"class_list":{"0":"post-309708","1":"post","2":"type-post","3":"status-publish","4":"format-standard","5":"has-post-thumbnail","7":"category-rennes","8":"tag-actu","9":"tag-actualites","10":"tag-bretagne","11":"tag-eu","12":"tag-europe","13":"tag-fr","14":"tag-france","15":"tag-news","16":"tag-rennes","17":"tag-republique-francaise"},"share_on_mastodon":{"url":"https:\/\/pubeurope.com\/@fr\/115005299363467121","error":""},"_links":{"self":[{"href":"https:\/\/www.europesays.com\/fr\/wp-json\/wp\/v2\/posts\/309708","targetHints":{"allow":["GET"]}}],"collection":[{"href":"https:\/\/www.europesays.com\/fr\/wp-json\/wp\/v2\/posts"}],"about":[{"href":"https:\/\/www.europesays.com\/fr\/wp-json\/wp\/v2\/types\/post"}],"author":[{"embeddable":true,"href":"https:\/\/www.europesays.com\/fr\/wp-json\/wp\/v2\/users\/2"}],"replies":[{"embeddable":true,"href":"https:\/\/www.europesays.com\/fr\/wp-json\/wp\/v2\/comments?post=309708"}],"version-history":[{"count":0,"href":"https:\/\/www.europesays.com\/fr\/wp-json\/wp\/v2\/posts\/309708\/revisions"}],"wp:featuredmedia":[{"embeddable":true,"href":"https:\/\/www.europesays.com\/fr\/wp-json\/wp\/v2\/media\/309709"}],"wp:attachment":[{"href":"https:\/\/www.europesays.com\/fr\/wp-json\/wp\/v2\/media?parent=309708"}],"wp:term":[{"taxonomy":"category","embeddable":true,"href":"https:\/\/www.europesays.com\/fr\/wp-json\/wp\/v2\/categories?post=309708"},{"taxonomy":"post_tag","embeddable":true,"href":"https:\/\/www.europesays.com\/fr\/wp-json\/wp\/v2\/tags?post=309708"}],"curies":[{"name":"wp","href":"https:\/\/api.w.org\/{rel}","templated":true}]}}