{"id":309712,"date":"2025-08-10T16:00:12","date_gmt":"2025-08-10T16:00:12","guid":{"rendered":"https:\/\/www.europesays.com\/fr\/309712\/"},"modified":"2025-08-10T16:00:12","modified_gmt":"2025-08-10T16:00:12","slug":"liam-rosenior-nous-verrons-la-semaine-prochaine-qui-viendra-nous-rejoindre-alsasports","status":"publish","type":"post","link":"https:\/\/www.europesays.com\/fr\/309712\/","title":{"rendered":"Liam Rosenior : \u00ab\u00a0Nous verrons la semaine prochaine qui viendra nous rejoindre\u00a0\u00bb \u2014 Alsa&rsquo;Sports"},"content":{"rendered":"<p><strong>Interrog\u00e9 hier sur le onze qui d\u00e9butera \u00e0 Metz dimanche prochain, l\u2019entra\u00eeneur du Racing Liam Rosenior a ironiquement suppos\u00e9 le recrutement d\u2019autres joueurs d\u00e8s la semaine prochaine.<\/strong><\/p>\n<p>D\u00e9cid\u00e9ment, il va s\u2019en passer des choses la semaine prochaine. Nous aurons <a href=\"https:\/\/www.alsasports.fr\/football\/rc-strasbourg\/liam-rosenior-evasif-sur-labsence-de-doukoure\/74318\/\" target=\"_blank\" rel=\"noopener\">le fin mot de l\u2019histoire concernant Isma\u00ebl Doukour\u00e9<\/a>, le Racing d\u00e9butera sa saison de Ligue 1 sur le terrain du FC Metz, et d\u2019autres joueurs vont rejoindre Strasbourg. C\u2019est en substance le message que nous a adress\u00e9 l\u2019entra\u00eeneur Liam Rosenior hier apr\u00e8s le match nul entre son \u00e9quipe et Mayence \u00e0 la MEWA Arena (0-0). <\/p>\n<p>Interrog\u00e9 sur le onze qui d\u00e9butera \u00e0 Metz dimanche prochain, Rosenior a entretenu le flou en supposant ironiquement le recrutement d\u2019autres joueurs dans les prochains jours. \u00ab\u00a0Qui sait ? Il reste encore une semaine. Nous ne savons pas qui viendra. Nous verrons la semaine prochaine ce qu\u2019il se passe dans le mercato et nous irons de l\u2019avant.\u00a0\u00bb Fa\u00e7on de botter en touche ou non de la part du coach, le Racing Club de Strasbourg est en tout cas tr\u00e8s actif sur ce march\u00e9 des transferts avec 13 arriv\u00e9es (en comptant les 3 achats post-pr\u00eats et le retour de Mamadou Sarr), dont la derni\u00e8re hier entre les deux matches amicaux \u00e0 Mayence : Lucas Hogsberg pour 15 millions d\u2019euros.<\/p>\n","protected":false},"excerpt":{"rendered":"Interrog\u00e9 hier sur le onze qui d\u00e9butera \u00e0 Metz dimanche prochain, l\u2019entra\u00eeneur du Racing Liam Rosenior a ironiquement&hellip;\n","protected":false},"author":2,"featured_media":309713,"comment_status":"","ping_status":"","sticky":false,"template":"","format":"standard","meta":{"footnotes":""},"categories":[2820],"tags":[1111,11,1777,674,63,1011,27,775,12,4448,25,640],"class_list":{"0":"post-309712","1":"post","2":"type-post","3":"status-publish","4":"format-standard","5":"has-post-thumbnail","7":"category-strasbourg","8":"tag-actu","9":"tag-actualites","10":"tag-eu","11":"tag-europe","12":"tag-football","13":"tag-fr","14":"tag-france","15":"tag-grand-est","16":"tag-news","17":"tag-rc-strasbourg","18":"tag-republique-francaise","19":"tag-strasbourg"},"share_on_mastodon":{"url":"https:\/\/pubeurope.com\/@fr\/115005307117263720","error":""},"_links":{"self":[{"href":"https:\/\/www.europesays.com\/fr\/wp-json\/wp\/v2\/posts\/309712","targetHints":{"allow":["GET"]}}],"collection":[{"href":"https:\/\/www.europesays.com\/fr\/wp-json\/wp\/v2\/posts"}],"about":[{"href":"https:\/\/www.europesays.com\/fr\/wp-json\/wp\/v2\/types\/post"}],"author":[{"embeddable":true,"href":"https:\/\/www.europesays.com\/fr\/wp-json\/wp\/v2\/users\/2"}],"replies":[{"embeddable":true,"href":"https:\/\/www.europesays.com\/fr\/wp-json\/wp\/v2\/comments?post=309712"}],"version-history":[{"count":0,"href":"https:\/\/www.europesays.com\/fr\/wp-json\/wp\/v2\/posts\/309712\/revisions"}],"wp:featuredmedia":[{"embeddable":true,"href":"https:\/\/www.europesays.com\/fr\/wp-json\/wp\/v2\/media\/309713"}],"wp:attachment":[{"href":"https:\/\/www.europesays.com\/fr\/wp-json\/wp\/v2\/media?parent=309712"}],"wp:term":[{"taxonomy":"category","embeddable":true,"href":"https:\/\/www.europesays.com\/fr\/wp-json\/wp\/v2\/categories?post=309712"},{"taxonomy":"post_tag","embeddable":true,"href":"https:\/\/www.europesays.com\/fr\/wp-json\/wp\/v2\/tags?post=309712"}],"curies":[{"name":"wp","href":"https:\/\/api.w.org\/{rel}","templated":true}]}}