{"id":309734,"date":"2025-08-10T16:15:12","date_gmt":"2025-08-10T16:15:12","guid":{"rendered":"https:\/\/www.europesays.com\/fr\/309734\/"},"modified":"2025-08-10T16:15:12","modified_gmt":"2025-08-10T16:15:12","slug":"ils-ont-fui-la-canicule-au-parc-de-miribel","status":"publish","type":"post","link":"https:\/\/www.europesays.com\/fr\/309734\/","title":{"rendered":"Ils ont fui la canicule au parc de Miribel"},"content":{"rendered":"<p>En ce tout d\u00e9but d\u2019apr\u00e8s-midi dimanche, les parkings de Miribel sont d\u00e9j\u00e0 pleins. Plage du Morlet, nombre de baigneurs sont \u00e0 l\u2019eau tandis que d\u2019autres profitent d\u2019un coin d\u2019ombre.<\/p>\n<p>Nordjssa, Noura et Louiza, trois voisines de La Duch\u00e8re, se sont install\u00e9es sous un arbre \u00e0 quelques m\u00e8tres du rivage. Elles surveillent du coin de l\u2019\u0153il leurs enfants partis nager. \u00ab\u00a0Je crains toujours un peu, avoue Nordjssa, mais les enfants&#8230;<\/p>\n","protected":false},"excerpt":{"rendered":"En ce tout d\u00e9but d\u2019apr\u00e8s-midi dimanche, les parkings de Miribel sont d\u00e9j\u00e0 pleins. Plage du Morlet, nombre de&hellip;\n","protected":false},"author":2,"featured_media":309735,"comment_status":"","ping_status":"","sticky":false,"template":"","format":"standard","meta":{"footnotes":""},"categories":[1889],"tags":[1111,11,2430,6698,1687,3152,436,1777,674,1011,27,30498,2428,12,18283,25,2429],"class_list":{"0":"post-309734","1":"post","2":"type-post","3":"status-publish","4":"format-standard","5":"has-post-thumbnail","7":"category-lyon","8":"tag-actu","9":"tag-actualites","10":"tag-auvergne-rhone-alpes","11":"tag-canicule","12":"tag-culture-loisirs","13":"tag-edition-est-lyonnais","14":"tag-environnement","15":"tag-eu","16":"tag-europe","17":"tag-fr","18":"tag-france","19":"tag-jonage","20":"tag-lyon","21":"tag-news","22":"tag-plaine-de-lest","23":"tag-republique-francaise","24":"tag-rhone"},"share_on_mastodon":{"url":"https:\/\/pubeurope.com\/@fr\/115005366163042911","error":""},"_links":{"self":[{"href":"https:\/\/www.europesays.com\/fr\/wp-json\/wp\/v2\/posts\/309734","targetHints":{"allow":["GET"]}}],"collection":[{"href":"https:\/\/www.europesays.com\/fr\/wp-json\/wp\/v2\/posts"}],"about":[{"href":"https:\/\/www.europesays.com\/fr\/wp-json\/wp\/v2\/types\/post"}],"author":[{"embeddable":true,"href":"https:\/\/www.europesays.com\/fr\/wp-json\/wp\/v2\/users\/2"}],"replies":[{"embeddable":true,"href":"https:\/\/www.europesays.com\/fr\/wp-json\/wp\/v2\/comments?post=309734"}],"version-history":[{"count":0,"href":"https:\/\/www.europesays.com\/fr\/wp-json\/wp\/v2\/posts\/309734\/revisions"}],"wp:featuredmedia":[{"embeddable":true,"href":"https:\/\/www.europesays.com\/fr\/wp-json\/wp\/v2\/media\/309735"}],"wp:attachment":[{"href":"https:\/\/www.europesays.com\/fr\/wp-json\/wp\/v2\/media?parent=309734"}],"wp:term":[{"taxonomy":"category","embeddable":true,"href":"https:\/\/www.europesays.com\/fr\/wp-json\/wp\/v2\/categories?post=309734"},{"taxonomy":"post_tag","embeddable":true,"href":"https:\/\/www.europesays.com\/fr\/wp-json\/wp\/v2\/tags?post=309734"}],"curies":[{"name":"wp","href":"https:\/\/api.w.org\/{rel}","templated":true}]}}