{"id":309738,"date":"2025-08-10T16:20:17","date_gmt":"2025-08-10T16:20:17","guid":{"rendered":"https:\/\/www.europesays.com\/fr\/309738\/"},"modified":"2025-08-10T16:20:17","modified_gmt":"2025-08-10T16:20:17","slug":"la-course-poursuite-delirante-pour-sauver-sa-lune-de-miel","status":"publish","type":"post","link":"https:\/\/www.europesays.com\/fr\/309738\/","title":{"rendered":"la course-poursuite d\u00e9lirante pour sauver sa lune de miel"},"content":{"rendered":"<p>Dans les rues du XIXe arrondissement, ce qui aurait d\u00fb \u00eatre une simple pr\u00e9caution polici\u00e8re s\u2019est transform\u00e9 en poursuite spectaculaire, m\u00ealant frayeurs et imprudences. Le r\u00e9cit d\u00e9bute comme un simple oubli domestique. Le tout jeune mari\u00e9 r\u00e9alise, \u00e0 la derni\u00e8re minute, que sa femme a oubli\u00e9 sa valise avant le d\u00e9part pour leur lune de miel. Cette erreur anodine va d\u00e9clencher une r\u00e9action hors norme : il prend le volant en pleine nuit \u00e0 Paris pour r\u00e9cup\u00e9rer ce bagage.<\/p>\n<p>Alors que l\u2019aube pointe, vers 4h40, la police rep\u00e8re une voiture suspecte \u00e0 un feu rouge pr\u00e8s de la Porte d\u2019Aubervilliers. Une forte odeur de cannabis \u00e9mane du v\u00e9hicule, ce qui attire l\u2019attention des agents. Mais lorsque ces derniers tentent un contr\u00f4le, le conducteur refuse d\u2019obtemp\u00e9rer, d\u00e9clenchant une course-poursuite.<\/p>\n<p>Une fuite dangereuse au c\u0153ur de Paris<\/p>\n<p>La sc\u00e8ne qui s\u2019ensuit est digne d\u2019un film d\u2019action. Slalom entre les voitures, fr\u00f4lement des pi\u00e9tons, circulation sur la voie de bus, empruntes de rues \u00e0 contresens\u2026 La dangerosit\u00e9 de la conduite met en p\u00e9ril la s\u00e9curit\u00e9 des usagers de la route et des passants. La course s\u2019arr\u00eate brutalement dans la rue Riquet, o\u00f9 le chauffard tente un dernier sprint pour s\u2019\u00e9chapper \u00e0 pied, mais il est rattrap\u00e9 par les policiers. L\u2019ironie de la situation : cette course effr\u00e9n\u00e9e \u00e9tait motiv\u00e9e par une valise oubli\u00e9e, symbole d\u2019une lune de miel qui vire au cauchemar.<\/p>\n<p>Au tribunal, la lune de miel s\u2019\u00e9teint<\/p>\n<p>Ce vendredi, au lieu de siroter un cocktail sur une plage maltaise, le jeune mari\u00e9 comparaissait en comparution imm\u00e9diate au tribunal de Paris. Le parquet a requis un an de prison, dont six mois ferme, pour le refus d\u2019obtemp\u00e9rer et les risques caus\u00e9s par sa conduite.\u00a0Dans son plaidoyer, le jeune homme expliquait que son geste \u00e9tait dict\u00e9 par l\u2019urgence de partir en lune de miel. Mais cette tentative d\u00e9sesp\u00e9r\u00e9e n\u2019a pas convaincu les magistrats, soucieux de rappeler que la s\u00e9curit\u00e9 publique ne peut \u00eatre sacrifi\u00e9e.<\/p>\n<p>Une nuit de noce qui tourne au drame<\/p>\n<p>Ce fait divers illustre combien une d\u00e9cision pr\u00e9cipit\u00e9e peut avoir des cons\u00e9quences graves. Ce qui devait \u00eatre un moment de bonheur se transforme en une nuit d\u2019angoisse, entre course-poursuite et proc\u00e8s.\u00a0\u00c0 l\u2019image de ce jeune mari\u00e9, plusieurs conducteurs prennent parfois des risques inconsid\u00e9r\u00e9s sous la pression d\u2019une urgence personnelle, oubliant que la vie de tous est en jeu. La justice se veut ferme, en guise d\u2019exemple.<\/p>\n<p>Partagez cette info avec vos amis et vos proches en cliquant ici<br \/>Pour r\u00e9sumer<\/p>\n<p>Un jeune mari\u00e9 d\u2019\u00c9vry a d\u00e9clench\u00e9 une course-poursuite dans Paris apr\u00e8s avoir refus\u00e9 de s\u2019arr\u00eater, tout \u00e7a pour r\u00e9cup\u00e9rer la valise oubli\u00e9e de sa femme avant leur d\u00e9part en lune de miel. Six mois de prison ferme sont requis, un d\u00e9part en voyage qui vire au cauchemar judiciaire.<\/p>\n<p> <img decoding=\"async\" width=\"76\" height=\"76\" loading=\"lazy\" src=\"https:\/\/www.europesays.com\/fr\/wp-content\/uploads\/2025\/04\/avatar-autonews.png\" alt=\"Jules Sessiwede\"\/><\/p>\n","protected":false},"excerpt":{"rendered":"Dans les rues du XIXe arrondissement, ce qui aurait d\u00fb \u00eatre une simple pr\u00e9caution polici\u00e8re s\u2019est transform\u00e9 en&hellip;\n","protected":false},"author":2,"featured_media":309739,"comment_status":"","ping_status":"","sticky":false,"template":"","format":"standard","meta":{"footnotes":""},"categories":[1888],"tags":[1111,1928,11,1927,1777,674,1011,27,12,1926,626,1925,25],"class_list":{"0":"post-309738","1":"post","2":"type-post","3":"status-publish","4":"format-standard","5":"has-post-thumbnail","7":"category-paris","8":"tag-actu","9":"tag-actu-paris","10":"tag-actualites","11":"tag-actualites-paris","12":"tag-eu","13":"tag-europe","14":"tag-fr","15":"tag-france","16":"tag-news","17":"tag-news-paris","18":"tag-paris","19":"tag-paris-news","20":"tag-republique-francaise"},"share_on_mastodon":{"url":"https:\/\/pubeurope.com\/@fr\/115005386088911539","error":""},"_links":{"self":[{"href":"https:\/\/www.europesays.com\/fr\/wp-json\/wp\/v2\/posts\/309738","targetHints":{"allow":["GET"]}}],"collection":[{"href":"https:\/\/www.europesays.com\/fr\/wp-json\/wp\/v2\/posts"}],"about":[{"href":"https:\/\/www.europesays.com\/fr\/wp-json\/wp\/v2\/types\/post"}],"author":[{"embeddable":true,"href":"https:\/\/www.europesays.com\/fr\/wp-json\/wp\/v2\/users\/2"}],"replies":[{"embeddable":true,"href":"https:\/\/www.europesays.com\/fr\/wp-json\/wp\/v2\/comments?post=309738"}],"version-history":[{"count":0,"href":"https:\/\/www.europesays.com\/fr\/wp-json\/wp\/v2\/posts\/309738\/revisions"}],"wp:featuredmedia":[{"embeddable":true,"href":"https:\/\/www.europesays.com\/fr\/wp-json\/wp\/v2\/media\/309739"}],"wp:attachment":[{"href":"https:\/\/www.europesays.com\/fr\/wp-json\/wp\/v2\/media?parent=309738"}],"wp:term":[{"taxonomy":"category","embeddable":true,"href":"https:\/\/www.europesays.com\/fr\/wp-json\/wp\/v2\/categories?post=309738"},{"taxonomy":"post_tag","embeddable":true,"href":"https:\/\/www.europesays.com\/fr\/wp-json\/wp\/v2\/tags?post=309738"}],"curies":[{"name":"wp","href":"https:\/\/api.w.org\/{rel}","templated":true}]}}