{"id":309744,"date":"2025-08-10T16:23:13","date_gmt":"2025-08-10T16:23:13","guid":{"rendered":"https:\/\/www.europesays.com\/fr\/309744\/"},"modified":"2025-08-10T16:23:13","modified_gmt":"2025-08-10T16:23:13","slug":"nous-sommes-prets-a-combattre-lexpress","status":"publish","type":"post","link":"https:\/\/www.europesays.com\/fr\/309744\/","title":{"rendered":"\u00ab\u00a0Nous sommes pr\u00eats \u00e0 combattre\u00a0\u00bb \u2013 L&rsquo;Express"},"content":{"rendered":"<p class=\"lf-paragraph default-text heading-md-3 text--slim heading-4 line-height-2 line-height-md-1  lf-text-container\">Sous un crachin intermittent, quatre voitures attendent patiemment que le feu vire au vert. Leurs occupants ont pass\u00e9 les contr\u00f4les. Encore quelques m\u00e8tres, la ligne frontali\u00e8re est l\u00e0. Derri\u00e8re des grillages verts \u00e9pais coiff\u00e9s de barbel\u00e9s, sur un c\u00f4t\u00e9, la borne russe rouge, verte et rectangulaire, et celle de <a href=\"https:\/\/www.lexpress.fr\/economie\/high-tech\/margus-tsahkna-ministre-estonien-avec-la-russie-nous-avons-un-delai-de-trois-a-cinq-ans-ZGYFD6REKZE35NH2XH23TQBWZ4\/?auth=95787afdf6\" target=\"_self\" rel=\"nofollow noopener\" title=\"https:\/\/www.lexpress.fr\/economie\/high-tech\/margus-tsahkna-ministre-estonien-avec-la-russie-nous-avons-un-delai-de-trois-a-cinq-ans-ZGYFD6REKZE35NH2XH23TQBWZ4\/?auth=95787afdf6\">l\u2019Estonie<\/a> noire, blanche et ronde, se toisent de toute leur verticale raideur.<\/p>\n<p class=\"lf-paragraph default-text heading-md-3 text--slim heading-4 line-height-2 line-height-md-1 \">Ici s\u2019arr\u00eate le territoire de <a href=\"https:\/\/www.lexpress.fr\/economie\/high-tech\/droits-de-douane-lunion-europeenne-ne-doit-pas-accepter-un-accord-manifestement-asymetrique-WO65XZGJNBDGVFPCBFBAMWN3IE\/\" target=\"_self\" rel=\"nofollow noopener\" title=\"https:\/\/www.lexpress.fr\/economie\/high-tech\/droits-de-douane-lunion-europeenne-ne-doit-pas-accepter-un-accord-manifestement-asymetrique-WO65XZGJNBDGVFPCBFBAMWN3IE\/\">l\u2019Union europ\u00e9enne<\/a> et de <a href=\"https:\/\/www.lexpress.fr\/monde\/europe\/face-a-vladimir-poutine-comment-lotan-est-redevenue-une-machine-de-guerre-A43W5PC6RVE4LP3RD7BNC6GXYY\/\" target=\"_self\" rel=\"nofollow noopener\" title=\"https:\/\/www.lexpress.fr\/monde\/europe\/face-a-vladimir-poutine-comment-lotan-est-redevenue-une-machine-de-guerre-A43W5PC6RVE4LP3RD7BNC6GXYY\/\">l\u2019alliance militaire de l\u2019Otan.<\/a> De l\u2019autre c\u00f4t\u00e9, le vaste empire de <a href=\"https:\/\/www.lexpress.fr\/monde\/sextapes-gros-sous-et-fsb-enquete-sur-vladimir-poutine-le-roi-du-kompromat-WQYNVGUC6FEV5IULEMM6TBLVVE\/\" target=\"_self\" rel=\"nofollow noopener\" title=\"https:\/\/www.lexpress.fr\/monde\/sextapes-gros-sous-et-fsb-enquete-sur-vladimir-poutine-le-roi-du-kompromat-WQYNVGUC6FEV5IULEMM6TBLVVE\/\">Vladimir Poutine<\/a> se d\u00e9ploie sur 11 fuseaux horaires, jusqu\u2019au d\u00e9troit de B\u00e9ring, sur l\u2019oc\u00e9an Pacifique. Peter Maran, le chef du poste fronti\u00e8re de Luhamaa, \u00e0 la pointe sud-est de l\u2019Estonie prononce quelques mots dans son talkie-walkie. Les portails surmont\u00e9s de piques se referment. Une large poutre d\u2019acier sort du sol pour barrer le chemin \u00e0 un v\u00e9hicule qui forcerait le passage. Ce dispositif, r\u00e9cemment install\u00e9, n\u2019arr\u00eatera pas une arm\u00e9e. Mais les autorit\u00e9s estoniennes esp\u00e8rent qu\u2019il retiendra une vague de sans-papiers. \u00ab\u00a0On ne se demande pas si elle va arriver, mais quand, explique Peter Maran. Car nos voisins y ont d\u00e9j\u00e0 eu droit.\u00a0\u00bb De <a href=\"https:\/\/www.lexpress.fr\/economie\/high-tech\/face-a-la-russie-de-vladimir-poutine-la-tech-finlandaise-se-militarise-a-marche-forcee-LS5A3Q3PUJCF7CZACIQBXCRKY4\/\" target=\"_self\" rel=\"nofollow noopener\" title=\"https:\/\/www.lexpress.fr\/economie\/high-tech\/face-a-la-russie-de-vladimir-poutine-la-tech-finlandaise-se-militarise-a-marche-forcee-LS5A3Q3PUJCF7CZACIQBXCRKY4\/\">la Finlande<\/a> \u00e0 <a href=\"https:\/\/www.lexpress.fr\/monde\/europe\/de-la-pologne-a-la-roumanie-le-trumpisme-a-lassaut-de-leurope-BRWQBHSTDNEPHEW6A425J2HGYI\/\" target=\"_self\" rel=\"nofollow noopener\" title=\"https:\/\/www.lexpress.fr\/monde\/europe\/de-la-pologne-a-la-roumanie-le-trumpisme-a-lassaut-de-leurope-BRWQBHSTDNEPHEW6A425J2HGYI\/\">la Pologne, <\/a>des dizaines de milliers de migrants venus du Moyen-Orient et d\u2019Afrique ont essay\u00e9 ces derni\u00e8res ann\u00e9es de passer la fronti\u00e8re.<\/p>\n<p>Une r\u00e9p\u00e9tition de l\u2019Histoire ?<\/p>\n<p class=\"lf-paragraph default-text heading-md-3 text--slim heading-4 line-height-2 line-height-md-1  lf-text-container\">D\u00e9clench\u00e9es par le Kremlin, de telles actions rel\u00e8vent de cette guerre \u00ab\u00a0hybride\u00a0\u00bb sous le seuil d\u2019un affrontement direct entre arm\u00e9es. L\u2019Estonie s\u2019y pr\u00e9pare, d\u2019autant qu\u2019elle a d\u00e9j\u00e0 \u00e9t\u00e9 victime d\u2019une cyberattaque russe \u00e0 grande \u00e9chelle, en 2007. Surtout, Tallinn s\u2019entra\u00eene \u00e0 r\u00e9pondre \u00e0 une invasion militaire comme celle subie <a href=\"https:\/\/www.lexpress.fr\/monde\/europe\/l-ukraine-hesite-entre-est-et-ouest_1302698.html\" target=\"_self\" rel=\"nofollow noopener\" title=\"https:\/\/www.lexpress.fr\/monde\/europe\/l-ukraine-hesite-entre-est-et-ouest_1302698.html\">par l\u2019Ukraine. <\/a>Sa ligne de d\u00e9marcation courant sur 300 kilom\u00e8tres a beau rester calme, elle n\u2019en est pas moins une fronti\u00e8re de tous les dangers, face \u00e0 ce grand voisin avide de nouvelles conqu\u00eates. Ce ne serait qu\u2019une r\u00e9p\u00e9tition de l\u2019Histoire, ces terres ayant \u00e9t\u00e9 conquises par les tsars puis par l\u2019URSS. Surtout si l\u2019Estonie se retrouve seule.<\/p>\n<p class=\"lf-paragraph default-text heading-md-3 text--slim heading-4 line-height-2 line-height-md-1  lf-text-container\">Elle a, d\u00e9j\u00e0, tout \u00e0 craindre d\u2019un cessez-le-feu en Ukraine. S\u2019il survenait, <a href=\"https:\/\/www.lexpress.fr\/monde\/enquete-comment-vladimir-poutine-enleve-et-russifie-les-enfants-ukrainiens-7NH4ZLRDENFXRCCA75H467BVUY\/\" target=\"_self\" rel=\"nofollow noopener\" title=\"https:\/\/www.lexpress.fr\/monde\/enquete-comment-vladimir-poutine-enleve-et-russifie-les-enfants-ukrainiens-7NH4ZLRDENFXRCCA75H467BVUY\/\">Vladimir Poutine<\/a> et ses forces, accapar\u00e9s par l'\u00a0\u00bbop\u00e9ration militaire sp\u00e9ciale\u00a0\u00bb lanc\u00e9e le 24 f\u00e9vrier 2022, pourraient d\u00e8s lors tourner leur attention vers ce flanc oriental de l\u2019Otan, dont les pays Baltes sont consid\u00e9r\u00e9s comme la partie la plus vuln\u00e9rable. Une portion d\u2019une soixantaine de kilom\u00e8tres, le \u00ab\u00a0corridor de Suwalki\u00a0\u00bb, s\u00e9pare l\u2019exclave russe de Kaliningrad de <a href=\"https:\/\/www.lexpress.fr\/monde\/europe\/svetlana-tikhanovskaya-la-bielorussie-ne-doit-pas-servir-de-lot-de-consolation-pour-poutine-K242AZKEDZGGLPRLQHZ5Z73Q4U\/\" target=\"_self\" rel=\"nofollow noopener\" title=\"https:\/\/www.lexpress.fr\/monde\/europe\/svetlana-tikhanovskaya-la-bielorussie-ne-doit-pas-servir-de-lot-de-consolation-pour-poutine-K242AZKEDZGGLPRLQHZ5Z73Q4U\/\">la Bi\u00e9lorussie, <\/a>ancienne r\u00e9publique sovi\u00e9tique inf\u00e9od\u00e9e au Kremlin. En prenant son contr\u00f4le, d\u2019une attaque \u00e9clair, la Russie isolerait du reste du continent la Lituanie, la Lettonie et l\u2019Estonie, le plus petit des trois. Un pays de la taille des Pays-Bas, mais 12 fois moins peupl\u00e9, \u00e0 peine 1,35 million d\u2019habitants.<\/p>\n<p>Un cessez-le-feu en Ukraine permettrait \u00e0 la Russie d\u2019y red\u00e9ployer ses troupes, qui ne seront pas d\u00e9mobilis\u00e9esUn membre de l\u2019\u00e9tat-major estonien<\/p>\n<p class=\"lf-paragraph default-text heading-md-3 text--slim heading-4 line-height-2 line-height-md-1  lf-text-container\">L\u2019hypoth\u00e8se d\u2019une telle attaque russe inqui\u00e8te aussi les alli\u00e9s des Baltes. L\u2019Otan pourrait \u00eatre test\u00e9e sur sa capacit\u00e9 \u00e0 r\u00e9agir \u00ab\u00a0d\u2019ici cinq ans\u00a0\u00bb, r\u00e9p\u00e8te son secr\u00e9taire g\u00e9n\u00e9ral, Mark Rutte.<a href=\"https:\/\/www.lexpress.fr\/monde\/europe\/defile-du-14-juillet-la-russie-une-menace-qui-na-plus-rien-de-fantome-pour-la-france-T66QET6HQZDJJPWCY3S4MBUGLA\/\" target=\"_self\" rel=\"nofollow noopener\" title=\"https:\/\/www.lexpress.fr\/monde\/europe\/defile-du-14-juillet-la-russie-une-menace-qui-na-plus-rien-de-fantome-pour-la-france-T66QET6HQZDJJPWCY3S4MBUGLA\/\"> Une analyse partag\u00e9e par la nouvelle \u00ab\u00a0Revue nationale strat\u00e9gique\u00a0\u00bb fran\u00e7aise<\/a>, publi\u00e9e mi-juillet, qui juge plausible \u00ab\u00a0une guerre majeure de haute intensit\u00e9 [\u2026] en Europe\u00a0\u00bb. Elle constate que le \u00ab\u00a0renforcement\u00a0\u00bb de l\u2019arm\u00e9e russe \u00ab\u00a0se poursuit de fa\u00e7on acc\u00e9l\u00e9r\u00e9e pour recompl\u00e9ter les nombreux mat\u00e9riels d\u00e9truits en Ukraine mais \u00e9galement pour d\u00e9velopper de nouvelles capacit\u00e9s et renforcer son arsenal \u00e0 l\u2019horizon 2030\u00a0\u00bb.<\/p>\n<p class=\"lf-paragraph default-text heading-md-3 text--slim heading-4 line-height-2 line-height-md-1  lf-text-container\">A ce stock cons\u00e9quent de munitions, de drones et de missiles s\u2019ajoutent le passage \u00e0 une arm\u00e9e de 1,5 million de soldats (contre 700 000 avant 2022) et un r\u00e9am\u00e9nagement des bases qui a commenc\u00e9 le long des fronti\u00e8res finlandaises et baltes. \u00ab\u00a0Un cessez-le-feu en Ukraine permettrait \u00e0 la Russie d\u2019y red\u00e9ployer ses troupes, qui ne seront pas d\u00e9mobilis\u00e9es, explique un membre de l\u2019\u00e9tat-major estonien. C\u2019est pour cela qu\u2019il faut continuer \u00e0 soutenir l\u2019Ukraine dans son combat.\u00a0\u00bb<\/p>\n<p><img decoding=\"async\" src=\"https:\/\/www.europesays.com\/fr\/wp-content\/uploads\/2025\/08\/ELP3JA2QLFC65AVYLWPVON753I.jpg\" class=\"image-with-legend__cover-img\" alt=\"Les bornes de la Russie et de l'Estonie, au poste fronti\u00e8re de Luhamaa, le 17 juin 2025.\" width=\"690\" height=\"686\" loading=\"lazy\"\/><\/p>\n<p class=\"image-with-legend__legend\">Les bornes de la Russie et de l&rsquo;Estonie, au poste fronti\u00e8re de Luhamaa, le 17 juin 2025.<\/p>\n<p class=\"image-with-legend__credits\"> \u00a9  \/ L&rsquo;Express\/Cl\u00e9ment Daniez<\/p>\n<p class=\"lf-paragraph default-text heading-md-3 text--slim heading-4 line-height-2 line-height-md-1  lf-text-container\">A quelle \u00e9ch\u00e9ance les Russes pourraient-ils passer \u00e0 l\u2019action ? \u00ab\u00a0Ils n\u2019ont pas besoin d\u2019arr\u00eater la guerre, il leur suffit d\u2019amasser des unit\u00e9s \u00e0 la fronti\u00e8re puis de prendre une d\u00e9cision politique\u00a0\u00bb, coupe une source s\u00e9curitaire. En r\u00e9ponse, les Estoniens continuent d\u2019am\u00e9liorer l\u2019organisation de leurs forces. Ils disposent d\u2019\u00e0 peine 4 000 militaires de m\u00e9tier, et autant de conscrits \u2013 l\u2019appel sous les drapeaux pour les jeunes hommes \u00e2g\u00e9s de 18 \u00e0 27 ans a toujours \u00e9t\u00e9 maintenu. Leur temps de service va passer de huit \u00e0 douze mois, voire vingt pour des fonctions techniques. Tous basculent ensuite dans une force de r\u00e9serve qui compte aujourd\u2019hui plus de 20 000 \u00e9l\u00e9ments.<\/p>\n<\/p>\n<p class=\"lf-paragraph default-text heading-md-3 text--slim heading-4 line-height-2 line-height-md-1 \">C\u2019est gr\u00e2ce \u00e0 ces r\u00e9servistes que l\u2019Estonie dispose d\u2019une brigade de combat pour d\u00e9fendre le nord du pays et d\u2019une autre, reconstitu\u00e9e apr\u00e8s l\u2019annexion de <a href=\"https:\/\/www.lexpress.fr\/monde\/europe\/la-crimee-appartient-elle-a-lukraine-ou-a-la-russie-pourquoi-la-reponse-nest-pas-si-aisee-UH2SGWZUPVBXDPHNWGVEYHDPJA-2\/\" target=\"_self\" rel=\"nofollow noopener\" title=\"https:\/\/www.lexpress.fr\/monde\/europe\/la-crimee-appartient-elle-a-lukraine-ou-a-la-russie-pourquoi-la-reponse-nest-pas-si-aisee-UH2SGWZUPVBXDPHNWGVEYHDPJA-2\/\">la Crim\u00e9e<\/a> en 2014, pour le sud. Afin de tester leur capacit\u00e9 de r\u00e9action, en plus de leurs entra\u00eenements, ils sont appel\u00e9s trois \u00e0 quatre fois par an pour rejoindre leur unit\u00e9 et mener des exercices surprises, quand bien m\u00eame ils se trouveraient au travail ou en famille.<\/p>\n<p class=\"lf-paragraph default-text heading-md-3 text--slim heading-4 line-height-2 line-height-md-1  lf-text-container\">La sauvegarde de la nation ne s\u2019arr\u00eate pas l\u00e0. L\u2019Estonie s\u2019appuie aussi sur une organisation qui lui est propre, la Kaitseliit (\u00ab\u00a0ligue de d\u00e9fense\u00a0\u00bb). Cette structure paramilitaire n\u00e9e au moment de l\u2019ind\u00e9pendance, en 1918, est principalement charg\u00e9e de la protection r\u00e9gionale en cas de guerre et peut aussi r\u00e9aliser des missions de s\u00e9curit\u00e9 civile. Elle permet de doubler le nombre de combattants en cas d\u2019alerte et poss\u00e8de une unit\u00e9 r\u00e9put\u00e9e de cyberd\u00e9fenseurs. \u00ab\u00a0Nous sommes des volontaires, hommes et femmes, pr\u00eats \u00e0 combattre, avec nos armes et nos uniformes \u00e0 la maison\u00a0\u00bb, explique Aiva Hanniotti, instructeur drone en son sein.<\/p>\n<p class=\"lf-paragraph default-text heading-md-3 text--slim heading-4 line-height-2 line-height-md-1  lf-text-container\">Face \u00e0 une Russie 100 fois plus peupl\u00e9e, l\u2019Estonie a cependant conscience de ses limites. \u00ab\u00a0Pendant la Seconde Guerre mondiale, nous pensions que notre neutralit\u00e9 nous sauverait, mais c\u2019\u00e9tait une erreur, explique, dans une salle lambriss\u00e9e du Parlement, le d\u00e9put\u00e9 Marko Mihkelson, pr\u00e9sident du comit\u00e9 des Affaires \u00e9trang\u00e8res. L\u2019id\u00e9e est de ne plus jamais \u00eatre seul, d\u2019o\u00f9 notre plein engagement dans l\u2019Union europ\u00e9enne et l\u2019Otan.\u00a0\u00bb<\/p>\n<p class=\"lf-paragraph default-text heading-md-3 text--slim heading-4 line-height-2 line-height-md-1  lf-text-container\">La premi\u00e8re lui assure le d\u00e9veloppement \u00e9conomique et la prosp\u00e9rit\u00e9. La seconde, la s\u00e9curit\u00e9. D\u00e8s le lendemain de son adh\u00e9sion \u00e0 l\u2019Alliance atlantique, en mars 2004, l\u2019Estonie, d\u00e9pourvue d\u2019aviation de combat, a pu b\u00e9n\u00e9ficier, comme ses voisins baltes, de la chasse de ses alli\u00e9s pour des missions de police de l\u2019air \u2013 la France y participe r\u00e9guli\u00e8rement avec ses Mirage 2000 et ses Rafale. A cela s\u2019ajoute depuis 2016 la pr\u00e9sence d\u2019un \u00ab\u00a0groupe de combat\u00a0\u00bb multinational otanien, sous commandement britannique, avec un contingent de 350 Fran\u00e7ais, bas\u00e9 \u00e0 Tapa, dans le nord. De quoi rassurer l\u2019alli\u00e9 estonien. Et dissuader l\u2019adversaire russe : s\u2019il veut avancer, il va devoir tuer des soldats de ces deux pays.<\/p>\n<p>Un alli\u00e9 am\u00e9ricain indispensable<\/p>\n<p class=\"lf-paragraph default-text heading-md-3 text--slim heading-4 line-height-2 line-height-md-1 \">Dans le Sud-Est, il devra aussi faire face \u00e0 des combattants am\u00e9ricains, install\u00e9s depuis janvier dans le flambant neuf \u00ab\u00a0camp Reedo\u00a0\u00bb, \u00e0 une vingtaine de kilom\u00e8tres du poste fronti\u00e8re de Luhamaa. \u00ab\u00a0Pour p\u00e9n\u00e9trer <a href=\"https:\/\/www.lexpress.fr\/economie\/high-tech\/margus-tsahkna-ministre-estonien-avec-la-russie-nous-avons-un-delai-de-trois-a-cinq-ans-ZGYFD6REKZE35NH2XH23TQBWZ4\/?auth=95787afdf6\" target=\"_self\" rel=\"nofollow noopener\" title=\"https:\/\/www.lexpress.fr\/economie\/high-tech\/margus-tsahkna-ministre-estonien-avec-la-russie-nous-avons-un-delai-de-trois-a-cinq-ans-ZGYFD6REKZE35NH2XH23TQBWZ4\/?auth=95787afdf6\">en Estonie,<\/a> il faut passer par la ville de Narva au nord, ou ici, dans le sud, sauf \u00e0 traverser en un certain endroit &#8211; \u00e9troit &#8211; le grand lac frontalier, lorsqu\u2019il est glac\u00e9 en hiver\u00a0\u00bb, d\u00e9taille le lieutenant-colonel Mike Hefti en montrant une carte du pays. Voil\u00e0 plusieurs mois que son unit\u00e9 du 7e r\u00e9giment de cavalerie s\u2019entra\u00eene au c\u00f4t\u00e9 des Estoniens. \u00ab\u00a0Nous sommes ici pour changer les calculs de l\u2019adversaire, le dissuader d\u2019une agression et respecter notre engagement de l\u2019article 5 de l\u2019Otan\u00a0\u00bb, pr\u00e9cise l\u2019officier am\u00e9ricain.<\/p>\n<p class=\"lf-paragraph default-text heading-md-3 text--slim heading-4 line-height-2 line-height-md-1  lf-text-container\">Les quelques mots de ce texte crucial pour la s\u00e9curit\u00e9 du continent sont le totem de survie de l\u2019Estonie. Il pr\u00e9voit qu\u2019une attaque contre un Etat otanien est consid\u00e9r\u00e9e comme une attaque contre tous. Et qu\u2019elle ne restera pas sans r\u00e9ponse : \u00ab\u00a0Chaque membre [\u2026] prendra les mesures qu\u2019il jugera n\u00e9cessaires pour venir en aide au pays attaqu\u00e9.\u00a0\u00bb Mais quelles mesures ? <a href=\"https:\/\/www.lexpress.fr\/monde\/europe\/apres-le-sommet-de-lotan-le-plus-dur-commence-pour-les-allies-des-etats-unis-GMA5REKHERFUZHOA3LJHZRNLRM\/\" target=\"_self\" rel=\"nofollow noopener\" title=\"https:\/\/www.lexpress.fr\/monde\/europe\/apres-le-sommet-de-lotan-le-plus-dur-commence-pour-les-allies-des-etats-unis-GMA5REKHERFUZHOA3LJHZRNLRM\/\">Le sommet de La Haye, fin juin, a rassur\u00e9 les alli\u00e9s sur l\u2019implication am\u00e9ricaine<\/a>. Pourfendeur du principe m\u00eame d\u2019alliance, Donald Trump avait, pr\u00e9c\u00e9demment, \u00e9mis des doutes sur le fait que les Etats-Unis r\u00e9pondraient pr\u00e9sents en cas d\u2019attaque d\u2019un partenaire. Il a finalement donn\u00e9 son accord \u00e0 un communiqu\u00e9 final rappelant \u00ab\u00a0l\u2019engagement sans faille en faveur de la d\u00e9fense collective\u00a0\u00bb.<\/p>\n<p>Je me souviens de l\u2019odeur des charniers de civils laiss\u00e9s par les Russes en 2022 Kaimo Kuusk<\/p>\n<p class=\"lf-paragraph default-text heading-md-3 text--slim heading-4 line-height-2 line-height-md-1  lf-text-container\">Un soulagement pour les pays Baltes, qui font tout pour plaire \u00e0 Washington. Le secr\u00e9taire \u00e0 la D\u00e9fense, <a href=\"https:\/\/www.lexpress.fr\/monde\/amerique\/ukraine-pete-hegseth-a-omis-dinformer-la-maison-blanche-de-larret-des-livraisons-darmes-DONWKNVPAFAWFIWVKXFKCKFX5Y\/\" target=\"_self\" rel=\"nofollow noopener\" title=\"https:\/\/www.lexpress.fr\/monde\/amerique\/ukraine-pete-hegseth-a-omis-dinformer-la-maison-blanche-de-larret-des-livraisons-darmes-DONWKNVPAFAWFIWVKXFKCKFX5Y\/\">Pete Hegseth,<\/a> les a qualifi\u00e9s, de m\u00eame que la Pologne, \u00ab\u00a0d\u2019alli\u00e9s mod\u00e8les\u00a0\u00bb, pour avoir pr\u00e9vu de d\u00e9penser 5 % de leur PIB dans la d\u00e9fense \u2013 comme l\u2019a exig\u00e9 Donald Trump. Cette hausse, accept\u00e9e par la majorit\u00e9 de la classe politique, doit permettre de renforcer les capacit\u00e9s de lutte antia\u00e9rienne et de gonfler les stocks de munitions, afin de ne pas se retrouver \u00e0 sec, et donc battu, avant que les renforts occidentaux n\u2019arrivent sur place. Avec un principe : agir sans retenue au premier pied de soldat russe pos\u00e9 sur le sol estonien. \u00ab\u00a0Je me souviens de l\u2019odeur des charniers de civils laiss\u00e9s par les Russes en 2022, quand j\u2019\u00e9tais ambassadeur en Ukraine, il faut \u00e0 tout prix les emp\u00eacher d\u2019entrer\u00a0\u00bb, insiste le secr\u00e9taire permanent du minist\u00e8re de la D\u00e9fense, Kaimo Kuusk.<\/p>\n<p class=\"lf-paragraph default-text heading-md-3 text--slim heading-4 line-height-2 line-height-md-1  lf-text-container\">Pour r\u00e9sister le plus longtemps possible, l\u2019Estonie s\u2019est aussi lanc\u00e9e dans un programme de construction de 600 bunkers frontaliers \u2013 la Lettonie et la Lituanie, d\u2019un commun accord, pr\u00e9voient de faire de m\u00eame. En juin, les autorit\u00e9s ont fait pleuvoir des bombes dessus pour tester leur r\u00e9sistance, avant de se lancer dans une production &#8211; il s\u2019agit de modules de b\u00e9ton \u00e0 assembler. Un officier estonien a confi\u00e9 \u00e0 L\u2019Express qu\u2019une trentaine de ces bunkers seraient install\u00e9s cette ann\u00e9e. D\u2019autres resteront en stock, pour un montage au dernier moment, si jamais la menace russe prenait une tournure plus dangereuse.<\/p>\n<p><img decoding=\"async\" src=\"https:\/\/www.europesays.com\/fr\/wp-content\/uploads\/2025\/08\/CTRPP35FNVEWJFFLX3WAFAYPP4.jpg\" class=\"image-with-legend__cover-img\" alt=\"L'Estonie installe une barri\u00e8re \u00e9lectronique sur toute sa fronti\u00e8re avec la Russie. Ici, sur un marais, dans le sud-est du pays, le 17 juin 2025.\" width=\"690\" height=\"686\" loading=\"lazy\"\/><\/p>\n<p class=\"image-with-legend__legend\">L&rsquo;Estonie installe une barri\u00e8re \u00e9lectronique sur toute sa fronti\u00e8re avec la Russie. Ici, sur un marais, dans le sud-est du pays, le 17 juin 2025.<\/p>\n<p class=\"image-with-legend__credits\"> \u00a9  \/ L&rsquo;Express\/Cl\u00e9ment Daniez<\/p>\n<p class=\"lf-paragraph default-text heading-md-3 text--slim heading-4 line-height-2 line-height-md-1 \">En attendant l\u2019\u00e9dification de cette ligne Maginot, les Estoniens continuent d\u2019\u00e9riger leur barri\u00e8re \u00e9lectronique le long de la ligne de d\u00e9marcation, m\u00ealant grillage, barbel\u00e9s et cam\u00e9ras de surveillance tous les 30 m\u00e8tres. Gr\u00e2ce \u00e0 un syst\u00e8me sur pilotis, elle se d\u00e9ploie jusque sur les nombreux mar\u00e9cages du sud-est du pays, o\u00f9 pullulent les moustiques. La fronti\u00e8re est parfois sinueuse.<b> <\/b>Il faut passer par des portions d\u2019asphalte se trouvant en Russie, dans un cas sur quelques dizaines de m\u00e8tres et dans l\u2019autre sur plusieurs centaines, pour rejoindre certains villages recul\u00e9s. La consigne est stricte : il est interdit de s\u2019y arr\u00eater avec son v\u00e9hicule. Dans quelques mois, de nouvelles routes mettront fin \u00e0 ce que les autorit\u00e9s consid\u00e8rent comme un risque s\u00e9curitaire &#8211; elles craignent des arrestations de citoyens estoniens.<\/p>\n<p class=\"lf-paragraph default-text heading-md-3 text--slim heading-4 line-height-2 line-height-md-1  lf-text-container\"><a href=\"https:\/\/www.lexpress.fr\/monde\/europe\/une-vraie-revolution-comment-les-drones-bouleversent-le-champ-de-bataille-3444F7M5OVHC7PAWJFUOM5APOE\/\" target=\"_self\" rel=\"nofollow noopener\" title=\"https:\/\/www.lexpress.fr\/monde\/europe\/une-vraie-revolution-comment-les-drones-bouleversent-le-champ-de-bataille-3444F7M5OVHC7PAWJFUOM5APOE\/\">Un \u00ab\u00a0mur de drones\u00a0\u00bb <\/a>doit \u00e9galement compl\u00e9ter la barri\u00e8re physique d\u2019ici \u00e0 2027. \u00ab\u00a0Ils permettront de mieux voir ce qui se passe de l\u2019autre c\u00f4t\u00e9 de la fronti\u00e8re et de d\u00e9tecter des vols de drones russes \u00e0 basse altitude\u00a0\u00bb, pr\u00e9cise un garde-fronti\u00e8re souhaitant rester anonyme, en exposant son mat\u00e9riel, dont un large fusil \u00e9lectromagn\u00e9tique de brouillage. \u00ab\u00a0A terme, chaque patrouille sera \u00e9quip\u00e9e de petits drones, tandis que notre \u00e9quipe d\u2019intervention rapide pilotera un mod\u00e8le plus grand \u00e0 voilure fixe\u00a0\u00bb, pr\u00e9cise-t-il. La menace est encore hypoth\u00e9tique : jusqu\u2019\u00e0 pr\u00e9sent, ce mat\u00e9riel a essentiellement servi \u00e0 retrouver des promeneurs perdus en for\u00eat.<\/p>\n<p>Narva, le point faible de l\u2019Estonie<\/p>\n<p class=\"lf-paragraph default-text heading-md-3 text--slim heading-4 line-height-2 line-height-md-1  lf-text-container\">En r\u00e9alit\u00e9, l\u2019\u00e9preuve de v\u00e9rit\u00e9 pourrait survenir ailleurs sur la fronti\u00e8re. Pour les strat\u00e8ges de l\u2019Otan comme pour les autorit\u00e9s estoniennes, la troisi\u00e8me ville du pays, Narva, reste la zone la plus vuln\u00e9rable et celle qu\u2019ils se pr\u00e9parent \u00e0 d\u00e9fendre farouchement. Au printemps, une compagnie fran\u00e7aise s\u2019y est d\u00e9ploy\u00e9e le temps d\u2019un exercice. Les Russes ne n\u00e9gligent pas cet emplacement strat\u00e9gique : en mars 2024, leurs gardes-fronti\u00e8res ont retir\u00e9 les bou\u00e9es marquant la ligne de d\u00e9marcation sur les eaux du fleuve Narva. Une action qui a suscit\u00e9 des protestations des dirigeants europ\u00e9ens et otaniens.<\/p>\n<p><img decoding=\"async\" src=\"https:\/\/www.europesays.com\/fr\/wp-content\/uploads\/2025\/08\/OCRXBKOQTZCHBKHD27JOOWRGFM.jpg\" class=\"image-with-legend__cover-img\" alt=\"Le fort Hermann avec son donjon blanc, fait face \u00e0 la forteresse russe d'Ivangorod, s\u00e9par\u00e9s par le fleuve Narva.\" width=\"690\" height=\"686\" loading=\"lazy\"\/><\/p>\n<p class=\"image-with-legend__legend\">Le fort Hermann avec son donjon blanc, fait face \u00e0 la forteresse russe d&rsquo;Ivangorod, s\u00e9par\u00e9s par le fleuve Narva.<\/p>\n<p class=\"image-with-legend__credits\"> \u00a9  \/ L&rsquo;Express\/Cl\u00e9ment Daniez<\/p>\n<p class=\"lf-paragraph default-text heading-md-3 text--slim heading-4 line-height-2 line-height-md-1  lf-text-container\">Comptant 50 000 habitants, presque moiti\u00e9 moins qu\u2019\u00e0 la dissolution de l\u2019URSS, Narva se situe \u00e0 la pointe nord-est de l\u2019Estonie, plus proche de Saint-P\u00e9tersbourg que de Tallinn. Devenu un mus\u00e9e, son monument le plus ancien, un grand donjon moyen\u00e2geux entour\u00e9 de murs \u00e9pais, le ch\u00e2teau Hermann, monte la garde depuis des si\u00e8cles face \u00e0 la forteresse russe d\u2019Ivangorod. Leur opposition continue encore. Mais la bataille se joue dor\u00e9navant avec les armes de l\u2019influence et non plus les boulets des canons. Depuis l\u2019invasion de 2022, chaque 9 mai, pour f\u00eater la capitulation nazie, la Russie dresse sur sa rive une sc\u00e8ne tourn\u00e9e vers l\u2019Estonie, o\u00f9 sont entonn\u00e9s des chants patriotiques au haut-parleur. En guise de r\u00e9ponse, une grande banderole d\u00e9non\u00e7ant <a href=\"https:\/\/www.lexpress.fr\/monde\/europe\/nathaniel-raymond-yale-la-deportation-denfants-ukrainiens-en-russie-est-la-plus-importante-depuis-U3V3XY4X2FFEVBYR3N32QRGARI\/\" target=\"_self\" rel=\"nofollow noopener\" title=\"https:\/\/www.lexpress.fr\/monde\/europe\/nathaniel-raymond-yale-la-deportation-denfants-ukrainiens-en-russie-est-la-plus-importante-depuis-U3V3XY4X2FFEVBYR3N32QRGARI\/\">les crimes de Poutine<\/a> est affich\u00e9e sur la muraille estonienne. La derni\u00e8re m\u00ealait le visage du pr\u00e9sident russe \u00e0 celui de Hitler, avec comme message \u00ab\u00a0Putler, criminel de guerre\u00a0\u00bb.<\/p>\n<p class=\"lf-paragraph default-text heading-md-3 text--slim heading-4 line-height-2 line-height-md-1  lf-text-container\">A quelques dizaines de m\u00e8tres, un pont relie les deux cit\u00e9s. C\u2019est aujourd\u2019hui le principal point d\u2019entr\u00e9e europ\u00e9en pour la Russie. Barr\u00e9 par quatre rang\u00e9es de blocs de b\u00e9ton, il n\u2019est franchissable qu\u2019\u00e0 pied. Pour passer en v\u00e9hicule, il faut aller jusqu\u2019\u00e0 Luhamaa, \u00e0 300 kilom\u00e8tres de l\u00e0, o\u00f9 les camions doivent s\u2019enregistrer plusieurs semaines \u00e0 l\u2019avance pour un passage pr\u00e9c\u00e9d\u00e9 d\u2019une inspection totale de leur marchandise.<\/p>\n<p>J\u2019ai des proches aussi en Ukraine, qui ont radicalement chang\u00e9 leur vision des choses depuis 2014, lav\u00e9s du cerveau\u00a0\u00bbOleg, 44 ans <\/p>\n<p class=\"lf-paragraph default-text heading-md-3 text--slim heading-4 line-height-2 line-height-md-1  lf-text-container\">L\u2019invasion de l\u2019Ukraine a boulevers\u00e9 les habitants de Narva, habitu\u00e9s \u00e0 traverser le fleuve pour faire leurs courses ou voir des proches. Les quelques centaines de personnes qui, chaque jour, font encore tamponner leur passeport sont pour la plupart des \u00e9trangers, venus en avion par Tallinn ou en bateau d\u2019Helsinki \u2013 la Finlande garde ses fronti\u00e8res ferm\u00e9es depuis l\u2019afflux de migrants orchestr\u00e9 par Moscou en 2023.<\/p>\n<p><img decoding=\"async\" src=\"https:\/\/www.europesays.com\/fr\/wp-content\/uploads\/2025\/08\/W3R45DOVIRHITFHNFOCII3QPQM.jpg\" class=\"image-with-legend__cover-img\" alt=\"Plusieurs centaines de personnes attendent de pouvoir passer la fronti\u00e8re entre l'Estonie et la Russie, \u00e0 Narva, le 19 juin 2025.\" width=\"690\" height=\"686\" loading=\"lazy\"\/><\/p>\n<p class=\"image-with-legend__legend\">Plusieurs centaines de personnes attendent de pouvoir passer la fronti\u00e8re entre l&rsquo;Estonie et la Russie, \u00e0 Narva, le 19 juin 2025.<\/p>\n<p class=\"image-with-legend__credits\"> \u00a9  \/ L&rsquo;Express\/Cl\u00e9ment Daniez<\/p>\n<p class=\"lf-paragraph default-text heading-md-3 text--slim heading-4 line-height-2 line-height-md-1  lf-text-container\">Aujourd\u2019hui, on croise justement un pasteur luth\u00e9rien finlandais rejoignant sa paroisse de Novossibirsk : \u00ab\u00a0C\u2019est moins cher par ici qu\u2019un vol par la Turquie.\u00a0\u00bb Mais aussi un musicien russe d\u2019un orchestre symphonique d\u2019Helsinki, qui ne rend plus visite \u00e0 sa m\u00e8re, \u00e0 Saint-P\u00e9tersbourg, qu\u2019une fois par mois. \u00ab\u00a0On attend cinq \u00e0 huit heures ici, parfois treize\u00a0\u00bb, explique Oleg, 44 ans. A l\u2019\u00e9vocation de la guerre, son propos prend une tournure prorusse : \u00ab\u00a0J\u2019ai des proches aussi en Ukraine, qui ont radicalement chang\u00e9 leur vision des choses depuis 2014, lav\u00e9s du cerveau\u00a0\u00bb, dit-il d\u2019une voix sombre. Un avis que ne partage pas Yuri, un Russe de 36 ans \u00e9tabli \u00e0 Narva, qui r\u00eave d\u2019une installation <a href=\"https:\/\/www.lexpress.fr\/monde\/europe\/espagne-comment-une-agression-a-ete-transformee-en-arme-de-desinformation-anti-immigration-VWFCF7CK25CBTFWLKY7I3CEABM\/\" target=\"_self\" rel=\"nofollow noopener\" title=\"https:\/\/www.lexpress.fr\/monde\/europe\/espagne-comment-une-agression-a-ete-transformee-en-arme-de-desinformation-anti-immigration-VWFCF7CK25CBTFWLKY7I3CEABM\/\">en Espagne : <\/a>\u00ab\u00a0L\u2019atmosph\u00e8re est tr\u00e8s dure en Russie, il y r\u00e8gne la peur.\u00a0\u00bb<\/p>\n<p>Une fronti\u00e8re int\u00e9rieure<\/p>\n<p class=\"lf-paragraph default-text heading-md-3 text--slim heading-4 line-height-2 line-height-md-1 \">Les opinions sont tout aussi partag\u00e9es parmi les habitants de Narva. \u00ab\u00a0Les plus de 50 ans consid\u00e8rent que la Russie a toujours une bonne raison d\u2019agir [quand elle envahit un voisin], certains sont m\u00eame radicalement en faveur <a href=\"https:\/\/www.lexpress.fr\/idees-et-debats\/peter-rough-ex-conseiller-de-bush-des-decisions-vraiment-douloureuses-se-profilent-pour-poutine-A6STI55EUZEYVC4MJT5T2KJ3RQ\/\" target=\"_self\" rel=\"nofollow noopener\" title=\"https:\/\/www.lexpress.fr\/idees-et-debats\/peter-rough-ex-conseiller-de-bush-des-decisions-vraiment-douloureuses-se-profilent-pour-poutine-A6STI55EUZEYVC4MJT5T2KJ3RQ\/\">de Poutine,<\/a> explique Elina Dubova, une fonctionnaire n\u00e9e ici. Les jeunes sont plus critiques, discutent plus, s\u2019informent diff\u00e9remment.\u00a0\u00bb Ici, la population est russophone \u00e0 plus de 90 % \u2013 trois fois plus que dans le reste du pays. Une cons\u00e9quence de la Seconde Guerre mondiale. Lorsque l\u2019Estonie a \u00e9t\u00e9 absorb\u00e9e par l\u2019URSS, les habitants de Narva n\u2019ont pas eu le droit de revenir dans leur ville, ras\u00e9e presque enti\u00e8rement par les bombardements sovi\u00e9tiques. Ils ont \u00e9t\u00e9 remplac\u00e9s par des travailleurs venus de Russie, d\u2019Ukraine et d\u2019ailleurs, et dont les habitants actuels sont les descendants.<\/p>\n<p class=\"lf-paragraph default-text heading-md-3 text--slim heading-4 line-height-2 line-height-md-1  lf-text-container\">Pour les autorit\u00e9s estoniennes, il est imp\u00e9ratif d\u2019assimiler cette population jug\u00e9e trop perm\u00e9able \u00e0 l\u2019influence russe. Elles n\u2019oublient pas que <a href=\"https:\/\/www.lexpress.fr\/idees-et-debats\/keir-giles-le-compte-a-rebours-est-lance-avant-que-vladimir-poutine-ne-frappe-ailleurs-en-europe-PYAWTS2ZNJC7TJKLUVNN4VMKEQ\/\" target=\"_self\" rel=\"nofollow noopener\" title=\"https:\/\/www.lexpress.fr\/idees-et-debats\/keir-giles-le-compte-a-rebours-est-lance-avant-que-vladimir-poutine-ne-frappe-ailleurs-en-europe-PYAWTS2ZNJC7TJKLUVNN4VMKEQ\/\">Vladimir Poutine<\/a> a pris comme pr\u00e9texte la d\u00e9fense des droits des russophones pour justifier son intervention en Ukraine. Quelques mois apr\u00e8s l\u2019invasion, le gouvernement a donc retir\u00e9 tous les monuments glorifiant la p\u00e9riode sovi\u00e9tique, dont un char T-34 et une statue de L\u00e9nine. Il a aussi act\u00e9 la bascule de tout le syst\u00e8me \u00e9ducatif en estonien d\u2019ici \u00e0 2030, alors que subsistaient encore des \u00e9coles enseignant dans les deux langues. \u00ab\u00a0Apr\u00e8s des ann\u00e9es d\u2019h\u00e9sitation, les partis politiques se sont tous ralli\u00e9s \u00e0 cette r\u00e9forme\u00a0\u00bb, explique le conseiller principal d\u2019\u00e9ducation d\u2019un lyc\u00e9e de Narva, Rene Abramson.<\/p>\n<p class=\"lf-paragraph default-text heading-md-3 text--slim heading-4 line-height-2 line-height-md-1  lf-paragraph--endpicto lf-text-container\">Mais le chemin pour r\u00e9duire l\u2019influence <a href=\"https:\/\/www.lexpress.fr\/monde\/europe\/exclusif-vladislav-sourkov-le-vrai-mage-du-kremlin-la-russie-setendra-dans-toutes-les-directions-PU4FYE4TZBET7GJIXHXIEPJN7A\/\" target=\"_self\" rel=\"nofollow noopener\" title=\"https:\/\/www.lexpress.fr\/monde\/europe\/exclusif-vladislav-sourkov-le-vrai-mage-du-kremlin-la-russie-setendra-dans-toutes-les-directions-PU4FYE4TZBET7GJIXHXIEPJN7A\/\">du Kremlin<\/a> est encore long, estime Maria Jufereva, d\u00e9put\u00e9e aux racines russes. \u00ab\u00a0Je ne pense pas que la<b> <\/b>Russie va nous attaquer avec des drones, mais beaucoup de russophones d\u2019Estonie restent sous l\u2019influence de la propagande du Kremlin\u00a0\u00bb, s\u2019inqui\u00e8te cette \u00e9lue de la circonscription de Lasnam\u00e4e, un quartier de Tallinn o\u00f9 vit un tiers des russophones du pays. Un tribunal a encore r\u00e9cemment condamn\u00e9 une journaliste russo-estonienne, Svetlana Burceva, \u00e0 six ans de prison pour sa collaboration avec un membre du FSB. Pour avoir d\u00e9nonc\u00e9 l\u2019action de ces influenceurs, la parlementaire a \u00e9t\u00e9 elle-m\u00eame la cible de trolls poutiniens. \u00ab\u00a0Ils avaient \u00e9t\u00e9 cr\u00e9\u00e9s pour me nuire, car la cinquantaine de comptes Instagram que j\u2019ai bloqu\u00e9s avaient disparu le lendemain, explique-t-elle. La Russie m\u00e8ne une grande op\u00e9ration contre notre d\u00e9mocratie sur les m\u00e9dias sociaux.\u00a0\u00bb En Estonie, la fronti\u00e8re \u00e0 d\u00e9fendre se trouve aussi dans les t\u00eates.<\/p>\n<p>.<\/p>\n","protected":false},"excerpt":{"rendered":"Sous un crachin intermittent, quatre voitures attendent patiemment que le feu vire au vert. Leurs occupants ont pass\u00e9&hellip;\n","protected":false},"author":2,"featured_media":309745,"comment_status":"","ping_status":"","sticky":false,"template":"","format":"standard","meta":{"footnotes":""},"categories":[1591],"tags":[11,674,1887,74,12,1885,1886,132],"class_list":{"0":"post-309744","1":"post","2":"type-post","3":"status-publish","4":"format-standard","5":"has-post-thumbnail","7":"category-russie","8":"tag-actualites","9":"tag-europe","10":"tag-federation-de-russie","11":"tag-monde","12":"tag-news","13":"tag-russia","14":"tag-russian-federation","15":"tag-russie"},"share_on_mastodon":{"url":"https:\/\/pubeurope.com\/@fr\/115005397743797728","error":""},"_links":{"self":[{"href":"https:\/\/www.europesays.com\/fr\/wp-json\/wp\/v2\/posts\/309744","targetHints":{"allow":["GET"]}}],"collection":[{"href":"https:\/\/www.europesays.com\/fr\/wp-json\/wp\/v2\/posts"}],"about":[{"href":"https:\/\/www.europesays.com\/fr\/wp-json\/wp\/v2\/types\/post"}],"author":[{"embeddable":true,"href":"https:\/\/www.europesays.com\/fr\/wp-json\/wp\/v2\/users\/2"}],"replies":[{"embeddable":true,"href":"https:\/\/www.europesays.com\/fr\/wp-json\/wp\/v2\/comments?post=309744"}],"version-history":[{"count":0,"href":"https:\/\/www.europesays.com\/fr\/wp-json\/wp\/v2\/posts\/309744\/revisions"}],"wp:featuredmedia":[{"embeddable":true,"href":"https:\/\/www.europesays.com\/fr\/wp-json\/wp\/v2\/media\/309745"}],"wp:attachment":[{"href":"https:\/\/www.europesays.com\/fr\/wp-json\/wp\/v2\/media?parent=309744"}],"wp:term":[{"taxonomy":"category","embeddable":true,"href":"https:\/\/www.europesays.com\/fr\/wp-json\/wp\/v2\/categories?post=309744"},{"taxonomy":"post_tag","embeddable":true,"href":"https:\/\/www.europesays.com\/fr\/wp-json\/wp\/v2\/tags?post=309744"}],"curies":[{"name":"wp","href":"https:\/\/api.w.org\/{rel}","templated":true}]}}