{"id":309762,"date":"2025-08-10T16:32:14","date_gmt":"2025-08-10T16:32:14","guid":{"rendered":"https:\/\/www.europesays.com\/fr\/309762\/"},"modified":"2025-08-10T16:32:14","modified_gmt":"2025-08-10T16:32:14","slug":"alexandre-ringot-champion-de-france-de-tir-a-larc-en-campagne","status":"publish","type":"post","link":"https:\/\/www.europesays.com\/fr\/309762\/","title":{"rendered":"Alexandre Ringot champion de France de tir \u00e0 l\u2019arc en campagne"},"content":{"rendered":"<p>Alexandre Ringot, 14\u00a0ans, est devenu le dimanche 10\u00a0ao\u00fbt 2025 \u00e0 Saint-Myon (Auvergne), champion de France de tir \u00e0 l\u2019arc en campagne, dans sa cat\u00e9gorie d\u2019\u00e2ge (U15), en arc classique. D\u00e9j\u00e0 en t\u00eate samedi soir apr\u00e8s le premier parcours de plusieurs kilom\u00e8tres sur lequel \u00e9taient dispos\u00e9es 24 cibles (12 \u00e0 distances connues, autant \u00e0 distances inconnues) avec un score de 336 points, il a c&#8230; <\/p>\n<p>    Cet article a \u00e9t\u00e9 tronqu\u00e9. Abonnez-vous pour lire l&rsquo;article complet sur notre site.<\/p>\n<p style=\"margin: 0 !important; padding: 0 !important; font-size: 12px !important;\">Cet article a \u00e9t\u00e9 tronqu\u00e9. Abonnez-vous pour lire l&rsquo;article complet.<\/p>\n<p>    <a href=\"https:\/\/www.lanouvellerepublique.fr\/abonnements\" style=\"display: inline-block; margin-top: 5px !important; padding: 6px 12px !important; background: #cb1c27; color: white; text-decoration: none; border-radius: 4px; font-size: 12px !important;\" target=\"_blank\" rel=\"noopener\"><br \/>\n      S&rsquo;abonner<br \/>\n    <\/a><\/p>\n","protected":false},"excerpt":{"rendered":"Alexandre Ringot, 14\u00a0ans, est devenu le dimanche 10\u00a0ao\u00fbt 2025 \u00e0 Saint-Myon (Auvergne), champion de France de tir \u00e0&hellip;\n","protected":false},"author":2,"featured_media":309763,"comment_status":"","ping_status":"","sticky":false,"template":"","format":"standard","meta":{"footnotes":""},"categories":[4],"tags":[11,1674,1011,27,1393,4387,12,25,2665],"class_list":{"0":"post-309762","1":"post","2":"type-post","3":"status-publish","4":"format-standard","5":"has-post-thumbnail","7":"category-france","8":"tag-actualites","9":"tag-communes","10":"tag-fr","11":"tag-france","12":"tag-loisirs","13":"tag-loisirs-sportifs","14":"tag-news","15":"tag-republique-francaise","16":"tag-thouars"},"share_on_mastodon":{"url":"https:\/\/pubeurope.com\/@fr\/115005432954612688","error":""},"_links":{"self":[{"href":"https:\/\/www.europesays.com\/fr\/wp-json\/wp\/v2\/posts\/309762","targetHints":{"allow":["GET"]}}],"collection":[{"href":"https:\/\/www.europesays.com\/fr\/wp-json\/wp\/v2\/posts"}],"about":[{"href":"https:\/\/www.europesays.com\/fr\/wp-json\/wp\/v2\/types\/post"}],"author":[{"embeddable":true,"href":"https:\/\/www.europesays.com\/fr\/wp-json\/wp\/v2\/users\/2"}],"replies":[{"embeddable":true,"href":"https:\/\/www.europesays.com\/fr\/wp-json\/wp\/v2\/comments?post=309762"}],"version-history":[{"count":0,"href":"https:\/\/www.europesays.com\/fr\/wp-json\/wp\/v2\/posts\/309762\/revisions"}],"wp:featuredmedia":[{"embeddable":true,"href":"https:\/\/www.europesays.com\/fr\/wp-json\/wp\/v2\/media\/309763"}],"wp:attachment":[{"href":"https:\/\/www.europesays.com\/fr\/wp-json\/wp\/v2\/media?parent=309762"}],"wp:term":[{"taxonomy":"category","embeddable":true,"href":"https:\/\/www.europesays.com\/fr\/wp-json\/wp\/v2\/categories?post=309762"},{"taxonomy":"post_tag","embeddable":true,"href":"https:\/\/www.europesays.com\/fr\/wp-json\/wp\/v2\/tags?post=309762"}],"curies":[{"name":"wp","href":"https:\/\/api.w.org\/{rel}","templated":true}]}}