{"id":309771,"date":"2025-08-10T16:40:11","date_gmt":"2025-08-10T16:40:11","guid":{"rendered":"https:\/\/www.europesays.com\/fr\/309771\/"},"modified":"2025-08-10T16:40:11","modified_gmt":"2025-08-10T16:40:11","slug":"une-jeune-spectatrice-heurtee-par-une-moto","status":"publish","type":"post","link":"https:\/\/www.europesays.com\/fr\/309771\/","title":{"rendered":"Une jeune spectatrice heurt\u00e9e par une moto"},"content":{"rendered":"<p class=\"date\">\n                                                            Mathieu Warnier, Media365 : publi\u00e9 le dimanche 10 ao\u00fbt 2025 \u00e0 18h00\n                                                    <\/p>\n<p>La 8eme \u00e9tape du Tour de Guadeloupe, disput\u00e9e ce samedi, a \u00e9t\u00e9 marqu\u00e9e par un accident impliquant une moto suiveuse. Cette derni\u00e8re a heurt\u00e9 une jeune spectatrice pr\u00e9sente sur le bord de la route, qui a d\u00fb \u00eatre hospitalis\u00e9e pour des blessures l\u00e9g\u00e8res.<\/p>\n<p>L&rsquo;\u00e9dition 2025 du Tour de Guadeloupe continue de d\u00e9frayer la chronique. Apr\u00e8s avoir vu des coureurs \u00eatre exclus pour tricherie, <a href=\"https:\/\/sports.orange.fr\/cyclisme\/article\/tour-de-guadeloupe-deux-coureurs-exclus-apres-avoir-ete-controles-positifs-CNT000002k7Nb3.html\" rel=\"nofollow noopener\" target=\"_blank\">deux autres mis hors-course apr\u00e8s un contr\u00f4le antidopage positif<\/a>, un Fran\u00e7ais \u00eatre laiss\u00e9 dans la pampa par son \u00e9quipe en pleine course ou encore la caravane publicitaire provoquer un accident, la course organis\u00e9e sur les routes du d\u00e9partement d&rsquo;Outre-Mer a v\u00e9cu un nouvel \u00e9pisode peu glorieux ce samedi \u00e0 l&rsquo;occasion de la 8eme \u00e9tape. En marge de la victoire en solitaire du Colombien Andr\u00e9s Camilo Ardila dans les rues de Baillif au bout de 142 kilom\u00e8tres, un accident a impliqu\u00e9 une moto suivant la course et une jeune spectatrice pr\u00e9sente au bord de la route dans les cinq derniers kilom\u00e8tres du parcours, o\u00f9 une foule venue en nombre \u00e9tait mass\u00e9e. Les premiers t\u00e9moignages recueillis par le site France-Antilles \u00e9voquent la fuite du conducteur de la moto impliqu\u00e9e dans l&rsquo;accrochage.<\/p>\n<p>La victime l\u00e9g\u00e8rement touch\u00e9e<\/p>\n<p>Les services de secours sont tr\u00e8s rapidement intervenus pour prendre en charge la fillette de dix ans. Cette derni\u00e8re \u00e9tait bien consciente apr\u00e8s cet incident mais souffrait d&rsquo;un h\u00e9matome \u00e0 l&rsquo;\u0153il droit auxquelles s&rsquo;ajoutent des plaies au niveau des membres inf\u00e9rieurs. Elle a tr\u00e8s rapidement \u00e9t\u00e9 transport\u00e9e vers l&rsquo;h\u00f4pital de Basse-Terre afin d&rsquo;y passer des examens de contr\u00f4le qui se sont montr\u00e9s rassurants avec son \u00e9tat de sant\u00e9 jug\u00e9 comme \u00ab\u00a0l\u00e9ger\u00a0\u00bb par les m\u00e9decins. <a href=\"https:\/\/sports.orange.fr\/cyclisme\/article\/tour-de-guadeloupe-la-caravane-publicitaire-provoque-un-accident-exclu-CNT000002k7DYM.html\" rel=\"nofollow noopener\" target=\"_blank\">La recrudescence des incidents depuis le d\u00e9but de l&rsquo;\u00e9preuve<\/a> n&rsquo;ont pas incit\u00e9 les organisateurs \u00e0 y mettre un terme pr\u00e9matur\u00e9, avec la neuvi\u00e8me \u00e9tape qui se d\u00e9roulera bien ce dimanche. Interrog\u00e9 par RMC Sport, le directeur du comit\u00e9 d&rsquo;organisation Fr\u00e9d\u00e9ric Th\u00e9obald a confi\u00e9 ne pas vouloir \u00ab\u00a0commenter toutes les choses n\u00e9gatives qu&rsquo;il y a sur le Tour\u00a0\u00bb, ajoutant qu&rsquo;il y a \u00ab\u00a0des choses positives, il y a de belles \u00e9tapes, on valorise l&rsquo;\u00eele et on tient compte de toutes ces choses pour le futur\u00a0\u00bb.<\/p>\n","protected":false},"excerpt":{"rendered":"Mathieu Warnier, Media365 : publi\u00e9 le dimanche 10 ao\u00fbt 2025 \u00e0 18h00 La 8eme \u00e9tape du Tour de&hellip;\n","protected":false},"author":2,"featured_media":309772,"comment_status":"","ping_status":"","sticky":false,"template":"","format":"standard","meta":{"footnotes":""},"categories":[1411],"tags":[1154,207,1011,27,60],"class_list":{"0":"post-309771","1":"post","2":"type-post","3":"status-publish","4":"format-standard","5":"has-post-thumbnail","7":"category-cyclisme","8":"tag-cycling","9":"tag-cyclisme","10":"tag-fr","11":"tag-france","12":"tag-sports"},"share_on_mastodon":{"url":"https:\/\/pubeurope.com\/@fr\/115005464500195173","error":""},"_links":{"self":[{"href":"https:\/\/www.europesays.com\/fr\/wp-json\/wp\/v2\/posts\/309771","targetHints":{"allow":["GET"]}}],"collection":[{"href":"https:\/\/www.europesays.com\/fr\/wp-json\/wp\/v2\/posts"}],"about":[{"href":"https:\/\/www.europesays.com\/fr\/wp-json\/wp\/v2\/types\/post"}],"author":[{"embeddable":true,"href":"https:\/\/www.europesays.com\/fr\/wp-json\/wp\/v2\/users\/2"}],"replies":[{"embeddable":true,"href":"https:\/\/www.europesays.com\/fr\/wp-json\/wp\/v2\/comments?post=309771"}],"version-history":[{"count":0,"href":"https:\/\/www.europesays.com\/fr\/wp-json\/wp\/v2\/posts\/309771\/revisions"}],"wp:featuredmedia":[{"embeddable":true,"href":"https:\/\/www.europesays.com\/fr\/wp-json\/wp\/v2\/media\/309772"}],"wp:attachment":[{"href":"https:\/\/www.europesays.com\/fr\/wp-json\/wp\/v2\/media?parent=309771"}],"wp:term":[{"taxonomy":"category","embeddable":true,"href":"https:\/\/www.europesays.com\/fr\/wp-json\/wp\/v2\/categories?post=309771"},{"taxonomy":"post_tag","embeddable":true,"href":"https:\/\/www.europesays.com\/fr\/wp-json\/wp\/v2\/tags?post=309771"}],"curies":[{"name":"wp","href":"https:\/\/api.w.org\/{rel}","templated":true}]}}