{"id":309777,"date":"2025-08-10T16:43:09","date_gmt":"2025-08-10T16:43:09","guid":{"rendered":"https:\/\/www.europesays.com\/fr\/309777\/"},"modified":"2025-08-10T16:43:09","modified_gmt":"2025-08-10T16:43:09","slug":"karine-le-marchand-et-son-domaine-des-belles-ames-video","status":"publish","type":"post","link":"https:\/\/www.europesays.com\/fr\/309777\/","title":{"rendered":"Karine Le Marchand et son Domaine des belles \u00e2mes (VIDEO)"},"content":{"rendered":"\n<p><a href=\"https:\/\/www.lejournaldelamaison.fr\/le-journal-de-la-maison\/reportages-maisons\/appartements\/karine-le-marchand-jai-trouve-mon-bonheur-elle-achete-et-renove-deux-chambres-de-bonne-a-paris-et-en-fait-un-studio-bluffant-photos-511391.html\" rel=\"nofollow noopener\" target=\"_blank\">Karine Le Marchand<\/a> r\u00e9v\u00e8le une facette plus intime en partageant son projet \u00e9cologique, <strong>le Domaine des belles \u00e2mes,<\/strong> \u00e0 Aix-en-Provence. Ce lieu unique m\u00eale <strong>respect de la nature et bien-\u00eatre<\/strong>, invitant \u00e0 la reconnexion et \u00e0 la douceur. L\u2019animatrice s\u2019est investie personnellement pour cr\u00e9er un espace o\u00f9 chacun peut ralentir et se recentrer. Cette d\u00e9marche incarne ses valeurs profondes, <strong>entre \u00e9cologie et humanit\u00e9<\/strong>.<\/p>\n<p>    Une r\u00e9novation pens\u00e9e avec soin, dans le respect de la nature <\/p>\n<p><strong>\u00c0 partir de 2021<\/strong>, Karine Le Marchand a commenc\u00e9 \u00e0 transformer <a href=\"https:\/\/www.lejournaldelamaison.fr\/le-journal-de-la-maison\/reportages-maisons\/maisons-reportages-maisons\/karine-le-marchand-visite-en-images-de-son-mas-provencal-renove-avec-cuisine-retro-table-en-bois-brule-et-facades-en-planches-a-fromage-511425.html\" rel=\"nofollow noopener\" target=\"_blank\">un ancien mas proven\u00e7al<\/a> en un havre de paix. Ainsi, elle n\u2019a pas seulement r\u00e9nov\u00e9 la b\u00e2tisse, mais a pr\u00e9serv\u00e9 son \u00e2me et son histoire en adoptant <strong>une d\u00e9marche \u00e9coresponsable<\/strong>. Chaque d\u00e9tail du Domaine des belles \u00e2mes limite la consommation d\u2019\u00e9nergie et d\u2019eau, <strong>sans sacrifier le confort ni l\u00a0\u00bb\u00e9l\u00e9gance<\/strong>.<\/p>\n<p>Pour ce faire, elle s\u2019est entour\u00e9e d\u2019artisans locaux, d\u2019agriculteurs et de sp\u00e9cialistes passionn\u00e9s, partageant avec eux un m\u00eame engagement sinc\u00e8re pour la durabilit\u00e9 et le respect des ressources. <strong>Ce projet d\u2019\u00a0\u00bb\u00e9co-chic\u00a0\u00bb<\/strong> donne vie \u00e0 <a href=\"https:\/\/www.lejournaldelamaison.fr\/le-journal-de-la-maison\/reportages-maisons\/maisons-campagne\/harry-roselmack-jentends-chant-oiseaux-maison-pleine-nature-quelques-km-paris-prepare-tomates-farcies-enfants-516649.html\" rel=\"nofollow noopener\" target=\"_blank\">un espace unique<\/a> o\u00f9 <strong>le pass\u00e9 et la nature<\/strong> cohabitent harmonieusement.<\/p>\n<p>    Karine Le Marchand : un lieu pour ralentir, se reconnecter et grandir <\/p>\n<p>Le Domaine des belles \u00e2mes offre <a href=\"https:\/\/www.lejournaldelamaison.fr\/le-journal-de-la-maison\/decoration-par-style\/grands-hotels\/hotel-chocolat-decouvrez-joyau-rationalisme-mediterraneen-majorque-resiste-epreuve-temps-516625.html\" rel=\"nofollow noopener\" target=\"_blank\">bien plus qu\u2019un simple espace<\/a>, c\u2019est un centre de retraites <strong>d\u00e9di\u00e9 au bien-\u00eatre<\/strong> o\u00f9 les visiteurs viennent chercher calme, inspiration et ressourcement. Inspir\u00e9es de la m\u00e9thode @bellesames, con\u00e7ue par elle-m\u00eame depuis plusieurs ann\u00e9es, ces rencontres proposent un travail sur soi en trois phases : <strong>pass\u00e9, pr\u00e9sent et futur<\/strong>. Yoga, sonoth\u00e9rapie, stages de d\u00e9veloppement personnel et \u00e9changes sinc\u00e8res <strong>rythment ces s\u00e9jours<\/strong> empreints d\u2019authenticit\u00e9.<\/p>\n<p><strong>Des artistes et personnalit\u00e9s<\/strong> comme Mathilda May ou Gad Elmaleh ont d\u00e9j\u00e0 partag\u00e9 ces instants pr\u00e9cieux avec les participants. Karine Le Marchand, loin de son r\u00f4le d\u2019animatrice t\u00e9l\u00e9, se r\u00e9v\u00e8le ici comme <strong>une h\u00f4te chaleureuse<\/strong>. \u00c0 l\u2019\u00e9coute, qui accompagne chacun dans ce voyage int\u00e9rieur.<\/p>\n<blockquote class=\"instagram-media \" style=\"background: #ffffff;border: 0;margin: 1px;width: 100%;padding: 0;max-width: 500px;\" data-instgrm-permalink=\"https:\/\/www.instagram.com\/reel\/DHLc89DI694\/?utm_source=ig_web_copy_link\" data-instgrm-version=\"14\"\/><p>    Un domaine vivant entre tradition et innovation <\/p>\n<p>Le Domaine des belles \u00e2mes n\u2019est pas fig\u00e9 dans le temps, mais <strong>en constante \u00e9volution<\/strong>. Karine Le Marchand a voulu m\u00ealer avec justesse savoir-faire ancien et techniques modernes pour cr\u00e9er <a href=\"https:\/\/www.lejournaldelamaison.fr\/le-journal-de-la-maison\/reportages-maisons\/maisons-bord-de-mer\/jacques-brel-roquebrune-cap-martin-villa-amour-interdit-sylvie-rivet-508988.html\" rel=\"nofollow noopener\" target=\"_blank\">un v\u00e9ritable lieu de vie<\/a>, empreint d\u2019histoire et d\u2019\u00e2me. Le recyclage, les mat\u00e9riaux durables et l\u2019autonomie \u00e9nerg\u00e9tique <strong>font partie int\u00e9grante<\/strong> de ce projet de r\u00e9novation et d\u2019am\u00e9nagement.<\/p>\n<p>Cette harmonie entre traditions et innovations cr\u00e9e <strong>un \u00e9quilibre rare<\/strong>, refl\u00e9tant la volont\u00e9 de Karine Le Marchand de prot\u00e9ger autant les \u00e2mes du pass\u00e9 que celles d\u2019aujourd\u2019hui et de demain. Ce dialogue permanent avec la nature est <strong>au c\u0153ur de l\u2019identit\u00e9 du Domaine<\/strong>. <a href=\"https:\/\/www.lejournaldelamaison.fr\/le-journal-de-la-maison\/reportages-maisons\/maisons-bord-de-mer\/matthieu-chedid-cette-ile-tres-inspirante-refuge-familial-ressource-entoure-proches-517376.html\" rel=\"nofollow noopener\" target=\"_blank\">Un v\u00e9ritable refuge<\/a> pour tous ceux qui y s\u00e9journent.<\/p>\n<p>                <script async src=\"\/\/www.instagram.com\/embed.js\"><\/script><\/p>\n","protected":false},"excerpt":{"rendered":"Karine Le Marchand r\u00e9v\u00e8le une facette plus intime en partageant son projet \u00e9cologique, le Domaine des belles \u00e2mes,&hellip;\n","protected":false},"author":2,"featured_media":309778,"comment_status":"","ping_status":"","sticky":false,"template":"","format":"standard","meta":{"footnotes":""},"categories":[1358],"tags":[1348,1384,1385,1386,58,59,1011,27],"class_list":{"0":"post-309777","1":"post","2":"type-post","3":"status-publish","4":"format-standard","5":"has-post-thumbnail","7":"category-arts-et-design","8":"tag-arts","9":"tag-arts-and-design","10":"tag-arts-et-design","11":"tag-design","12":"tag-divertissement","13":"tag-entertainment","14":"tag-fr","15":"tag-france"},"share_on_mastodon":{"url":"https:\/\/pubeurope.com\/@fr\/115005476323770656","error":""},"_links":{"self":[{"href":"https:\/\/www.europesays.com\/fr\/wp-json\/wp\/v2\/posts\/309777","targetHints":{"allow":["GET"]}}],"collection":[{"href":"https:\/\/www.europesays.com\/fr\/wp-json\/wp\/v2\/posts"}],"about":[{"href":"https:\/\/www.europesays.com\/fr\/wp-json\/wp\/v2\/types\/post"}],"author":[{"embeddable":true,"href":"https:\/\/www.europesays.com\/fr\/wp-json\/wp\/v2\/users\/2"}],"replies":[{"embeddable":true,"href":"https:\/\/www.europesays.com\/fr\/wp-json\/wp\/v2\/comments?post=309777"}],"version-history":[{"count":0,"href":"https:\/\/www.europesays.com\/fr\/wp-json\/wp\/v2\/posts\/309777\/revisions"}],"wp:featuredmedia":[{"embeddable":true,"href":"https:\/\/www.europesays.com\/fr\/wp-json\/wp\/v2\/media\/309778"}],"wp:attachment":[{"href":"https:\/\/www.europesays.com\/fr\/wp-json\/wp\/v2\/media?parent=309777"}],"wp:term":[{"taxonomy":"category","embeddable":true,"href":"https:\/\/www.europesays.com\/fr\/wp-json\/wp\/v2\/categories?post=309777"},{"taxonomy":"post_tag","embeddable":true,"href":"https:\/\/www.europesays.com\/fr\/wp-json\/wp\/v2\/tags?post=309777"}],"curies":[{"name":"wp","href":"https:\/\/api.w.org\/{rel}","templated":true}]}}