{"id":309781,"date":"2025-08-10T16:45:15","date_gmt":"2025-08-10T16:45:15","guid":{"rendered":"https:\/\/www.europesays.com\/fr\/309781\/"},"modified":"2025-08-10T16:45:15","modified_gmt":"2025-08-10T16:45:15","slug":"il-voulait-me-laisser-briller-ethan-secret-story-explique-pourquoi-son-frere-eden-hazard-nest-jamais-apparu-dans-lemission","status":"publish","type":"post","link":"https:\/\/www.europesays.com\/fr\/309781\/","title":{"rendered":"\u00ab\u00a0Il voulait me laisser briller\u00a0\u00bb : Ethan (\u00ab\u00a0Secret Story\u00a0\u00bb) explique pourquoi son fr\u00e8re Eden Hazard n&rsquo;est jamais apparu dans l&rsquo;\u00e9mission"},"content":{"rendered":"<p>            <img loading=\"lazy\" decoding=\"async\" src=\"https:\/\/www.europesays.com\/fr\/wp-content\/uploads\/2025\/04\/87-65fc4537aa4a1-35x35-1.jpg\" class=\"author-article-picture\" width=\"35\" height=\"35\"\/><\/p>\n<p>                Par<br \/>\n                                    <a class=\"author-article-bio-link\" href=\"https:\/\/www.ozap.com\/auteur\/olivier-cortinovis_a87\" rel=\"nofollow noopener\" target=\"_blank\">Olivier Cortinovis<\/a><br \/>\n                                                    | Journaliste<\/p>\n<p>\n                Sportif frustr\u00e9 (les ligaments crois\u00e9s tu connais\u2026) qui a choisi le journalisme pour tacler ceux qui ont r\u00e9ussi. Mon volume de jeu me permet aujourd\u2019hui de couvrir toujours autant de terrain, des grands shows de la TNT (Koh-Lanta, Star Academy, P\u00e9kin Express) aux s\u00e9ries les plus confidentielles sur Netflix. Avec un seul credo dans la musette : celui de raconter des histoires avec de l\u2019humain et un peu d\u2019humour dedans\n            <\/p>\n<p>\n    Entr\u00e9 dans la maison des secrets avec l&rsquo;intitul\u00e9 \u00ab\u00a0Mon fr\u00e8re est une l\u00e9gende vivante du football\u00a0\u00bb, le Belge a vite \u00e9t\u00e9 d\u00e9masqu\u00e9 par ses camarades.\n<\/p>\n<p>                            <img loading=\"lazy\" decoding=\"async\" class=\"player-thumbnail\" src=\"https:\/\/www.europesays.com\/fr\/wp-content\/uploads\/2025\/08\/233255c04bf9ef9c-580x326-2.jpg\" width=\"580\" height=\"326\"\/><\/p>\n<p>                    \u00ab\u00a0Un Far West sans foi ni loi\u00a0\u00bb : Christophe Beaugrand \u00e9voque les r\u00e9seaux sociaux et \u00ab\u00a0Secret Story\u00a0\u00bb sur Europe 1 \u00a9 Europe 1<\/p>\n<p>La suite apr\u00e8s la publicit\u00e9<\/p>\n<p>Le nom de Hazard ne sera pas inscrit au palmar\u00e8s de \u00ab\u00a0Secret Story\u00a0\u00bb. <a href=\"https:\/\/www.ozap.com\/actu\/secret-story-2025-adrien-constance-ethan-mayer-pimprenelle-qui-seront-les-deux-candidats-elimines-les-estimations-de-notre-sondage\/650849\" rel=\"nofollow noopener\" target=\"_blank\">Sauv\u00e9 \u00e0 cinq reprises par le public<\/a> cette saison, Ethan Hazard a d\u00fb s&rsquo;incliner en finale face \u00e0 la popularit\u00e9 de Romy, <a href=\"https:\/\/www.ozap.com\/actu\/qui-a-gagne-secret-story-2025-sur-tfx\/651097\" rel=\"nofollow noopener\" target=\"_blank\">pl\u00e9biscit\u00e9e \u00e0 des scores rarement atteints<\/a> dans l&rsquo;\u00e9mission de TFX (72%). Le candidat belge de 21 ans a n\u00e9anmoins termin\u00e9 en 2e position, avec 16% des voix, et a fait l&rsquo;unanimit\u00e9 aupr\u00e8s des t\u00e9l\u00e9spectateurs pendant cette aventure de deux mois. Discret mais joueur, il a \u00e9t\u00e9 le premier candidat \u00e0 \u00eatre d\u00e9masqu\u00e9 par ses colocataires (Pimprenelle l&rsquo;a buzz\u00e9, ndlr), lui qui portait <a href=\"https:\/\/www.ozap.com\/actu\/secret-story-2025-la-liste-de-tous-les-secrets-de-la-saison-13-et-nos-pronostics\/650314\" rel=\"nofollow noopener\" target=\"_blank\">le lourd secret : \u00ab\u00a0Mon fr\u00e8re est une l\u00e9gende vivante du football\u00a0\u00bb<\/a>. Un intitul\u00e9 qui faisait r\u00e9f\u00e9rence \u00e0 son frangin, Eden Hazard, consid\u00e9r\u00e9 comme l&rsquo;un des meilleurs joueurs de l&rsquo;histoire des Diables Rouges. Pourtant, \u00e0 aucun moment du jeu, le nom de l&rsquo;ancien attaquant du Real Madrid, tout comme celui de ses deux autres fr\u00e8res footballeurs, n&rsquo;ont \u00e9t\u00e9 mentionn\u00e9s \u00e0 l&rsquo;antenne.<\/p>\n<p>S\u00e9lectionn\u00e9 sans l&rsquo;autorisation de son club de football<\/p>\n<p>Le joueur de troisi\u00e8me division belge a expliqu\u00e9 dans \u00ab\u00a0T\u00e9l\u00e9-Loisirs\u00a0\u00bb les raisons de cette discr\u00e9tion au sujet de son patronyme. \u00ab\u00a0Je pense que mes fr\u00e8res sont au courant que pour moi, cette aventure, elle est surtout personnelle. Elle m&rsquo;est unique et rien qu&rsquo;\u00e0 moi\u00a0\u00bb, a soulign\u00e9 <a href=\"https:\/\/www.ozap.com\/actu\/cette-decision-elle-n-est-pas-du-tout-facile-pour-moi-mayer-se-confie-sur-son-abandon-surprise-dans-secret-story\/650870\" rel=\"nofollow noopener\" target=\"_blank\">le meilleur ami de Mayer<\/a> dans la villa. Son a\u00een\u00e9, qui lui a toujours fait de l&rsquo;ombre eu \u00e9gard \u00e0 son immense talent, a voulu lui adresser une passe d\u00e9cisive, selon lui. \u00ab\u00a0Je pense qu&rsquo;ils veulent \u00e0 tout prix que je la vive tout seul. Ils m&rsquo;ont beaucoup soutenu, ce qui est normal puisque ce sont mes fr\u00e8res, mais ils voulaient vraiment me laisser briller par moi-m\u00eame. Je suis tr\u00e8s reconnaissant de ce qu&rsquo;ils ont fait pour moi\u00a0\u00bb, a confess\u00e9 Ethan.\u00a0<\/p>\n<p>Sit\u00f4t sa sortie du jeu, le benjamin de la fratrie a pu retrouver ses fr\u00e8res en Belgique, et va d\u00e9sormais pouvoir renouer avec le fil de sa carri\u00e8re professionnelle, mise en pause le temps de cette aventure t\u00e9l\u00e9vis\u00e9e. \u00ab\u00a0Je n\u2019ai pas eu l\u2019autorisation car je ne pouvais pas leur dire que je faisais Secret Story. Je devais garder le secret. J\u2019ai donc demand\u00e9 \u00e0 des proches de les pr\u00e9venir et de leur dire que je raterais potentiellement quelques entra\u00eenements. Et que je m\u2019excusais aupr\u00e8s du coach\u00a0\u00bb, a indiqu\u00e9 celui qui d\u00e9fend habituellement le maillot de la Royale Union Tubize-Braine. \u00ab\u00a0J\u2019ai rat\u00e9 trois semaines de pr\u00e9paration et l\u00e0, mon objectif, c\u2019est de revenir le plus vite possible pour pouvoir reprendre les entra\u00eenements\u00a0\u00bb, a ajout\u00e9 le finaliste, r\u00eavant de percer sur les rectangles verts comme son illustre fr\u00e8re.<\/p>\n<p>A lire aussi : <strong>\u00ab\u00a0C\u2019est effrayant ce que c\u2019est devenu\u00a0\u00bb : Christophe Beaugrand r\u00e9agit \u00e0 \u00ab\u00a0l\u2019hyst\u00e9rie\u00a0\u00bb des r\u00e9seaux sociaux autour de \u00ab\u00a0Secret Story\u00a0\u00bb<\/strong><\/p>\n<p>Apr\u00e8s un lancement en deuxi\u00e8me partie de soir\u00e9e sur TF1 le 10 juin dernier, la saison 13 de \u00ab\u00a0Secret Story\u00a0\u00bb a \u00e9t\u00e9 couronn\u00e9e de succ\u00e8s sur TFX. Programm\u00e9es \u00e0 19h du lundi au vendredi, les quotidiennes ont rassembl\u00e9, \u00e0 J+7, 631.000 t\u00e9l\u00e9spectateurs en moyenne soit 4,7% du public et 14,2% des Femmes responsables des achats de moins de 50 ans, cible convoit\u00e9e par les publicitaires. Enfin, les prime du jeudi pr\u00e9sent\u00e9s par Christophe Beaugrand ont attir\u00e9 719.000 t\u00e9l\u00e9spectateurs en moyenne, soit 4,6% du public et 13,9% des FRDA-50. Des audiences exceptionnelles sur cibles pour la petite cha\u00eene du groupe TF1.<\/p>\n<p><strong>La liste de tous les secrets de la saison 13 :\u00a0<\/strong><\/p>\n<p>&#8211; \u00ab\u00a0J&rsquo;ai remport\u00e9 un talent show de K-pop en Cor\u00e9e du Sud\u00a0\u00bb : Dr\u00e9a<br \/>&#8211; \u00ab\u00a0Notre histoire pass\u00e9e lie notre destin dans la maison des secrets\u00a0\u00bb : Noah et Anita\u00a0<br \/>&#8211; \u00ab\u00a0Nous sommes les gardiens de la transparence\u00a0\u00bb : C\u00e9lia et A\u00efmed\u00a0<br \/>&#8211; \u00ab\u00a0Nous sommes un faux couple\u00a0\u00bb : Constance et Damien\u00a0<br \/>&#8211; \u00ab\u00a0Mon fr\u00e8re est une l\u00e9gende vivante du football\u00a0\u00bb : Ethan<br \/>&#8211; \u00ab\u00a0Je suis un ph\u00e9nom\u00e8ne viral\u00a0\u00bb : Romy\u00a0<br \/>&#8211; \u00ab\u00a0J&rsquo;ai v\u00e9cu dans ma voiture pendant six mois\u00a0\u00bb : Th\u00e9o<br \/>&#8211; \u00ab\u00a0La moiti\u00e9 de mon visage a \u00e9t\u00e9 reconstruite\u00a0\u00bb : Pimprenelle<br \/>&#8211; \u00ab\u00a0Je fais partie des 1% de la population mondiale \u00e0 avoir plus de 134 de QI\u00a0\u00bb : Mayer<br \/>&#8211; \u00ab\u00a0J&rsquo;ai onze pr\u00e9noms\u00a0\u00bb : Marianne\u00a0<br \/>&#8211; \u00ab\u00a0J&rsquo;ai d\u00e9couvert l&rsquo;existence de ma s\u0153ur \u00e0 l&rsquo;\u00e2ge de 16 ans\u00a0\u00bb : Adrien<\/p>\n","protected":false},"excerpt":{"rendered":"Par Olivier Cortinovis | Journaliste Sportif frustr\u00e9 (les ligaments crois\u00e9s tu connais\u2026) qui a choisi le journalisme pour&hellip;\n","protected":false},"author":2,"featured_media":309782,"comment_status":"","ping_status":"","sticky":false,"template":"","format":"standard","meta":{"footnotes":""},"categories":[1356],"tags":[58,59,1011,27,252,1364],"class_list":{"0":"post-309781","1":"post","2":"type-post","3":"status-publish","4":"format-standard","5":"has-post-thumbnail","7":"category-television","8":"tag-divertissement","9":"tag-entertainment","10":"tag-fr","11":"tag-france","12":"tag-television","13":"tag-tv"},"share_on_mastodon":{"url":"https:\/\/pubeurope.com\/@fr\/115005484241215134","error":""},"_links":{"self":[{"href":"https:\/\/www.europesays.com\/fr\/wp-json\/wp\/v2\/posts\/309781","targetHints":{"allow":["GET"]}}],"collection":[{"href":"https:\/\/www.europesays.com\/fr\/wp-json\/wp\/v2\/posts"}],"about":[{"href":"https:\/\/www.europesays.com\/fr\/wp-json\/wp\/v2\/types\/post"}],"author":[{"embeddable":true,"href":"https:\/\/www.europesays.com\/fr\/wp-json\/wp\/v2\/users\/2"}],"replies":[{"embeddable":true,"href":"https:\/\/www.europesays.com\/fr\/wp-json\/wp\/v2\/comments?post=309781"}],"version-history":[{"count":0,"href":"https:\/\/www.europesays.com\/fr\/wp-json\/wp\/v2\/posts\/309781\/revisions"}],"wp:featuredmedia":[{"embeddable":true,"href":"https:\/\/www.europesays.com\/fr\/wp-json\/wp\/v2\/media\/309782"}],"wp:attachment":[{"href":"https:\/\/www.europesays.com\/fr\/wp-json\/wp\/v2\/media?parent=309781"}],"wp:term":[{"taxonomy":"category","embeddable":true,"href":"https:\/\/www.europesays.com\/fr\/wp-json\/wp\/v2\/categories?post=309781"},{"taxonomy":"post_tag","embeddable":true,"href":"https:\/\/www.europesays.com\/fr\/wp-json\/wp\/v2\/tags?post=309781"}],"curies":[{"name":"wp","href":"https:\/\/api.w.org\/{rel}","templated":true}]}}