{"id":309783,"date":"2025-08-10T16:46:11","date_gmt":"2025-08-10T16:46:11","guid":{"rendered":"https:\/\/www.europesays.com\/fr\/309783\/"},"modified":"2025-08-10T16:46:11","modified_gmt":"2025-08-10T16:46:11","slug":"france-gall-et-lio-piegees-avec-des-chansons-sucrees-et-trop-osees","status":"publish","type":"post","link":"https:\/\/www.europesays.com\/fr\/309783\/","title":{"rendered":"France Gall et Lio pi\u00e9g\u00e9es avec des chansons sucr\u00e9es et trop os\u00e9es"},"content":{"rendered":"<p>LE MATCH DES TUBES (26 \/ 40) &#8211; Avec \u00ab\u00a0Les Sucettes\u00a0\u00bb, Serge Gainsbourg fait chanter un texte \u00e0 double sens \u00e0 France Gall tandis que Lio consacre un dessert glac\u00e9 plein de sous-entendus.<\/p>\n<p>Les chansons \u00e0 double sens sont l\u00e9gion dans la vari\u00e9t\u00e9 fran\u00e7aise. Derri\u00e8re un rythme sucr\u00e9 et l\u00e9ger se cachent des paroles aux sous-entendus plus ou moins \u00e9vidents. Alors que ce sont des jeunes femmes qui les interpr\u00e8tent, on se demande si les auteurs ne se sont pas servis de la na\u00efvet\u00e9 des artistes. Deux exemples pour ce nouveau duel\u00a0: <a href=\"https:\/\/www.parismatch.com\/Culture\/Musique\/France-Gall-en-dix-chansons-cultes-1433261\" rel=\"nofollow noopener\" target=\"_blank\">\u00ab\u00a0Les Sucettes\u00a0\u00bb de France Gall<\/a> et \u00ab\u00a0Banana Split\u00a0\u00bb de Lio. Attention, \u00e0 ne pas mettre dans toutes les oreilles.<\/p>\n<p>Apr\u00e8s sa victoire \u00e0 l\u2019Eurovision avec \u00ab\u00a0Poup\u00e9e de cire, poup\u00e9e de son\u00a0\u00bb, <a href=\"https:\/\/www.parismatch.com\/People\/Serge-Gainsbourg-et-France-Gall-le-pygmalion-et-sa-poupee-rebelle-1435295\" rel=\"nofollow noopener\" target=\"_blank\">France Gall, 19\u00a0ans, revient avec un nouveau titre sign\u00e9 Serge Gainsbourg\u00a0: \u00ab\u00a0Les Sucettes\u00a0\u00bb<\/a>. De son visage poupin, la chanteuse raconte l\u2019histoire d\u2019Annie qui aime les \u00ab\u00a0sucettes \u00e0 l\u2019Anis\u00a0\u00bb qui donnent \u00e0 ses baisers \u00ab\u00a0un go\u00fbt ani\u2026 s\u00e9\u00a0\u00bb. Pour ceux qui n\u2019auraient pas saisi les subtilit\u00e9s, Gainsbourg laisse d\u2019autres indices\u00a0: \u00ab\u00a0Pour quelques pennies, Annie a ses sucettes \u00e0 l\u2019anis. Elles ont la couleur de ses grands yeux, la couleur des jours heureux [\u2026] Lorsque le sucre d\u2019orge, parfum\u00e9 \u00e0 l\u2019anis, coule dans la gorge d\u2019Annie. Elle est au paradis.\u00a0\u00bb \u00ab\u00a0No comment\u00a0\u00bb, comme dirait l\u2019autre. Les paroles passent d\u2019autant plus que la m\u00e9lodie, sucr\u00e9e \u00e0 souhait, est un petit bijou sublim\u00e9 par la voix enfantine de France Gall. Le probl\u00e8me, c\u2019est que l\u2019interpr\u00e8te n\u2019a pas pip\u00e9 mot \u00e0 propos de ce morceau car elle n\u2019a pas compris le double sens. \u00ab\u00a0Je l\u2019ai enregistr\u00e9e tr\u00e8s, tr\u00e8s, tr\u00e8s innocemment. Contrairement \u00e0 ce qu\u2019on a pu dire. Je suis partie au Japon pendant que le disque sortait \u00e0 Paris. Les programmateurs de radio ont hurl\u00e9\u00a0: \u00ab\u00a0Elle est compl\u00e8tement folle, elle va se ridiculiser\u00a0\u00bb. Moi, je n\u2019en savais rien \u00bb, expliquait la chanteuse en 1968. Un abus de faiblesse.<\/p>\n<p>    La suite apr\u00e8s cette publicit\u00e9<\/p>\n<p>Le mea culpa de Lio<\/p>\n<p>En 1979, autre ann\u00e9e \u00e9rotique, Lio a 17\u00a0ans. La jeune fille interpr\u00e8te cette chanson sign\u00e9e Jay Alanski et Hagen Dierks et Jacques Duvall\u00a0sur un \u00ab\u00a0amour de dessert\u00a0\u00bb, le \u00ab\u00a0Banana split\u00a0\u00bb. Sur un rythme \u00e9lectro effr\u00e9n\u00e9, Lio se d\u00e9hanche\u00a0: \u00ab\u00a0C\u2019est le dessert que sert l\u2019abominable homme des neiges \u00e0 l\u2019abominable enfant teenage. Un amour de dessert.\u00a0\u00bb Les allusions s\u2019encha\u00eenent dans les couplets\u00a0: \u00ab\u00a0Baisers givr\u00e9s sur les montagnes blanches, na-na-na. On dirait que les choses se d\u00e9clenchent, na-na-na. La chantilly s\u2019\u00e9croule en avalanche, banana.\u00a0\u00bb Pas besoin de dessin. Un peu plus subtil que le titre de Gainsbourg, le morceau ne provoque que tr\u00e8s peu de pol\u00e9mique car, diff\u00e9rence majeure, Lio a tout de suite compris les sous-entendus. Surtout, <a href=\"https:\/\/www.parismatch.com\/People\/Alain-Chamfort-parle-de-Lio-Une-plaie-n-a-jamais-vraiment-cicatrisee-1129070\" rel=\"nofollow noopener\" target=\"_blank\">il lance la carri\u00e8re de Lio qui encha\u00eenera les tubes et sera une des reines des ann\u00e9es 1980. <\/a>Mais 23\u00a0ans apr\u00e8s, la chanteuse des \u00ab\u00a0Brunes comptent pas pour des prunes\u00a0\u00bb fait machine arri\u00e8re dans un livre (\u00ab\u00a0Toutes pour la musique\u00a0\u00bb, de Chlo\u00e9 Thibaud)\u00a0: \u00ab\u00a0Je sais que j\u2019ai totalement ouvert la porte aux p\u00e9docriminels et que j\u2019ai apport\u00e9 de l\u2019eau \u00e0 leur moulin. Je m\u2019en aper\u00e7ois aujourd\u2019hui.\u00a0\u00bb<\/p>\n<p>    La suite apr\u00e8s cette publicit\u00e9<\/p>\n<p>Match difficile et pol\u00e9mique. D\u2019un point de vue musical, \u00ab\u00a0Banana Split\u00a0\u00bb ne peut que l\u2019emporter. Le morceau est un excellent titre port\u00e9 par une m\u00e9lodie ent\u00eatante et une formidable interpr\u00e9tation. Et puisque Lio le regrette, on pourra vous encourager vers une autre chanson \u00e0 double sens et sur la m\u00eame th\u00e9matique\u00a0: \u00ab\u00a0Plus que tout au monde\u00a0\u00bb de Pascal Obispo.<\/p>\n","protected":false},"excerpt":{"rendered":"LE MATCH DES TUBES (26 \/ 40) &#8211; Avec \u00ab\u00a0Les Sucettes\u00a0\u00bb, Serge Gainsbourg fait chanter un texte \u00e0&hellip;\n","protected":false},"author":2,"featured_media":309784,"comment_status":"","ping_status":"","sticky":false,"template":"","format":"standard","meta":{"footnotes":""},"categories":[1355],"tags":[58,59,1011,27,1361,873],"class_list":{"0":"post-309783","1":"post","2":"type-post","3":"status-publish","4":"format-standard","5":"has-post-thumbnail","7":"category-musique","8":"tag-divertissement","9":"tag-entertainment","10":"tag-fr","11":"tag-france","12":"tag-music","13":"tag-musique"},"share_on_mastodon":{"url":"https:\/\/pubeurope.com\/@fr\/115005488181125775","error":""},"_links":{"self":[{"href":"https:\/\/www.europesays.com\/fr\/wp-json\/wp\/v2\/posts\/309783","targetHints":{"allow":["GET"]}}],"collection":[{"href":"https:\/\/www.europesays.com\/fr\/wp-json\/wp\/v2\/posts"}],"about":[{"href":"https:\/\/www.europesays.com\/fr\/wp-json\/wp\/v2\/types\/post"}],"author":[{"embeddable":true,"href":"https:\/\/www.europesays.com\/fr\/wp-json\/wp\/v2\/users\/2"}],"replies":[{"embeddable":true,"href":"https:\/\/www.europesays.com\/fr\/wp-json\/wp\/v2\/comments?post=309783"}],"version-history":[{"count":0,"href":"https:\/\/www.europesays.com\/fr\/wp-json\/wp\/v2\/posts\/309783\/revisions"}],"wp:featuredmedia":[{"embeddable":true,"href":"https:\/\/www.europesays.com\/fr\/wp-json\/wp\/v2\/media\/309784"}],"wp:attachment":[{"href":"https:\/\/www.europesays.com\/fr\/wp-json\/wp\/v2\/media?parent=309783"}],"wp:term":[{"taxonomy":"category","embeddable":true,"href":"https:\/\/www.europesays.com\/fr\/wp-json\/wp\/v2\/categories?post=309783"},{"taxonomy":"post_tag","embeddable":true,"href":"https:\/\/www.europesays.com\/fr\/wp-json\/wp\/v2\/tags?post=309783"}],"curies":[{"name":"wp","href":"https:\/\/api.w.org\/{rel}","templated":true}]}}