{"id":309791,"date":"2025-08-10T16:50:11","date_gmt":"2025-08-10T16:50:11","guid":{"rendered":"https:\/\/www.europesays.com\/fr\/309791\/"},"modified":"2025-08-10T16:50:11","modified_gmt":"2025-08-10T16:50:11","slug":"une-chambre-de-vieux-benjamin-duhamel-a-des-penchants-qui-sentent-la-naphtaline","status":"publish","type":"post","link":"https:\/\/www.europesays.com\/fr\/309791\/","title":{"rendered":"\u201cUne chambre de vieux\u201d : Benjamin Duhamel a des penchants qui sentent la naphtaline"},"content":{"rendered":"<p>Apr\u00e8s presque dix ans pass\u00e9s sur <a href=\"https:\/\/www.closermag.fr\/vecu\/nous-mettons-la-pression-sur-le-prefet-de-laude-lache-un-missile-lair-de-rien-sur-bfmtv-3570219\" rel=\"nofollow noopener\" target=\"_blank\"><br \/>\nBFMTV<\/a>, Benjamin Duhamel a choisi de rejoindre France Inter, un<br \/>\nchangement qui n\u2019a pas manqu\u00e9 de faire r\u00e9agir. Le journaliste de 31<br \/>\nans, fils de Nathalie Saint-Cricq et Patrice Duhamel, se verra<br \/>\nconfier l\u2019interview politique de 7h50 ainsi que la coanimation du<br \/>\nGrand entretien aux c\u00f4t\u00e9s de <a href=\"https:\/\/www.closermag.fr\/people\/nicolas-demorand-au-bout-du-rouleau-en-corse-ce-moment-bouleversant-vecu-avec-lea-salame-et-raphael-glucksmann-3566571\" rel=\"nofollow noopener\" target=\"_blank\"><br \/>\nNicolas Demorand<\/a>.<\/p>\n<p>Une nomination remarqu\u00e9e, sa notori\u00e9t\u00e9 \u00e9tant en partie li\u00e9e \u00e0<br \/>\nses parents, figures influentes de France T\u00e9l\u00e9visions. \u00c0 quelques<br \/>\njours de sa prise de poste sur la <strong>radio publique<\/strong>,<br \/>\nil a accept\u00e9 de r\u00e9pondre aux questions du <a href=\"https:\/\/www.lepoint.fr\/culture\/benjamin-duhamel-mettez-michel-berger-ou-beyonce-au-karaoke-et-je-ne-reponds-plus-de-rien-09-08-2025-2596010_3.php\" rel=\"nofollow noopener\" target=\"_blank\"><br \/>\nPoint<\/a> sur ses affinit\u00e9s culturelles, ce samedi 9 ao\u00fbt 2025.<\/p>\n<p>Le journaliste r\u00e9v\u00e8le des informations sur sa famille<\/p>\n<p data-start=\"108\" data-end=\"928\">Selon Lepoint, Au-del\u00e0 de sa<br \/>\npassion pour l\u2019op\u00e9ra, le <a href=\"https:\/\/www.closermag.fr\/people\/benjamin-duhamel-30-ans-et-deja-richissime-quand-sa-mere-nathalie-saint-cricq-crachait-le-morceau-3560142\" rel=\"nofollow noopener\" target=\"_blank\"><br \/>\njournaliste<\/a> \u00e9voque avec tendresse les rituels culturels qui ont<br \/>\nmarqu\u00e9 son enfance. \u00ab\u00a0J&rsquo;allais souvent au<br \/>\n<strong>cin\u00e9ma<\/strong> avec ma grand-m\u00e8re paternelle, que<br \/>\nj&rsquo;adorais. Elle vivait au Perreux, l\u00e0 o\u00f9 mon p\u00e8re avait<br \/>\ngrandi\u00a0\u00bb. \u00a0Pendant pr\u00e8s de dix ans, \u00ab\u00a0tous les<br \/>\nmercredis apr\u00e8s-midi, on avait un rituel : un mercredi, une<br \/>\n<strong>exposition<\/strong> ; le suivant, un cin\u00e9ma\u00a0\u00bb. Il se<br \/>\nsouvient notamment d\u2019avoir d\u00e9couvert avec elle des films comme<br \/>\nLes Choristes ou<br \/>\nLes Triplettes de<br \/>\nBelleville.<\/p>\n<p data-start=\"108\" data-end=\"928\">Ces moments partag\u00e9s<br \/>\ns&rsquo;\u00e9tendaient aussi \u00e0 des visites d\u2019expositions, comme au mus\u00e9e<br \/>\nGuimet, ou un voyage \u00e0 Lille pour une exposition sur Rubens. Du<br \/>\nc\u00f4t\u00e9 maternel, les grands-parents de Benjamin ont \u00e9galement<br \/>\ncontribu\u00e9 \u00e0 fa\u00e7onner ses go\u00fbts. Install\u00e9s \u00e0 Tours, ils lui ont<br \/>\ntransmis leur amour du cin\u00e9ma classique, lui faisant d\u00e9couvrir<br \/>\nLa Belle et la B\u00eate de<br \/>\nCocteau ou Knock avec<br \/>\nLouis Jouvet. \u00ab\u00a0Ce sont des <strong>rituels fondateurs<\/strong><br \/>\nde ma pr\u00e9adolescence\u00a0\u00bb, confie-t-il.<\/p>\n<p>Benjamin Duhamel se confie sur son<br \/>\nadolescence<\/p>\n","protected":false},"excerpt":{"rendered":"Apr\u00e8s presque dix ans pass\u00e9s sur BFMTV, Benjamin Duhamel a choisi de rejoindre France Inter, un changement qui&hellip;\n","protected":false},"author":2,"featured_media":309792,"comment_status":"","ping_status":"","sticky":false,"template":"","format":"standard","meta":{"footnotes":""},"categories":[8],"tags":[548,27439,58,59,1011,27],"class_list":{"0":"post-309791","1":"post","2":"type-post","3":"status-publish","4":"format-standard","5":"has-post-thumbnail","7":"category-divertissement","8":"tag-article-simple","9":"tag-benjamin-duhamel","10":"tag-divertissement","11":"tag-entertainment","12":"tag-fr","13":"tag-france"},"share_on_mastodon":{"url":"https:\/\/pubeurope.com\/@fr\/115005503830043417","error":""},"_links":{"self":[{"href":"https:\/\/www.europesays.com\/fr\/wp-json\/wp\/v2\/posts\/309791","targetHints":{"allow":["GET"]}}],"collection":[{"href":"https:\/\/www.europesays.com\/fr\/wp-json\/wp\/v2\/posts"}],"about":[{"href":"https:\/\/www.europesays.com\/fr\/wp-json\/wp\/v2\/types\/post"}],"author":[{"embeddable":true,"href":"https:\/\/www.europesays.com\/fr\/wp-json\/wp\/v2\/users\/2"}],"replies":[{"embeddable":true,"href":"https:\/\/www.europesays.com\/fr\/wp-json\/wp\/v2\/comments?post=309791"}],"version-history":[{"count":0,"href":"https:\/\/www.europesays.com\/fr\/wp-json\/wp\/v2\/posts\/309791\/revisions"}],"wp:featuredmedia":[{"embeddable":true,"href":"https:\/\/www.europesays.com\/fr\/wp-json\/wp\/v2\/media\/309792"}],"wp:attachment":[{"href":"https:\/\/www.europesays.com\/fr\/wp-json\/wp\/v2\/media?parent=309791"}],"wp:term":[{"taxonomy":"category","embeddable":true,"href":"https:\/\/www.europesays.com\/fr\/wp-json\/wp\/v2\/categories?post=309791"},{"taxonomy":"post_tag","embeddable":true,"href":"https:\/\/www.europesays.com\/fr\/wp-json\/wp\/v2\/tags?post=309791"}],"curies":[{"name":"wp","href":"https:\/\/api.w.org\/{rel}","templated":true}]}}