{"id":309793,"date":"2025-08-10T16:51:12","date_gmt":"2025-08-10T16:51:12","guid":{"rendered":"https:\/\/www.europesays.com\/fr\/309793\/"},"modified":"2025-08-10T16:51:12","modified_gmt":"2025-08-10T16:51:12","slug":"indre-et-loire-a-tours-anna-defend-un-sdf-victime-du-canular-dun-tiktokeur-actualites","status":"publish","type":"post","link":"https:\/\/www.europesays.com\/fr\/309793\/","title":{"rendered":"Indre-et-Loire : \u00e0 Tours, Anna d\u00e9fend un SDF victime du canular d\u2019un tiktokeur : Actualit\u00e9s"},"content":{"rendered":"<p class=\"lead \"><strong>Sa col\u00e8re a fait le tour des r\u00e9seaux sociaux. Dans une vid\u00e9o, Anna, jeune Tourangelle, a pris la d\u00e9fense d\u2019un SDF qui \u00e9tait victime d\u2019un canular de la part d\u2019un influenceur. <\/strong><\/p>\n<p class=\"lead \">C\u2019est une vid\u00e9o qui a fait le buzz \u00e0 Tours (Indre-et-Loire). Dans une vid\u00e9o publi\u00e9e sur les r\u00e9seaux sociaux et vue plus de neuf millions de fois sur X, on voit une femme confronter un \u00ab\u00a0influenceur\u00a0\u00bb tiktokeur qui tentait de faire un canular \u00e0 un SDF, a rapport\u00e9 <a href=\"https:\/\/www.francebleu.fr\/infos\/societe\/tours-anna-fait-le-buzz-malgre-elle-apres-avoir-defendu-un-sdf-victime-du-mauvais-canular-d-un-tiktokeur-3970037\" target=\"_blank\" rel=\"nofollow noopener\">Ici Touraine<\/a>.  <\/p>\n<p class=\"lead \">L\u2019objectif \u00e9tait de tester son honn\u00eatet\u00e9 en lui donnant, puis en lui reprenant un billet de 50 euros. Un canular qui a fait bondir la jeune femme. Anna fait alors part de son indignation aupr\u00e8s de l\u2019influenceur. \u00ab\u00a0Vous lui faites un faux espoir, tu n&rsquo;as pas honte ?\u00a0\u00bb, a-t-elle lanc\u00e9. \u00ab\u00a0Il dort \u00e0 la rue, c&rsquo;est normal qu&rsquo;il te dise que l&rsquo;argent est \u00e0 lui. Il a besoin de ces 50 euros\u00a0\u00bb, a-t-elle ajout\u00e9. Son intervention a \u00e9t\u00e9 relay\u00e9e des millions de fois sur les r\u00e9seaux sociaux, ce que la jeune femme a d\u00e9couvert deux jours plus tard. <\/p>\n<p>                                                                                                \u00ab\u00a0J\u2019ai juste parl\u00e9 d\u2019humanit\u00e9\u00a0\u00bb<\/p>\n<p class=\"lead \">\u00ab\u00a0Me retrouver sur les r\u00e9seaux sociaux en scrollant, c&rsquo;est un peu \u00e9tonnant. On tombe sur nous-m\u00eames. C&rsquo;est un peu bizarre sachant que nous n&rsquo;avions pas donn\u00e9 notre accord. Nous n&rsquo;\u00e9tions pas au courant qu&rsquo;ils filmaient. Je trouve cela un peu choquant\u00a0\u00bb, a-t-elle expliqu\u00e9 au micro d\u2019Ici Touraine. L\u2019influenceur et son \u00e9quipe utilisaient des lunettes capables de filmer. Anna a contact\u00e9 l\u2019influenceur pour lui demander de supprimer l\u2019extrait ce qu\u2019il a fait. Mais la vid\u00e9o avait d\u00e9j\u00e0 \u00e9t\u00e9 partag\u00e9e \u00e0 de nombreuses reprises. <\/p>\n<p class=\"lead \">Mais les commentaires ont \u00e9t\u00e9 en sa faveur, ce qui l\u2019a rassur\u00e9e. \u00ab\u00a0Je me suis un peu emport\u00e9e, mais je suis comme \u00e7a, je suis une \u00e9motive. J&rsquo;aurais pu dire mieux les choses [&#8230;] Avec le recul, je trouve la situation encore plus scandaleuse que sur le moment. En regardant la vid\u00e9o et en voyant ce monsieur, assis \u00e0 c\u00f4t\u00e9 de nous, qui n&rsquo;avait rien demand\u00e9 \u00e0 part une cigarette, qui se retrouve avec son image sur internet, \u00e0 permettre \u00e0 des personnes de se faire de l&rsquo;argent sur son dos, ce n&rsquo;est pas normal\u00a0\u00bb, a-t-elle expliqu\u00e9. \u00ab\u00a0Je ne reviens pas sur ce que j&rsquo;ai dit. J&rsquo;ai juste parl\u00e9 d&rsquo;humanit\u00e9\u00a0\u00bb, a-t-elle conclu.<\/p>\n<p class=\"small font-weight-bold text-gray3 \"> publi\u00e9 le 10 ao\u00fbt \u00e0 17h02, Lilian Moy, 6Medias<\/p>\n<p>                             Partager<\/p>\n","protected":false},"excerpt":{"rendered":"Sa col\u00e8re a fait le tour des r\u00e9seaux sociaux. Dans une vid\u00e9o, Anna, jeune Tourangelle, a pris la&hellip;\n","protected":false},"author":2,"featured_media":309794,"comment_status":"","ping_status":"","sticky":false,"template":"","format":"standard","meta":{"footnotes":""},"categories":[7],"tags":[1011,27,43,40,41,39,42,44],"class_list":{"0":"post-309793","1":"post","2":"type-post","3":"status-publish","4":"format-standard","5":"has-post-thumbnail","7":"category-sciences-et-technologies","8":"tag-fr","9":"tag-france","10":"tag-science","11":"tag-science-and-technology","12":"tag-sciences","13":"tag-sciences-et-technologies","14":"tag-technologies","15":"tag-technology"},"share_on_mastodon":{"url":"https:\/\/pubeurope.com\/@fr\/115005507796497344","error":""},"_links":{"self":[{"href":"https:\/\/www.europesays.com\/fr\/wp-json\/wp\/v2\/posts\/309793","targetHints":{"allow":["GET"]}}],"collection":[{"href":"https:\/\/www.europesays.com\/fr\/wp-json\/wp\/v2\/posts"}],"about":[{"href":"https:\/\/www.europesays.com\/fr\/wp-json\/wp\/v2\/types\/post"}],"author":[{"embeddable":true,"href":"https:\/\/www.europesays.com\/fr\/wp-json\/wp\/v2\/users\/2"}],"replies":[{"embeddable":true,"href":"https:\/\/www.europesays.com\/fr\/wp-json\/wp\/v2\/comments?post=309793"}],"version-history":[{"count":0,"href":"https:\/\/www.europesays.com\/fr\/wp-json\/wp\/v2\/posts\/309793\/revisions"}],"wp:featuredmedia":[{"embeddable":true,"href":"https:\/\/www.europesays.com\/fr\/wp-json\/wp\/v2\/media\/309794"}],"wp:attachment":[{"href":"https:\/\/www.europesays.com\/fr\/wp-json\/wp\/v2\/media?parent=309793"}],"wp:term":[{"taxonomy":"category","embeddable":true,"href":"https:\/\/www.europesays.com\/fr\/wp-json\/wp\/v2\/categories?post=309793"},{"taxonomy":"post_tag","embeddable":true,"href":"https:\/\/www.europesays.com\/fr\/wp-json\/wp\/v2\/tags?post=309793"}],"curies":[{"name":"wp","href":"https:\/\/api.w.org\/{rel}","templated":true}]}}