{"id":309811,"date":"2025-08-10T17:01:33","date_gmt":"2025-08-10T17:01:33","guid":{"rendered":"https:\/\/www.europesays.com\/fr\/309811\/"},"modified":"2025-08-10T17:01:33","modified_gmt":"2025-08-10T17:01:33","slug":"lancien-maire-de-toulon-hubert-falco-definitivement-condamne-dans-laffaire-dite-du-frigo","status":"publish","type":"post","link":"https:\/\/www.europesays.com\/fr\/309811\/","title":{"rendered":"L&rsquo;ancien maire de Toulon, Hubert Falco, d\u00e9finitivement condamn\u00e9 dans l&rsquo;affaire dite \u00ab\u00a0du frigo\u00a0\u00bb"},"content":{"rendered":"<p>La Cour de cassation rejette ce mercredi le pourvoi en cassation d&rsquo;Hubert Falco. L&rsquo;ancien maire de Toulon avait \u00e9t\u00e9 condamn\u00e9 \u00e0 18 mois d&#8217;emprisonnement avec sursis, 30\u00a0000 euros d&rsquo;amende et cinq ans d&rsquo;in\u00e9ligibilit\u00e9 dans l&rsquo;affaire dite \u00ab\u00a0du frigo\u00a0\u00bb. <\/p>\n<p>Hubert Falco, l&rsquo;ancien maire de Toulon ne pourra pas \u00eatre candidat aux prochaines municipales.\u00a0<a class=\"IciLink ici-link IciArticleLink g-ici-body-regular-1 underline brand svelte-lu7k6w\" href=\"https:\/\/www.francebleu.fr\/infos\/faits-divers-justice\/affaire-dite-du-frigo-de-hubert-falco-la-cour-de-cassation-se-prononce-sur-le-pourvoi-de-l-ancien-maire-de-toulon-2322824\" rel=\"nofollow noopener\" target=\"_blank\">Son pourvoi en cassation<\/a>\u00a0est rejet\u00e9 ce mercredi. L&rsquo;ancien\u00a0maire de Toulon avait \u00e9t\u00e9 condamn\u00e9 en 2024 \u00e0 18 mois d&#8217;emprisonnement avec sursis, 30 000 euros d&rsquo;amende et <strong>cinq ans d&rsquo;in\u00e9ligibilit\u00e9<\/strong> dans l&rsquo;affaire dite \u00ab\u00a0du frigo\u00a0\u00bb.\u00a0Cette condamnation est donc d\u00e9finitive.<\/p>\n<p>La condamnation en appel date du 14 mai 2024. Hubert Falco est in\u00e9ligible jusqu&rsquo;en 2028, <strong>il ne pourra donc pas se pr\u00e9senter aux prochaines \u00e9lections municipales<\/strong>, pr\u00e9vues pour l&rsquo;an prochain. Les \u00e9lections municipales suivantes sont pour le moment pr\u00e9vues pour 2032. Hubert Falco aura alors 85 ans.<\/p>\n<p>Dans le d\u00e9tail, la Cour de cassation annule bien une des d\u00e9cisions prises par la cour d&rsquo;appel d&rsquo;Aix-en-Provence\u00a0: celle concernant l&rsquo;ex\u00e9cution provisoire de la peine. C&rsquo;est en raison de cette mesure que l&rsquo;ancien maire de Toulon est devenu in\u00e9ligible avant m\u00eame que ne soit rendu l&rsquo;avis de la Cour de cassation. Mais cette annulation n&rsquo;est que symbolique puisqu&rsquo;il n&rsquo;existe plus aujourd&rsquo;hui de voies de recours.<\/p>\n<p>\u00c0 lire aussi   <img decoding=\"async\" src=\"https:\/\/www.europesays.com\/fr\/wp-content\/uploads\/2025\/08\/560x315_sc_sc_hfalco.jpg\" alt=\"Hubert Falco, ancien maire de Toulon, et son avocat, Me Thierry Fradet, \u00e0 Aix-en-Provence lors du proc\u00e8s en appel de l'affaire dite &quot;du frigo&quot;\" style=\"--_image-preview:url('data:image\/jpeg;base64,\/9j\/2wBDACgcHiMeGSgjISMtKygwPGRBPDc3PHtYXUlkkYCZlo+AjIqgtObDoKrarYqMyP\/L2u71\/\/\/\/m8H\/\/\/\/6\/+b9\/\/j\/2wBDASstLTw1PHZBQXb4pYyl+Pj4+Pj4+Pj4+Pj4+Pj4+Pj4+Pj4+Pj4+Pj4+Pj4+Pj4+Pj4+Pj4+Pj4+Pj4+Pj4+Pj\/wAARCAAXACoDASIAAhEBAxEB\/8QAGAAAAwEBAAAAAAAAAAAAAAAAAAEDAgT\/xAAXEAEBAQEAAAAAAAAAAAAAAAAAAQIR\/8QAFQEBAQAAAAAAAAAAAAAAAAAAAgH\/xAAWEQEBAQAAAAAAAAAAAAAAAAAAARH\/2gAMAwEAAhEDEQA\/ANaTtU0jqhIejpdZtLq4mtWsjpIUde0NgFAqdpALUMABTj\/\/2Q==');\" loading=\"lazy\" fetchpriority=\"low\" aria-hidden=\"true\" class=\"svelte-1pnmlwx rounded\" onload=\"this.__e=event\" onerror=\"this.__e=event\"\/>R\u00e9action de son avocat<\/p>\n<p>Contact\u00e9 par ICI Provence, l&rsquo;avocat d&rsquo;Hubert Falco, Thierry Fradet, \u00e9crit\u00a0: \u00ab\u00a0Nous avions raison, mais il est trop tard pour revenir en arri\u00e8re. Hubert Falco a purg\u00e9 pendant deux ans une peine d\u2019in\u00e9ligibilit\u00e9 prononc\u00e9e avec ex\u00e9cution provisoire dans des conditions contraires \u00e0 la Constitution. La Cour de cassation rel\u00e8ve express\u00e9ment que la cour d\u2019appel n\u2019a pas justifi\u00e9 sa d\u00e9cision. Quant aux \u00e9lecteurs, ils ont \u00e9t\u00e9 priv\u00e9s de leur maire pourtant \u00e9lu massivement d\u00e8s le premier tour.\u00a0\u00bb<\/p>\n<p>\u00ab\u00a0Il semble \u00eatre d\u00e9sormais d\u2019usage de critiquer publiquement les d\u00e9cisions de justice\u00a0\u00bb, poursuit l&rsquo;avocat, qui ajoute\u00a0: \u00ab\u00a0Nous ne le ferons pas. Je tiens \u00e0 pr\u00e9ciser que nous sommes convaincus que les magistrats qui ont eu \u00e0 se prononcer dans cette affaire l\u2019ont fait en leur \u00e2me et conscience en fonction de ce qui leur \u00e9tait apparu juste.\u00a0\u00bb<\/p>\n<p>Dans cette affaire dite \u00ab\u00a0du frigo\u00a0\u00bb, il est reproch\u00e9 \u00e0 Hubert Falco d&rsquo;avoir notamment\u00a0<a class=\"IciLink ici-link IciArticleLink g-ici-body-regular-1 underline brand svelte-lu7k6w\" href=\"https:\/\/www.francebleu.fr\/infos\/faits-divers-justice\/le-proces-de-hubert-falco-l-ancien-maire-de-toulon-s-est-ouvert-ce-lundi-a-aix-en-provence-dans-l-affaire-du-frigo-2984014\" rel=\"nofollow noopener\" target=\"_blank\">d\u00e9jeun\u00e9 \u00e0 la cantine du Conseil d\u00e9partemental<\/a>\u00a0entre 2015 et 2018, alors qu&rsquo;il n&rsquo;\u00e9tait plus \u00e0 la t\u00eate de la collectivit\u00e9.<\/p>\n<p>Jos\u00e9e Massi rend hommage\u00a0au \u00ab\u00a0plus grand Maire de l\u2019histoire de notre ville\u00a0\u00bb<\/p>\n<p>Dans un long communiqu\u00e9 publi\u00e9 sur les r\u00e9seaux sociaux, la maire actuelle de Toulon <strong>Jos\u00e9e Massi<\/strong> renouvelle \u00ab\u00a0toute son affection\u00a0\u00bb \u00e0 Hubert Falco. \u00ab\u00a0Je pense \u00e0 lui (&#8230;) Je suis convaincue qu\u2019il a \u00e9galement le soutien d\u2019une grande partie de la population toulonnaise, qui l\u2019a \u00e9lu Maire 4 fois, dont 3 fois d\u00e8s le 1er tour\u00a0\u00bb, \u00e9crit Jos\u00e9e Massi pour qui \u00ab\u00a0Hubert Falco est le plus grand Maire de l\u2019histoire de notre ville\u00a0\u00bb, car ce \u00ab\u00a0Maire b\u00e2tisseur\u00a0\u00bb a \u00ab\u00a0transform\u00e9 Toulon comme personne ne l\u2019avait fait auparavant\u00a0\u00bb . \u00ab\u00a0Malgr\u00e9 notre peine, son bilan nous oblige\u00a0\u00bb, conclue celle qui va d\u00e9sormais rester maire de Toulon, sans \u00e9voquer encore la suite dans la sucession d&rsquo;Hubert Falco pour les prochaines \u00e9lections.<\/p>\n<p>Pour le pr\u00e9sident du D\u00e9partement <strong>Jean-Louis Masson<\/strong>, \u00ab\u00a0Hubert Falco s\u2019est engag\u00e9 avec \u00e9nergie au service de son territoire et de ses concitoyens. Cet engagement m\u00e9rite d\u2019\u00eatre reconnu. Je pense aujourd\u2019hui \u00e0 l\u2019homme, \u00e0 l\u2019\u00e9preuve qu\u2019il traverse, et j\u2019ai une pens\u00e9e sinc\u00e8re pour lui et ses proches, qui vivent sans doute cette p\u00e9riode difficile avec beaucoup d&rsquo;\u00e9motion\u00a0\u00bb.<\/p>\n<p>De son c\u00f4t\u00e9, le d\u00e9put\u00e9 du Var Yannick Chenevard \u00e9crit \u00ab\u00a0Cela n&rsquo;efface pas\u00a0l&rsquo;immense travail qu&rsquo;Hubert Falco a accompli avec son \u00e9quipe municipale au service de notre ville.\u00a0\u00bb Sur le r\u00e9seau social X, Renaud Muselier salue lui \u00ab\u00a0un grand maire de Toulon, un grand ministre, toujours au service de son pays et de son territoire.\u00a0\u00bb<\/p>\n<p> Les opposants dans la bataille aux municipales de Toulon<\/p>\n<p>Pour Amaury Navarrane, chef de file de l&rsquo;opposition Rassemblement national \u00e0 la mairie de Toulon, cette d\u00e9cision de la Cour de cassation \u00ab\u00a0cl\u00f4ture cet \u00e9pisode, \u00e7a reste un non-\u00e9pisode. C&rsquo;est juste le cycle judiciaire qui se termine d\u00e9finitivement. Nous sommes pass\u00e9s \u00e0 autre chose depuis deux ans d\u00e9j\u00e0.\u00a0\u00bb L&rsquo;opposant reconna\u00eet quand m\u00eame\u00a0: \u00ab\u00a0Je suis bien triste pour lui parce que je pense qu&rsquo;il aurait aim\u00e9 continuer ce combat politique. Et aujourd&rsquo;hui, on a juste une pens\u00e9e pour l&rsquo;homme.\u00a0\u00bb<\/p>\n<p>\u00c0 gauche aussi, <strong>on reconna\u00eet un homme politique engag\u00e9 pour sa ville<\/strong>. \u00ab\u00a0Monsieur Falco a marqu\u00e9 la vie politique toulonnaise\u00a0\u00bb, t\u00e9moigne\u00a0Magali Brunel, t\u00eate Toulon en commun. Mais \u00e0 un moins d&rsquo;un an des prochaines \u00e9lections municipales, cette d\u00e9cision de justice ravit aussi les oppositions\u00a0: \u00ab\u00a0Forc\u00e9ment, on sent qu&rsquo;une page est tourn\u00e9e. L&rsquo;\u00e8re Falco est aujourd&rsquo;hui termin\u00e9e. Cela va ouvrir en quelque sorte le champ \u00e0 la division qui est d\u00e9j\u00e0 naissante et qui va sans doute s&rsquo;accentuer apr\u00e8s cette d\u00e9cision\u00a0\u00bb, analyse Magali Brunel.<\/p>\n","protected":false},"excerpt":{"rendered":"La Cour de cassation rejette ce mercredi le pourvoi en cassation d&rsquo;Hubert Falco. L&rsquo;ancien maire de Toulon avait&hellip;\n","protected":false},"author":2,"featured_media":309812,"comment_status":"","ping_status":"","sticky":false,"template":"","format":"standard","meta":{"footnotes":""},"categories":[9619],"tags":[1111,11,1777,674,1011,27,12,882,25,2310],"class_list":{"0":"post-309811","1":"post","2":"type-post","3":"status-publish","4":"format-standard","5":"has-post-thumbnail","7":"category-toulon","8":"tag-actu","9":"tag-actualites","10":"tag-eu","11":"tag-europe","12":"tag-fr","13":"tag-france","14":"tag-news","15":"tag-provence-alpes-cote-dazur","16":"tag-republique-francaise","17":"tag-toulon"},"share_on_mastodon":{"url":"https:\/\/pubeurope.com\/@fr\/115005547030413960","error":""},"_links":{"self":[{"href":"https:\/\/www.europesays.com\/fr\/wp-json\/wp\/v2\/posts\/309811","targetHints":{"allow":["GET"]}}],"collection":[{"href":"https:\/\/www.europesays.com\/fr\/wp-json\/wp\/v2\/posts"}],"about":[{"href":"https:\/\/www.europesays.com\/fr\/wp-json\/wp\/v2\/types\/post"}],"author":[{"embeddable":true,"href":"https:\/\/www.europesays.com\/fr\/wp-json\/wp\/v2\/users\/2"}],"replies":[{"embeddable":true,"href":"https:\/\/www.europesays.com\/fr\/wp-json\/wp\/v2\/comments?post=309811"}],"version-history":[{"count":0,"href":"https:\/\/www.europesays.com\/fr\/wp-json\/wp\/v2\/posts\/309811\/revisions"}],"wp:featuredmedia":[{"embeddable":true,"href":"https:\/\/www.europesays.com\/fr\/wp-json\/wp\/v2\/media\/309812"}],"wp:attachment":[{"href":"https:\/\/www.europesays.com\/fr\/wp-json\/wp\/v2\/media?parent=309811"}],"wp:term":[{"taxonomy":"category","embeddable":true,"href":"https:\/\/www.europesays.com\/fr\/wp-json\/wp\/v2\/categories?post=309811"},{"taxonomy":"post_tag","embeddable":true,"href":"https:\/\/www.europesays.com\/fr\/wp-json\/wp\/v2\/tags?post=309811"}],"curies":[{"name":"wp","href":"https:\/\/api.w.org\/{rel}","templated":true}]}}