{"id":309821,"date":"2025-08-10T17:10:35","date_gmt":"2025-08-10T17:10:35","guid":{"rendered":"https:\/\/www.europesays.com\/fr\/309821\/"},"modified":"2025-08-10T17:10:35","modified_gmt":"2025-08-10T17:10:35","slug":"un-homme-de-72-ans-en-urgence-absolue-apres-un-accident-de-voiture-pres-de-rennes","status":"publish","type":"post","link":"https:\/\/www.europesays.com\/fr\/309821\/","title":{"rendered":"Un homme de 72\u00a0ans en urgence absolue apr\u00e8s un accident de voiture pr\u00e8s de Rennes"},"content":{"rendered":"<p>Aux alentours de 20\u00a0h\u00a030, samedi 9\u00a0ao\u00fbt 2025, une voiture a termin\u00e9 sur le toit apr\u00e8s un accident \u00e0 Br\u00e9al-sous-Montfort (Ille-et-Vilaine), \u00e0 proximit\u00e9 du lieu-dit Cossinade, pr\u00e8s de Rennes. C\u2019est \u00e0 l\u2019intersection entre la D69 et la D40\u00a0que le conducteur, un homme de 72\u00a0ans, a perdu le contr\u00f4le du v\u00e9hicule.<\/p>\n<p><strong>Lire aussi\u00a0:<\/strong>\u00a0<a href=\"https:\/\/dinan.maville.com\/actu\/actudet_-un-homme-tue-son-ex-compagne-pres-de-saint-malo-avant-d-etre-abattu-par-un-gendarme-_5-6929936_actu.Htm\" rel=\"nofollow noopener\" target=\"_blank\">Un homme tue son ex-compagne pr\u00e8s de Saint-Malo, avant d\u2019\u00eatre abattu par un gendarme<\/a><\/p>\n<p>Quinze\u00a0sapeurs-pompiers se sont rendus sur place pour secourir la victime, bloqu\u00e9e dans sa voiture. Gri\u00e8vement bless\u00e9, il a \u00e9t\u00e9 transport\u00e9 en urgence absolue \u00e0 l\u2019h\u00f4pital de Rennes.<\/p>\n<p>\u00a0<\/p>\n","protected":false},"excerpt":{"rendered":"Aux alentours de 20\u00a0h\u00a030, samedi 9\u00a0ao\u00fbt 2025, une voiture a termin\u00e9 sur le toit apr\u00e8s un accident \u00e0&hellip;\n","protected":false},"author":2,"featured_media":309822,"comment_status":"","ping_status":"","sticky":false,"template":"","format":"standard","meta":{"footnotes":""},"categories":[2821],"tags":[44963,3084,119,1111,11,1764,829,1777,674,1011,27,4933,12,3762,584,25,4937,3083,4752],"class_list":{"0":"post-309821","1":"post","2":"type-post","3":"status-publish","4":"format-standard","5":"has-post-thumbnail","7":"category-rennes","8":"tag-44963","9":"tag-absolue","10":"tag-accident","11":"tag-actu","12":"tag-actualites","13":"tag-ans","14":"tag-bretagne","15":"tag-eu","16":"tag-europe","17":"tag-fr","18":"tag-france","19":"tag-homme","20":"tag-news","21":"tag-pres","22":"tag-rennes","23":"tag-republique-francaise","24":"tag-saint-brieuc","25":"tag-urgence","26":"tag-voiture"},"share_on_mastodon":{"url":"https:\/\/pubeurope.com\/@fr\/115005582400466176","error":""},"_links":{"self":[{"href":"https:\/\/www.europesays.com\/fr\/wp-json\/wp\/v2\/posts\/309821","targetHints":{"allow":["GET"]}}],"collection":[{"href":"https:\/\/www.europesays.com\/fr\/wp-json\/wp\/v2\/posts"}],"about":[{"href":"https:\/\/www.europesays.com\/fr\/wp-json\/wp\/v2\/types\/post"}],"author":[{"embeddable":true,"href":"https:\/\/www.europesays.com\/fr\/wp-json\/wp\/v2\/users\/2"}],"replies":[{"embeddable":true,"href":"https:\/\/www.europesays.com\/fr\/wp-json\/wp\/v2\/comments?post=309821"}],"version-history":[{"count":0,"href":"https:\/\/www.europesays.com\/fr\/wp-json\/wp\/v2\/posts\/309821\/revisions"}],"wp:featuredmedia":[{"embeddable":true,"href":"https:\/\/www.europesays.com\/fr\/wp-json\/wp\/v2\/media\/309822"}],"wp:attachment":[{"href":"https:\/\/www.europesays.com\/fr\/wp-json\/wp\/v2\/media?parent=309821"}],"wp:term":[{"taxonomy":"category","embeddable":true,"href":"https:\/\/www.europesays.com\/fr\/wp-json\/wp\/v2\/categories?post=309821"},{"taxonomy":"post_tag","embeddable":true,"href":"https:\/\/www.europesays.com\/fr\/wp-json\/wp\/v2\/tags?post=309821"}],"curies":[{"name":"wp","href":"https:\/\/api.w.org\/{rel}","templated":true}]}}