{"id":309823,"date":"2025-08-10T17:11:39","date_gmt":"2025-08-10T17:11:39","guid":{"rendered":"https:\/\/www.europesays.com\/fr\/309823\/"},"modified":"2025-08-10T17:11:39","modified_gmt":"2025-08-10T17:11:39","slug":"lom-pret-pour-rennes-la-reponse-de-de-zerbi","status":"publish","type":"post","link":"https:\/\/www.europesays.com\/fr\/309823\/","title":{"rendered":"L&rsquo;OM pr\u00eat pour Rennes ? La r\u00e9ponse de De Zerbi"},"content":{"rendered":"<p><strong><\/p>\n<p>Apr\u00e8s une pr\u00e9paration estivale globalement r\u00e9ussie (3 victoires, 3 matchs nuls), l\u2019OM lancera officiellement sa saison 2025-26 sur la pelouse de Rennes vendredi prochain.<\/p>\n<p><\/strong><\/p>\n<p>Apr\u00e8s <a href=\"https:\/\/www.footmarseille.com\/127326-lom-finit-sa-preparation-sur-une-victoire-contre-aston-villa\" rel=\"nofollow noopener\" target=\"_blank\">la victoire contre Aston Villa samedi soir au V\u00e9lodrome (3-1),<\/a> le club olympien a encore quelques jours pour peaufiner les derniers d\u00e9tails avant <strong>son d\u00e9placement au Roazhon Park<\/strong> dans le cadre de la 1\u00e8re journ\u00e9e de Ligue 1. Pour Roberto De Zerbi, son \u00e9quipe est pr\u00eate \u00e0 entamer les choses s\u00e9rieuses.<\/p>\n<p>\u00ab\u00a0Oui, nous sommes pr\u00eats. <strong>Le mercato n\u2019est pas fini, d\u2019autres joueurs arriveront et d\u2019autres partiront.<\/strong> On est pr\u00eat. Ce que j\u2019aime, c\u2019est notre attitude. On s\u2019entra\u00eene demain matin (dimanche), on n\u2019a pas le temps de se distraire ni de se rel\u00e2cher. Je suis ici depuis un an maintenant, <strong>j\u2019esp\u00e8re que le niveau d\u2019exigence que je demande restera le m\u00eame<\/strong>\u00ab\u00a0, a pr\u00e9venu le coach marseillais avant de saluer le travail de sa direction.<\/p>\n<p>\u00ab\u00a0Je suis satisfait. On a commenc\u00e9 le 10 juillet, on a tr\u00e8s bien travaill\u00e9, il n\u2019y a pas eu de blessures, tout a \u00e9t\u00e9 tr\u00e8s bien organis\u00e9 par le club. Maintenant, <strong>on a une semaine de pr\u00e9paration intense avant le d\u00e9placement \u00e0 Rennes<\/strong>\u00ab\u00a0, a-t-il conclu.<\/p>\n","protected":false},"excerpt":{"rendered":"Apr\u00e8s une pr\u00e9paration estivale globalement r\u00e9ussie (3 victoires, 3 matchs nuls), l\u2019OM lancera officiellement sa saison 2025-26 sur&hellip;\n","protected":false},"author":2,"featured_media":309824,"comment_status":"","ping_status":"","sticky":false,"template":"","format":"standard","meta":{"footnotes":""},"categories":[2821],"tags":[1111,11,829,1777,674,1011,27,12,584,25],"class_list":{"0":"post-309823","1":"post","2":"type-post","3":"status-publish","4":"format-standard","5":"has-post-thumbnail","7":"category-rennes","8":"tag-actu","9":"tag-actualites","10":"tag-bretagne","11":"tag-eu","12":"tag-europe","13":"tag-fr","14":"tag-france","15":"tag-news","16":"tag-rennes","17":"tag-republique-francaise"},"share_on_mastodon":{"url":"https:\/\/pubeurope.com\/@fr\/115005586391530106","error":""},"_links":{"self":[{"href":"https:\/\/www.europesays.com\/fr\/wp-json\/wp\/v2\/posts\/309823","targetHints":{"allow":["GET"]}}],"collection":[{"href":"https:\/\/www.europesays.com\/fr\/wp-json\/wp\/v2\/posts"}],"about":[{"href":"https:\/\/www.europesays.com\/fr\/wp-json\/wp\/v2\/types\/post"}],"author":[{"embeddable":true,"href":"https:\/\/www.europesays.com\/fr\/wp-json\/wp\/v2\/users\/2"}],"replies":[{"embeddable":true,"href":"https:\/\/www.europesays.com\/fr\/wp-json\/wp\/v2\/comments?post=309823"}],"version-history":[{"count":0,"href":"https:\/\/www.europesays.com\/fr\/wp-json\/wp\/v2\/posts\/309823\/revisions"}],"wp:featuredmedia":[{"embeddable":true,"href":"https:\/\/www.europesays.com\/fr\/wp-json\/wp\/v2\/media\/309824"}],"wp:attachment":[{"href":"https:\/\/www.europesays.com\/fr\/wp-json\/wp\/v2\/media?parent=309823"}],"wp:term":[{"taxonomy":"category","embeddable":true,"href":"https:\/\/www.europesays.com\/fr\/wp-json\/wp\/v2\/categories?post=309823"},{"taxonomy":"post_tag","embeddable":true,"href":"https:\/\/www.europesays.com\/fr\/wp-json\/wp\/v2\/tags?post=309823"}],"curies":[{"name":"wp","href":"https:\/\/api.w.org\/{rel}","templated":true}]}}