{"id":309825,"date":"2025-08-10T17:12:14","date_gmt":"2025-08-10T17:12:14","guid":{"rendered":"https:\/\/www.europesays.com\/fr\/309825\/"},"modified":"2025-08-10T17:12:14","modified_gmt":"2025-08-10T17:12:14","slug":"malgre-un-mois-de-juillet-pluvieux-les-touristes-affluent","status":"publish","type":"post","link":"https:\/\/www.europesays.com\/fr\/309825\/","title":{"rendered":"malgr\u00e9 un mois de juillet pluvieux, les touristes affluent"},"content":{"rendered":"<p>Sur la place de la cath\u00e9drale, \u00e7a parle espagnol, anglais, italien, allemand\u2026 Les boutiques de souvenirs et les ruelles sont bond\u00e9es ce samedi 9\u00a0ao\u00fbt. Avec les fortes chaleurs, les terrasses de restaurants et les glaciers sont pris d\u2019assaut. Le petit train et le \u00ab\u00a0free walking tour\u00a0\u00bb ont aussi beaucoup de succ\u00e8s, en plus des nombreux groupes de touristes <a href=\"https:\/\/www.dna.fr\/culture-loisirs\/2025\/07\/07\/l-office-de-tourisme-lance-son-cycle-de-visites-estivales\" target=\"_blank\" rel=\"nofollow noopener\">qui marchent dans les pas de leur guide<\/a>. Devant la cath\u00e9drale, \u00e7a bouchonne presque pour se faire tirer le portrait. \u00ab\u00a0On sent qu\u2019il fait beau, on a vraiment du monde depuis quelques jours\u00a0\u00bb, se r\u00e9jouit la vendeuse d\u2019une des nombreuses boutiques de souvenirs. \u00ab\u00a0Il y avait peut-\u00eatre un peu moins foule en juillet, mais <a href=\"https:\/\/www.dna.fr\/environnement\/2025\/07\/28\/a-strasbourg-douze-jours-de-pluie-depuis-debut-juillet\" target=\"_blank\" rel=\"nofollow noopener\">avec la pluie<\/a> , les gens se r\u00e9fugiaient dans la boutique, alors la vie continue\u00a0\u00bb, compl\u00e8te-t-elle.<\/p>\n<p>Les visites guid\u00e9es \u00e0 v\u00e9lo ont le vent dans le dos<\/p>\n<p>Petite compagnie de six personnes \u00e0 v\u00e9lo, les voil\u00e0 qui arrivent par la&#8230;<\/p>\n","protected":false},"excerpt":{"rendered":"Sur la place de la cath\u00e9drale, \u00e7a parle espagnol, anglais, italien, allemand\u2026 Les boutiques de souvenirs et les&hellip;\n","protected":false},"author":2,"featured_media":309826,"comment_status":"","ping_status":"","sticky":false,"template":"","format":"standard","meta":{"footnotes":""},"categories":[2820],"tags":[1111,11,1687,33,2880,1777,674,107,1011,27,775,937,12,2661,25,104,640,2879,602],"class_list":{"0":"post-309825","1":"post","2":"type-post","3":"status-publish","4":"format-standard","5":"has-post-thumbnail","7":"category-strasbourg","8":"tag-actu","9":"tag-actualites","10":"tag-culture-loisirs","11":"tag-economie","12":"tag-edition-strasbourg","13":"tag-eu","14":"tag-europe","15":"tag-fil-info","16":"tag-fr","17":"tag-france","18":"tag-grand-est","19":"tag-histoire","20":"tag-news","21":"tag-patrimoine-culturel","22":"tag-republique-francaise","23":"tag-societe","24":"tag-strasbourg","25":"tag-strasbourg-ville","26":"tag-tourisme"},"share_on_mastodon":{"url":"https:\/\/pubeurope.com\/@fr\/115005590323575767","error":""},"_links":{"self":[{"href":"https:\/\/www.europesays.com\/fr\/wp-json\/wp\/v2\/posts\/309825","targetHints":{"allow":["GET"]}}],"collection":[{"href":"https:\/\/www.europesays.com\/fr\/wp-json\/wp\/v2\/posts"}],"about":[{"href":"https:\/\/www.europesays.com\/fr\/wp-json\/wp\/v2\/types\/post"}],"author":[{"embeddable":true,"href":"https:\/\/www.europesays.com\/fr\/wp-json\/wp\/v2\/users\/2"}],"replies":[{"embeddable":true,"href":"https:\/\/www.europesays.com\/fr\/wp-json\/wp\/v2\/comments?post=309825"}],"version-history":[{"count":0,"href":"https:\/\/www.europesays.com\/fr\/wp-json\/wp\/v2\/posts\/309825\/revisions"}],"wp:featuredmedia":[{"embeddable":true,"href":"https:\/\/www.europesays.com\/fr\/wp-json\/wp\/v2\/media\/309826"}],"wp:attachment":[{"href":"https:\/\/www.europesays.com\/fr\/wp-json\/wp\/v2\/media?parent=309825"}],"wp:term":[{"taxonomy":"category","embeddable":true,"href":"https:\/\/www.europesays.com\/fr\/wp-json\/wp\/v2\/categories?post=309825"},{"taxonomy":"post_tag","embeddable":true,"href":"https:\/\/www.europesays.com\/fr\/wp-json\/wp\/v2\/tags?post=309825"}],"curies":[{"name":"wp","href":"https:\/\/api.w.org\/{rel}","templated":true}]}}